{"id":15431,"date":"2020-01-08T22:39:57","date_gmt":"2020-01-08T22:39:57","guid":{"rendered":"https:\/\/redsemlac.com\/semmexico\/?p=15431"},"modified":"2023-07-21T15:18:28","modified_gmt":"2023-07-21T20:18:28","slug":"pide-que-le-devuelvan-a-sus-hijas-y-teme-por-su-vida","status":"publish","type":"post","link":"https:\/\/redsemlac.com\/semmexico\/pide-que-le-devuelvan-a-sus-hijas-y-teme-por-su-vida\/","title":{"rendered":"Pide que le devuelvan a sus hijas y teme por su vida"},"content":{"rendered":"\n<p class=\"wp-block-paragraph\"><strong>* Se separ\u00f3 de su ex pareja, un m\u00e9dico\nmilitar, por violencia familiar<\/strong><\/p>\n\n\n\n<p class=\"wp-block-paragraph\"><strong>* Juez de Edomex le quita a sus hijas y tiene\ntres meses sin verlas<\/strong><\/p>\n\n\n\n<p class=\"wp-block-paragraph\"><strong>Lorena Vaniezcot<\/strong><\/p>\n\n\n\n<p class=\"wp-block-paragraph\">Ciudad de\nM\u00e9xico, a 8 de enero de 2020.- Lorena Guadalupe Mendoza P\u00e9rez denunci\u00f3 que han\npasado siete meses desde que un juez de lo familiar del Estado de M\u00e9xico le\nquit\u00f3 a sus hijas, tras la consumaci\u00f3n del divorcio de su expareja, el m\u00e9dico\nmilitar Ulises Mej\u00eda Gamboa, por violencia familiar, a quien responsabiliza de\ncualquier cosa que pudiera pasarle en adelante.<\/p>\n\n\n\n<p class=\"wp-block-paragraph\">Se\u00f1ala\nque hace tres meses no ha vuelto a ver a sus dos hijas de 10 y 11 a\u00f1os, porque\nsupuestamente las ni\u00f1as se niegan a asistir al Centro de Convivencia Familiar\nde Ecatepec, sin embargo, afirma a SemM\u00e9xico hasta ahora el juzgado no ha hecho\nperitajes sicol\u00f3gicos a las menores que viven con su abuela paterna, a quien se\nle asign\u00f3 la guarda y custodia en mayo de 2019.<\/p>\n\n\n\n<p class=\"wp-block-paragraph\">Lorena\nMendoza sostiene que su mayor temor es no volver a ver a sus hijas, quienes le\nfueron arrebatadas por decisi\u00f3n de la Ministerio P\u00fablico del municipio de\nNaucalpan, Selene Jim\u00e9nez Redondo, ante quien su ex pareja present\u00f3 un audio\ndonde una de las ni\u00f1as se quejaba de su mam\u00e1, lo que bast\u00f3 para que la guarda y\ncustodia pasara a manos de la abuela paterna. <\/p>\n\n\n\n<p class=\"wp-block-paragraph\">En una\ncarta que public\u00f3 en redes sociales, Lorena Mendoza pide apoyo y califica como\n\u201ctramposa y arbitraria\u201d la forma en que el 30 de mayo de 2019 las autoridades\nordenaron quitarle a sus hijas menores de edad, \u201csin elementos suficientemente\ncontundentes, sin las pruebas psicol\u00f3gicas necesarias para determinar que yo\nsoy un peligro para mis hijas\u201d.<\/p>\n\n\n\n<p class=\"wp-block-paragraph\">Se\u00f1ala\nque desde entonces, ni las ni\u00f1as ni ella han sido sometidas a peritajes sicol\u00f3gicos\nque podr\u00edan comprobar que est\u00e1n siendo manipuladas, ya que el padre les ha dado\nuna versi\u00f3n distinta de las razones que llevaron a la separaci\u00f3n de la paraja. <\/p>\n\n\n\n<p class=\"wp-block-paragraph\">Lorena\nMendoza se\u00f1ala que decidi\u00f3 solicitar el divorcio de Ulises Mej\u00eda Gamboa, m\u00e9dico\nmilitar que labora en el Hospital Central Militar,&nbsp; por violencia familiar, incluso, asegura hay\nal menos dos actas previas a la separaci\u00f3n, pese a todo, a ella le quitaron a\nsus hijas quienes viven en la misma casa con la abuela paterna y el padre.<\/p>\n\n\n\n<p class=\"wp-block-paragraph\">La\nprimera denuncia por violencia familiar se encuentra radicada en el Juzgado\nS\u00e9ptimo de Naucalpan, Estado de M\u00e9xico, debido a la violencia familiar sufrida\nen diciembre de 2018 y de la que fueron testigos sus propias hijas.<\/p>\n\n\n\n<p class=\"wp-block-paragraph\">La\nsegunda denuncia se present\u00f3 el 2 de mayo de 2019, tambi\u00e9n por violencia f\u00edsica\ny patrimonial. Afirma que por las lesiones fue atendida en el Hospital Central\nMilitar donde le dieron un Acta de Lesiones que present\u00f3 ante el Ministerio\nP\u00fablico de Naucalpan.<\/p>\n\n\n\n<p class=\"wp-block-paragraph\">\u201cHace\nun par de meses los magistrados que integran la Primera Sala Familiar Regional\nde Tlalnepantla ordenaron al Juez Tercero de lo Familiar de Naucalpan Felipe\n\u00c1lvarez Ch\u00e1vez, admitir mi demanda por violencia familiar, sin embargo no ha\nhabido m\u00e1s resultados\u201d.<\/p>\n\n\n\n<p class=\"wp-block-paragraph\">En una\ncarta que publicada hoy en redes sociales, Lorena Mendoza explica que el 30 de\nmayo pasado pidi\u00f3 al Juez Tercero de lo Familiar de Naucalpan que entrevistara\na las ni\u00f1as, pero se neg\u00f3 ya que ser\u00eda en el momento procesal oportuno, el cual\nhasta hoy no ha llegado y no ha tenido respuesta de ninguna autoridad.<\/p>\n\n\n\n<p class=\"wp-block-paragraph\">Refiere\nque a pesar de las pruebas que ha mostrado sobre su expareja, el m\u00e9dico militar\nest\u00e1 solicitando que le otorgue la guarda y custodia de las dos ni\u00f1as.<\/p>\n\n\n\n<p class=\"wp-block-paragraph\">\u201cMe\ndivorci\u00e9 de Ulises Mej\u00eda Gamboa, no de mis hijas\u201d, dice en la carta que publica\nhoy Lorena Mendoza, quien cuestiona la determinaci\u00f3n de los jueces y de la\nMinisterio P\u00fablica para decidir sobre el destino de sus hijas \u00bfCu\u00e1les son esas\npruebas que determinan que soy un peligro para ellas? <\/p>\n\n\n\n<p class=\"wp-block-paragraph\">Refiere\nadem\u00e1s que le est\u00e1n haciendo da\u00f1o a las ni\u00f1as, quienes hoy no pueden entender\nla magnitud de lo que est\u00e1 pasando y que seguramente afectar\u00e1 sus vidas. \u201cEllas\nson las menos culpables, tambi\u00e9n tienen derecho a que se les haga justicia,\ntambi\u00e9n tienen derecho a ver y convivir con su mam\u00e1, tienen derecho a crecer en\nun ambiente sano, sin la manipulaci\u00f3n psicol\u00f3gica que su padre Ulises Mej\u00eda\nGamboa y su abuela paterna Beatriz Gamboa Victoria, ejercen sobre ellas\u201d.<\/p>\n\n\n\n<p class=\"wp-block-paragraph\">Lorena\nMendoza pide a las autoridades que la escuchen y sostiene que teme por su vida,\nante las amenazas que Mej\u00eda Gamboa siempre le hizo, por lo que lo\nresponsabiliz\u00f3 \u201cde cualquier cosa que me pase a m\u00ed o a mi familia, incluyendo a\nmis hijas\u201d.<\/p>\n\n\n\n<p class=\"wp-block-paragraph\">SEM\/lv\/sj<\/p>\n","protected":false},"excerpt":{"rendered":"<p>Juez de Edomex le quita a sus hijas y tiene tres meses sin verlas<\/p>\n","protected":false},"author":3,"featured_media":15434,"comment_status":"open","ping_status":"open","sticky":false,"template":"","format":"standard","meta":{"_monsterinsights_skip_tracking":false,"footnotes":""},"categories":[691,54],"tags":[],"class_list":["post-15431","post","type-post","status-publish","format-standard","has-post-thumbnail","category-691","category-mujeres"],"_links":{"self":[{"href":"https:\/\/redsemlac.com\/semmexico\/wp-json\/wp\/v2\/posts\/15431","targetHints":{"allow":["GET"]}}],"collection":[{"href":"https:\/\/redsemlac.com\/semmexico\/wp-json\/wp\/v2\/posts"}],"about":[{"href":"https:\/\/redsemlac.com\/semmexico\/wp-json\/wp\/v2\/types\/post"}],"author":[{"embeddable":true,"href":"https:\/\/redsemlac.com\/semmexico\/wp-json\/wp\/v2\/users\/3"}],"replies":[{"embeddable":true,"href":"https:\/\/redsemlac.com\/semmexico\/wp-json\/wp\/v2\/comments?post=15431"}],"version-history":[{"count":0,"href":"https:\/\/redsemlac.com\/semmexico\/wp-json\/wp\/v2\/posts\/15431\/revisions"}],"wp:featuredmedia":[{"embeddable":true,"href":"https:\/\/redsemlac.com\/semmexico\/wp-json\/wp\/v2\/media\/15434"}],"wp:attachment":[{"href":"https:\/\/redsemlac.com\/semmexico\/wp-json\/wp\/v2\/media?parent=15431"}],"wp:term":[{"taxonomy":"category","embeddable":true,"href":"https:\/\/redsemlac.com\/semmexico\/wp-json\/wp\/v2\/categories?post=15431"},{"taxonomy":"post_tag","embeddable":true,"href":"https:\/\/redsemlac.com\/semmexico\/wp-json\/wp\/v2\/tags?post=15431"}],"curies":[{"name":"wp","href":"https:\/\/api.w.org\/{rel}","templated":true}]}}