{"id":15427,"date":"2020-01-08T22:37:52","date_gmt":"2020-01-08T22:37:52","guid":{"rendered":"https:\/\/redsemlac.com\/semmexico\/?p=15427"},"modified":"2023-07-21T15:18:28","modified_gmt":"2023-07-21T20:18:28","slug":"malu-micher-propone-iniciativa-que-faculta-a-consules-expedir-actas-por-reconocimiento-de-identidad-de-genero","status":"publish","type":"post","link":"https:\/\/redsemlac.com\/semmexico\/malu-micher-propone-iniciativa-que-faculta-a-consules-expedir-actas-por-reconocimiento-de-identidad-de-genero\/","title":{"rendered":"Mal\u00fa M\u00edcher propone iniciativa que faculta a c\u00f3nsules expedir actas por reconocimiento de identidad de g\u00e9nero"},"content":{"rendered":"\n<ul class=\"wp-block-list\"><li><strong>Se\u00f1ala que personas mexicanas que se identifican con un g\u00e9nero distinto al asignado en el nacimiento se enfrentan con obst\u00e1culos en el extranjero<\/strong><\/li><li><strong>Dicha iniciativa permitir\u00e1 a las personas transg\u00e9nero ejercer su derecho a la salud, identidad y libre desarrollo<\/strong><\/li><\/ul>\n\n\n\n<p class=\"wp-block-paragraph\"><strong>Redacci\u00f3n<\/strong><\/p>\n\n\n\n<p class=\"wp-block-paragraph\">SemM\u00e9xico. Ciudad de M\u00e9xico. 08 de enero 2020.- La senadora\nmorenista Martha Luc\u00eda M\u00edcher Camarena, del Grupo Parlamentario Morena,\npresent\u00f3 una iniciativa con proyecto de decreto en el que se reforma el\nart\u00edculo 44 de la Ley del Servicio Exterior Mexicano, para facultar a las\npersonas titulares de las oficinas consulares, quienes tambi\u00e9n fungen como juez\ndel Registro Civil, levantar nuevas actas de nacimiento por reconocimiento de\nidentidad de g\u00e9nero.<\/p>\n\n\n\n<p class=\"wp-block-paragraph\">De ese modo, a trav\u00e9s de la iniciativa, suscrita por los\nsenadores Minerva Citlalli Hern\u00e1ndez Mora y Germ\u00e1n Mart\u00ednez C\u00e1zares y que\nprotege los derechos de hombres y mujeres independientemente de su situaci\u00f3n\nmigratoria, M\u00edcher Camarena atiende la necesidad de las personas trans\nmexicanas que no pueden ejercer su derecho a la salud, identidad y libre\ndesarrollo de la personalidad por la falta de una nueva acta que reconozca su\nidentidad de g\u00e9nero.<\/p>\n\n\n\n<p class=\"wp-block-paragraph\">Por lo tanto, con el planteamiento de reforma la fracci\u00f3n\nIII del art\u00edculo 44 establece que \u201c(\u2026) cuando as\u00ed les sea solicitado por las\npersonas interesadas, la autoridad consular (\u2026) expedir\u00e1 actas de registro\ncivil a favor de personas mexicanas con domicilio fuera de territorio nacional,\nincluyendo actas de nacimiento de los que no fueron registrados en su\noportunidad conforme a las disposiciones aplicables o bien de quienes soliciten\nel levantamiento de una nueva acta por reconocimiento de identidad de g\u00e9nero\u201d.<\/p>\n\n\n\n<p class=\"wp-block-paragraph\">M\u00edcher Camarena expuso que en la actualidad las personas\nmexicanas que se identifican con un g\u00e9nero distinto al asignado en el\nnacimiento y que residen en el extranjero se enfrentan con obst\u00e1culos\nimportantes para la operatividad de sus derechos reconocidos en la Constituci\u00f3n\no en los tratados internacionales suscritos por el Estado mexicano, tales como\nla identidad y el libre desarrollo de la personalidad.<\/p>\n\n\n\n<p class=\"wp-block-paragraph\">Tambi\u00e9n sostiene que lo anterior se debe a que la\nnormatividad que rige a los titulares de las oficinas consulares, en sus\nfunciones de jueces y juezas del Registro Civil, no prev\u00e9 la posibilidad de\nlevantar nuevas actas de nacimiento por reconocimiento de identidad de g\u00e9nero.<\/p>\n\n\n\n<p class=\"wp-block-paragraph\">En este sentido, la iniciativa de reforma eliminar\u00e1 la\ndificultad a la que se enfrentan las personas mexicanas que residen en el\nexterior y desean solicitar el levantamiento de una nueva acta por\nreconocimiento de identidad de g\u00e9nero, por lo que podr\u00e1n obtener el documento\nsin tener que trasladarse a alguna entidad dentro del territorio nacional para\nrealizar el tr\u00e1mite, lo cual en muchos de los casos es imposible derivado de su\nsituaci\u00f3n migratoria.<\/p>\n\n\n\n<p class=\"wp-block-paragraph\">Por lo tanto, se trata de una iniciativa basada en tres\nejes, de los cuales el primero es que refuerza el principio garantista de\nnuestra Constituci\u00f3n y ampl\u00eda de forma importante el cat\u00e1logo de derechos\nhumanos vinculantes directamente ante nuestras autoridades, logrando la\nsistematizaci\u00f3n jur\u00eddica de todas aquellas normas que tienen car\u00e1cter\nfundamental por tratarse de derechos humanos y que no se encuentran en el texto\nconstitucional.<\/p>\n\n\n\n<p class=\"wp-block-paragraph\">Los otros ejes son que se encuentra en concordancia con la\nreforma de junio de 2016 al art\u00edculo 44, fracci\u00f3n III, de la Ley del Servicio\nExterior Mexicano, a trav\u00e9s de la cual se estableci\u00f3 que los titulares de las\nOficinas Consulares en sus funciones de jueces del Registro Civil deber\u00e1n\n\u201cprocurar la atenci\u00f3n m\u00e1s amplia de los derechos de los mexicanos en el\nexterior, bajo el principio de no discriminaci\u00f3n\u201d, y que atiende las\nrecomendaciones internacionales como de la Comisi\u00f3n Interamericana de Derechos\nHumanos (CIDH).<\/p>\n\n\n\n<p class=\"wp-block-paragraph\">Cabe destacar que en el Informe sobre Violencia contra\nPersonas Lesbianas, Gay, Bisexuales, Trans e Intersex en Am\u00e9rica de 2015 la\nCIDH sugiri\u00f3 adoptar legislaci\u00f3n o modificar la legislaci\u00f3n existente con miras\na prohibir toda forma de discriminaci\u00f3n que incluya aquella basada en la\norientaci\u00f3n sexual, la identidad de g\u00e9nero y la expresi\u00f3n de g\u00e9nero, las\ncaracter\u00edsticas sexuales o aquellas relacionadas con el hecho de ser intersex.<\/p>\n\n\n\n<p class=\"wp-block-paragraph\">Dicho organismo internacional concluy\u00f3 en 2017 que el cambio\nde nombre, y en general la adecuaci\u00f3n de los registros p\u00fablicos y de los\ndocumentos de identidad, constituye un derecho protegido por la Convenci\u00f3n\nAmericana, y en su informe de 2019 se\u00f1al\u00f3 que las leyes de identidad de g\u00e9nero\ndeben permitir que las personas trans tengan acceso a documentos de identidad\nacorde al g\u00e9nero con el cual se identifican, lo cual deber\u00eda incluir no s\u00f3lo el\ncambio de nombre sino el componente sexo.<\/p>\n\n\n\n<p class=\"wp-block-paragraph\">La senadora M\u00edcher subray\u00f3 que la iniciativa es progresista\ne incluyente ya que considera que todos los derechos humanos son derechos de\ntodas y de todos&nbsp; y permite avanzar en la\nagenda de la igualdad al hacer valer los derechos de cualquier persona mexicana\nen el extranjero, indepedientemente de su identidad de g\u00e9nero o situaci\u00f3n\nmigratoria.<\/p>\n\n\n\n<p class=\"wp-block-paragraph\">SEM\/IL<\/p>\n","protected":false},"excerpt":{"rendered":"<p>Se\u00f1ala que personas mexicanas que se identifican con un g\u00e9nero distinto al asignado en el nacimiento se enfrentan con obst\u00e1culos en el extranjero<\/p>\n","protected":false},"author":3,"featured_media":15429,"comment_status":"open","ping_status":"open","sticky":false,"template":"","format":"standard","meta":{"_monsterinsights_skip_tracking":false,"footnotes":""},"categories":[691,50],"tags":[],"class_list":["post-15427","post","type-post","status-publish","format-standard","has-post-thumbnail","category-691","category-congreso"],"_links":{"self":[{"href":"https:\/\/redsemlac.com\/semmexico\/wp-json\/wp\/v2\/posts\/15427","targetHints":{"allow":["GET"]}}],"collection":[{"href":"https:\/\/redsemlac.com\/semmexico\/wp-json\/wp\/v2\/posts"}],"about":[{"href":"https:\/\/redsemlac.com\/semmexico\/wp-json\/wp\/v2\/types\/post"}],"author":[{"embeddable":true,"href":"https:\/\/redsemlac.com\/semmexico\/wp-json\/wp\/v2\/users\/3"}],"replies":[{"embeddable":true,"href":"https:\/\/redsemlac.com\/semmexico\/wp-json\/wp\/v2\/comments?post=15427"}],"version-history":[{"count":0,"href":"https:\/\/redsemlac.com\/semmexico\/wp-json\/wp\/v2\/posts\/15427\/revisions"}],"wp:featuredmedia":[{"embeddable":true,"href":"https:\/\/redsemlac.com\/semmexico\/wp-json\/wp\/v2\/media\/15429"}],"wp:attachment":[{"href":"https:\/\/redsemlac.com\/semmexico\/wp-json\/wp\/v2\/media?parent=15427"}],"wp:term":[{"taxonomy":"category","embeddable":true,"href":"https:\/\/redsemlac.com\/semmexico\/wp-json\/wp\/v2\/categories?post=15427"},{"taxonomy":"post_tag","embeddable":true,"href":"https:\/\/redsemlac.com\/semmexico\/wp-json\/wp\/v2\/tags?post=15427"}],"curies":[{"name":"wp","href":"https:\/\/api.w.org\/{rel}","templated":true}]}}