{"id":15423,"date":"2020-01-08T18:31:43","date_gmt":"2020-01-08T18:31:43","guid":{"rendered":"https:\/\/redsemlac.com\/semmexico\/?p=15423"},"modified":"2023-07-21T15:18:28","modified_gmt":"2023-07-21T20:18:28","slug":"el-senador-ricardo-monreal-se-pronuncia-por-el-dialogo-y-diplomacia-entre-iran-y-eu","status":"publish","type":"post","link":"https:\/\/redsemlac.com\/semmexico\/el-senador-ricardo-monreal-se-pronuncia-por-el-dialogo-y-diplomacia-entre-iran-y-eu\/","title":{"rendered":"El senador Ricardo Monreal se pronuncia por el di\u00e1logo y diplomacia entre Ir\u00e1n y EU"},"content":{"rendered":"\n<ul class=\"wp-block-list\"><li><em><strong> M\u00e9xico pugnar\u00e1 siempre por la soluci\u00f3n pac\u00edfica de los conflictos internacionales, afirm\u00f3 el senador morenista<\/strong><\/em><\/li><\/ul>\n\n\n\n<p class=\"wp-block-paragraph\"><strong>Redacci\u00f3n <\/strong><\/p>\n\n\n\n<p class=\"wp-block-paragraph\">SemM\u00e9xico. Ciudad de M\u00e9xico. 08 de enero 2019.- M\u00e9xico\npugnar\u00e1 siempre por la soluci\u00f3n pac\u00edfica de los conflictos internacionales,\nafirm\u00f3 Ricardo Monreal \u00c1vila, presidente de la Junta de Coordinaci\u00f3n Pol\u00edtica\ndel Senado de la Rep\u00fablica.<\/p>\n\n\n\n<p class=\"wp-block-paragraph\">Lo anterior, ante el ataque iran\u00ed con misiles a la base militar estadounidense de Al Asad en Irak, el tambi\u00e9n coordinador del Grupo Parlamentario de Morena se pronunci\u00f3 para que el di\u00e1logo se imponga a la violencia y se utilicen los canales institucionales y diplom\u00e1ticos para restablecer la calma.<\/p>\n\n\n\n<p class=\"wp-block-paragraph\">A trav\u00e9s de un mensaje en sus redes sociales, el legislador zacatecano dijo que, ante la escalada del conflicto, este es un momento crucial que marcar\u00e1 el futuro de la tensi\u00f3n y lament\u00f3 el aumento de la violencia, sobre todo por el reporte de p\u00e9rdidas humanas en el ataque. <\/p>\n\n\n\n<p class=\"wp-block-paragraph\">El legislador hizo hincapi\u00e9 en que este incidente incrementa\nla tensi\u00f3n entre los Estados Unidos de Norteam\u00e9rica e Ir\u00e1n, adem\u00e1s de que\nprovoca un desbalance a\u00fan mayor que aleja a ambas naciones de alcanzar un\nacuerdo pac\u00edfico\u201d, expres\u00f3 el coordinador de la Junta de Coordinaci\u00f3n Pol\u00edtica.<\/p>\n\n\n\n<p class=\"wp-block-paragraph\">Manifest\u00f3 que el ataque con misiles se dirigi\u00f3 a la\ninstalaci\u00f3n b\u00e9lica m\u00e1s grande de Estados Unidos en territorio iraqu\u00ed. <\/p>\n\n\n\n<p class=\"wp-block-paragraph\"> Monreal \u00c1vila consider\u00f3 tambi\u00e9n, en el art\u00edculo Medio Oriente: entre el impeachment y la guerra, que en todos los escenarios de posibles conflagraciones mundiales, siempre aparece el Medio Oriente como un detonador potencialmente disruptivo.<\/p>\n\n\n\n<p class=\"wp-block-paragraph\">Escribi\u00f3, contundente que, \u201ctal vez por eso, la semana\npasada, inmediatamente despu\u00e9s del ataque aniquilador contra el general iran\u00ed y\nsegundo hombre fuerte de Ir\u00e1n, Qassem Soleimani, en Bagdad, por parte de los\nEstados Unidos, la percepci\u00f3n extendida que se convirti\u00f3 incluso en tendencia\nmundial fue #WWIII (Tercera Guerra Mundial)\u201d.<\/p>\n\n\n\n<p class=\"wp-block-paragraph\">Es probable que no llegue a tanto este conflicto, pero\ntampoco se puede minimizar en sus efectos, aclar\u00f3 m\u00e1s adelante, e insisti\u00f3 en\nque uno de ellos, el m\u00e1s probable, es que regresen con fuerza los amagos e\nintentos de ataques terroristas directos en la Uni\u00f3n Americana y en objetivos\nde \u00e9sta fuera de su territorio.<\/p>\n\n\n\n<p class=\"wp-block-paragraph\">Ello coloca a M\u00e9xico -a\u00f1adi\u00f3-, en alerta y tensiones altas,\nya que, para muchos grupos del terrorismo internacional, especialmente los de\nMedio Oriente, somos un territorio trampol\u00edn o poroso para el ingreso ilegal a\nEstados Unidos o, incluso, para atentar contra sus instalaciones estrat\u00e9gicas\nen nuestro pa\u00eds, que podr\u00edan ir desde su Embajada, hasta corporativos privados\nemblem\u00e1ticos o inclusive ciudadanos notables asentados o en tr\u00e1nsito por la\nRep\u00fablica Mexicana.<\/p>\n\n\n\n<p class=\"wp-block-paragraph\">Recordemos que cuando el ataque a las Torres Gemelas de NY,\nel 9\/11, las primeras hip\u00f3tesis sobre el ingreso de los comandos que\nperpetraron los atentados se\u00f1alaban un posible tr\u00e1nsito ilegal de los mismos\npor la frontera con M\u00e9xico. Despu\u00e9s se revelar\u00eda que ingresaron de manera legal\npor Canad\u00e1.<\/p>\n\n\n\n<p class=\"wp-block-paragraph\">SEM\/IL<\/p>\n","protected":false},"excerpt":{"rendered":"<p>M\u00e9xico pugnar\u00e1 siempre por la soluci\u00f3n pac\u00edfica de los conflictos internacionales, afirm\u00f3 el senador morenista<\/p>\n","protected":false},"author":3,"featured_media":15424,"comment_status":"open","ping_status":"open","sticky":false,"template":"","format":"standard","meta":{"_monsterinsights_skip_tracking":false,"footnotes":""},"categories":[691,50],"tags":[],"class_list":["post-15423","post","type-post","status-publish","format-standard","has-post-thumbnail","category-691","category-congreso"],"_links":{"self":[{"href":"https:\/\/redsemlac.com\/semmexico\/wp-json\/wp\/v2\/posts\/15423","targetHints":{"allow":["GET"]}}],"collection":[{"href":"https:\/\/redsemlac.com\/semmexico\/wp-json\/wp\/v2\/posts"}],"about":[{"href":"https:\/\/redsemlac.com\/semmexico\/wp-json\/wp\/v2\/types\/post"}],"author":[{"embeddable":true,"href":"https:\/\/redsemlac.com\/semmexico\/wp-json\/wp\/v2\/users\/3"}],"replies":[{"embeddable":true,"href":"https:\/\/redsemlac.com\/semmexico\/wp-json\/wp\/v2\/comments?post=15423"}],"version-history":[{"count":0,"href":"https:\/\/redsemlac.com\/semmexico\/wp-json\/wp\/v2\/posts\/15423\/revisions"}],"wp:featuredmedia":[{"embeddable":true,"href":"https:\/\/redsemlac.com\/semmexico\/wp-json\/wp\/v2\/media\/15424"}],"wp:attachment":[{"href":"https:\/\/redsemlac.com\/semmexico\/wp-json\/wp\/v2\/media?parent=15423"}],"wp:term":[{"taxonomy":"category","embeddable":true,"href":"https:\/\/redsemlac.com\/semmexico\/wp-json\/wp\/v2\/categories?post=15423"},{"taxonomy":"post_tag","embeddable":true,"href":"https:\/\/redsemlac.com\/semmexico\/wp-json\/wp\/v2\/tags?post=15423"}],"curies":[{"name":"wp","href":"https:\/\/api.w.org\/{rel}","templated":true}]}}