{"id":15420,"date":"2020-01-08T18:20:12","date_gmt":"2020-01-08T18:20:12","guid":{"rendered":"https:\/\/redsemlac.com\/semmexico\/?p=15420"},"modified":"2023-07-21T15:18:28","modified_gmt":"2023-07-21T20:18:28","slug":"mujer-y-poder-36","status":"publish","type":"post","link":"https:\/\/redsemlac.com\/semmexico\/mujer-y-poder-36\/","title":{"rendered":"Mujer y Poder"},"content":{"rendered":"\n<h2 class=\"wp-block-heading\"><strong>De vuelta a la realidad <\/strong><\/h2>\n\n\n\n<p class=\"wp-block-paragraph\"><strong>Natalia Vidales\nRodr\u00edguez<\/strong><\/p>\n\n\n\n<p class=\"wp-block-paragraph\">SemM\u00e9xico. 08 de enero 2020.- Pasada\nla guadalupana, las &nbsp;navidades, &nbsp;el A\u00f1o Nuevo, y los Reyes Magos, en el llamado\ntramo vacacional Guadalupe \/Reyes, que fue del 12 de Diciembre al 6 de Enero &nbsp;&nbsp;&nbsp;-en\nque se vale so\u00f1ar con un 2020 mejor-, ya &nbsp;es hora de espabilarnos y&nbsp; &#8211;para luego no desilusionarnos de m\u00e1s&#8211;&nbsp; echarle un vistazo a la terca realidad. &nbsp;<\/p>\n\n\n\n<p class=\"wp-block-paragraph\">Lo anterior no obsta, sino&nbsp; todo lo contrario, para refrendar nuestro ya\nmanifestado deseo de A\u00f1o Nuevo de que evite, como de la peste, a quienes\nintenten trasmitir su pesimismo. Pero, como veremos enseguida, tambi\u00e9n es&nbsp; nueva&nbsp;\nocasi\u00f3n&nbsp; para&nbsp; evitar &nbsp;discutir con personas fan\u00e1ticas, sobre todo en\nmateria pol\u00edtica, &nbsp;por aquello de que\nquienes los rodeen puedan no notar la diferencia entre quien es el aferrado\u2026\ny&nbsp; Usted.&nbsp;\n&nbsp;&nbsp;&nbsp;&nbsp;&nbsp;&nbsp;&nbsp;&nbsp;&nbsp;&nbsp;&nbsp;&nbsp;&nbsp;&nbsp;&nbsp;&nbsp;&nbsp;&nbsp;&nbsp;&nbsp;&nbsp;&nbsp;&nbsp;&nbsp;&nbsp;&nbsp;&nbsp;&nbsp;&nbsp;&nbsp;&nbsp;&nbsp;&nbsp;&nbsp;&nbsp;&nbsp;&nbsp;&nbsp;&nbsp;<\/p>\n\n\n\n<p class=\"wp-block-paragraph\">La esperanza y el &nbsp;optimismo, sobre todo a principios de a\u00f1o, &nbsp;&nbsp;nos &nbsp;&nbsp;hace&nbsp;\nsuponer que el mundo avanza hacia un destino mejor; pero la historia nos\n&nbsp;demuestra otra cosa. Para no ir, por lo\npronto, tan lejos, recordemos que en &nbsp;los\n\u00faltimos cien a\u00f1os se padecieron&nbsp; dos\nguerras mundiales y que la guerra fr\u00eda (con un nuevo rostro) ha regresado al\nnuevo milenio &nbsp;con un equilibrio at\u00f3mico\na\u00fan m\u00e1s fr\u00e1gil que el de mediados del siglo pasado. &nbsp;<\/p>\n\n\n\n<p class=\"wp-block-paragraph\">Salvo el periodo del neol\u00edtico,\nque el influyente antrop\u00f3logo franc\u00e9s L\u00e9vi Srauss y otros estudiosos, ubican\ncomo probablemente la \u00fanica \u00e9poca feliz que haya conocido el ser humano,\nel&nbsp; resto del pasado ( y que hay quien\ndice que siempre fue mejor), &nbsp;nos muestra\nque el devenir ha sido de altas y de bajas,&nbsp;\nrepetidas una y otra vez, &nbsp;en el\ncurso de la Historia; y que la ley de la entrop\u00eda es la norma no solo del\nUniverso f\u00edsico, sino tambi\u00e9n de la sociolog\u00eda ( parad\u00f3jicamente, el mundo &nbsp;&nbsp;tender\u00e1&nbsp;\na &nbsp;ser cada vez&nbsp; m\u00e1s confuso \u00a1para hacerlo posible!). &nbsp;Tal vez por eso los existencialistas se\nrefieran al \u201cahora mismo\u201d&nbsp; y no al pasado\ny mucho menos al porvenir para ser felices. <\/p>\n\n\n\n<p class=\"wp-block-paragraph\">\u00a1Vaya!, ni siquiera en los mismos\n&nbsp;\u00faltimos cien a\u00f1os, cuando la tecnolog\u00eda\nse ha desarrollado exponencialmente como nunca antes, puede hablarse realmente\nde un progreso cabal &nbsp;&#8212; porque, por\ndefinici\u00f3n, se&nbsp; requerir\u00eda que\nllevara&nbsp; aparejada alguna &nbsp;disminuci\u00f3n de la pobreza, de&nbsp; la desigualdad, la discriminaci\u00f3n y&nbsp; la violencia, para as\u00ed calificarlo &#8212; si\nadvertimos, adem\u00e1s, que la producci\u00f3n de bienes ya es inferior y m\u00e1s\nperjudicial que la producci\u00f3n de desechos. <\/p>\n\n\n\n<p class=\"wp-block-paragraph\">No: la idea del Plan Divino que\nincluye &nbsp;a los llamados &nbsp;\u201crenglones torcidos de Dios\u201d y que&nbsp; estar\u00edan&nbsp;\npor detr\u00e1s del lienzo &nbsp;perfecto,\ncada vez m\u00e1s nos hace ver &nbsp;que, en\nrealidad, &nbsp;estamos en el lado equivocado\nde ese tapiz ( es decir, formando parte de los cabos sueltos, &nbsp;de los deshilachos y las hebras retorcidas de\nla parte de atr\u00e1s de tan famoso tapete),&nbsp;\ny no de su parte mostrable. <\/p>\n\n\n\n<p class=\"wp-block-paragraph\">Cuando Hirohito fue felicitado\npor su ingenio&nbsp; al atacar &nbsp;Pearl Harbor, con la cual los Estados Unidos entraron\na la Segunda Guerra Mundial,&nbsp; respondi\u00f3\nque si en verdad fuera un hombre inteligente hubiera encontrado la f\u00f3rmula para\nevitar la guerra ( y &nbsp;Harry S. Truman,\npor su parte, opin\u00f3 lo mismo luego de mandar las bombas at\u00f3micas sobre Jap\u00f3n). <\/p>\n\n\n\n<p class=\"wp-block-paragraph\">El ser humano, pues, no\ntiene&nbsp; mayor intelecto para hacer lo\ncorrecto (pero s\u00ed lo conveniente, que es otra cosa), &nbsp;aforismo que se demuestra por el estado &nbsp;del mundo actual ( y del anterior y\nseguramente que del que vendr\u00e1).<\/p>\n\n\n\n<p class=\"wp-block-paragraph\">Recientemente se public\u00f3 el libro\n<em>Las Leyes Fundamentales de la Estupidez Humana,<\/em> de Carlo M. Cippola (una\nespecie de zaga literaria del tambi\u00e9n italiano Oliviero Ponte di Pino, moderno\nprecursor de ese persistente g\u00e9nero), el cual nos conduce a que solo podemos\nvencer la concupiscencia al error (e incluso a la maldad) mediante la\nperseverancia, la instrucci\u00f3n, y la correcci\u00f3n en el actuar, exigible tanto en\nlo personal como en lo colectivo. Ah\u00ed es, como apunt\u00f3&nbsp; Plat\u00f3n&nbsp;\nhace siglos,&nbsp; donde hay que\naplicarse.<\/p>\n\n\n\n<p class=\"wp-block-paragraph\">La estupidez, se podr\u00eda concluir\nde la lectura de Cippola, no es un error de la creaci\u00f3n, sino un elemento de\nella y, en consecuencia, pulula por doquier. Pero, desde luego,&nbsp; hace m\u00e1s da\u00f1o colectivo cuando la ejercitan\nlos pol\u00edticos, particularmente los demagogos y los populistas.&nbsp; Por lo tanto debemos evitar que los estultos,\npas\u00e1ndose de listos, lleguen al poder\u2026.una tarea que se ha vuelto dif\u00edcil luego\nde que los pol\u00edticos tradicionales no dieron el ancho y no le dejaron a la ciudadan\u00eda\nmayores alternativas. <\/p>\n\n\n\n<p class=\"wp-block-paragraph\">As\u00ed, como Hirohito,&nbsp; al menos deber\u00edan de reconocer su falta de\ninteligencia, &nbsp;antes de pedir que se\nvuelva a confiar en ellos. Aunque tal vez ya sea un poco tarde: lo que se ve\nvenir son Movimientos sociales con nuevos l\u00edderes,&nbsp; en sustituci\u00f3n de la partidocracia que ya\nhuele a prehist\u00f3rica.&nbsp; <\/p>\n","protected":false},"excerpt":{"rendered":"<p>De vuelta a la realidad <\/p>\n","protected":false},"author":3,"featured_media":15421,"comment_status":"open","ping_status":"open","sticky":false,"template":"","format":"standard","meta":{"_monsterinsights_skip_tracking":false,"footnotes":""},"categories":[691,100,72],"tags":[],"class_list":["post-15420","post","type-post","status-publish","format-standard","has-post-thumbnail","category-691","category-mujer-y-poder","category-natalia-vidales"],"_links":{"self":[{"href":"https:\/\/redsemlac.com\/semmexico\/wp-json\/wp\/v2\/posts\/15420","targetHints":{"allow":["GET"]}}],"collection":[{"href":"https:\/\/redsemlac.com\/semmexico\/wp-json\/wp\/v2\/posts"}],"about":[{"href":"https:\/\/redsemlac.com\/semmexico\/wp-json\/wp\/v2\/types\/post"}],"author":[{"embeddable":true,"href":"https:\/\/redsemlac.com\/semmexico\/wp-json\/wp\/v2\/users\/3"}],"replies":[{"embeddable":true,"href":"https:\/\/redsemlac.com\/semmexico\/wp-json\/wp\/v2\/comments?post=15420"}],"version-history":[{"count":0,"href":"https:\/\/redsemlac.com\/semmexico\/wp-json\/wp\/v2\/posts\/15420\/revisions"}],"wp:featuredmedia":[{"embeddable":true,"href":"https:\/\/redsemlac.com\/semmexico\/wp-json\/wp\/v2\/media\/15421"}],"wp:attachment":[{"href":"https:\/\/redsemlac.com\/semmexico\/wp-json\/wp\/v2\/media?parent=15420"}],"wp:term":[{"taxonomy":"category","embeddable":true,"href":"https:\/\/redsemlac.com\/semmexico\/wp-json\/wp\/v2\/categories?post=15420"},{"taxonomy":"post_tag","embeddable":true,"href":"https:\/\/redsemlac.com\/semmexico\/wp-json\/wp\/v2\/tags?post=15420"}],"curies":[{"name":"wp","href":"https:\/\/api.w.org\/{rel}","templated":true}]}}