{"id":15413,"date":"2020-01-08T18:03:41","date_gmt":"2020-01-08T18:03:41","guid":{"rendered":"https:\/\/redsemlac.com\/semmexico\/?p=15413"},"modified":"2023-07-21T15:18:28","modified_gmt":"2023-07-21T20:18:28","slug":"oaxaca-116","status":"publish","type":"post","link":"https:\/\/redsemlac.com\/semmexico\/oaxaca-116\/","title":{"rendered":"Fallece \u201cNa Rosita\u201d, \u00edcono de la reconstrucci\u00f3n tras sismo en Oaxaca"},"content":{"rendered":"\n<ul class=\"wp-block-list\"><li><strong>Dej\u00f3 por\nherencia su sonrisa dibujada en el rostro, la misma con la que recibi\u00f3 a\npropios y visitantes cuando la encontraba en el mercado donde vend\u00eda flores<\/strong><\/li><\/ul>\n\n\n\n<p class=\"wp-block-paragraph\"><strong>Patricia Brise\u00f1o<\/strong><\/p>\n\n\n\n<p class=\"wp-block-paragraph\">SemM\u00e9xico. OAXACA, Oax. 08 de enero 2020.- &nbsp;Rosal\u00eda Vicente de la Cruz \u00abNa\nRosita\u00bb, personaje emblem\u00e1tico e icono de la reconstrucci\u00f3n del sismo hace\ntres a\u00f1os, falleci\u00f3 a los 78 a\u00f1os de edad,&nbsp;\ndej\u00f3 por herencia su sonrisa dibujada en el rostro, la misma con la que\nrecibi\u00f3 a propios y visitantes cuando la encontraba en el mercado donde vend\u00eda\nflores, en las calles de Uni\u00f3n Hidalgo, tambi\u00e9n conocido cari\u00f1osamente como\nRanchu Gubi\u00f1a.<\/p>\n\n\n\n<p class=\"wp-block-paragraph\">Ella, fue la primera que acept\u00f3 la propuesta del Colectivo\nBinni Cubi (gente nueva) que consisti\u00f3 en permitir que estos artistas urbanos\nplasmaran su rostro en un muro de la Avenida 21 de Marzo,&nbsp; de esta municipalidad zapoteca, de la regi\u00f3n\ndel Istmo.<\/p>\n\n\n\n<figure class=\"wp-block-image\"><img loading=\"lazy\" decoding=\"async\" width=\"720\" height=\"540\" src=\"https:\/\/redsemlac.com\/semmexico\/wp-content\/uploads\/2020\/01\/WhatsApp-Image-2020-01-08-at-9.26.50-AM.jpeg\" alt=\"\" class=\"wp-image-15415\"\/><\/figure>\n\n\n\n<p class=\"wp-block-paragraph\">&nbsp;\u201cTal vez si \u201cNa\nRosita\u201d se hubiera negado desde un principio no habr\u00edamos pintado ninguno de\nlos murales\u201d, coment\u00f3 uno artistas urbanos del Colectivo.<\/p>\n\n\n\n<p class=\"wp-block-paragraph\">&nbsp;\u201cPero, cuando le\nplaticamos de lo que se trataba, y con una sonrisa sinti\u00f3 la aprobaci\u00f3n de su\nesposo, no dud\u00f3 en aceptar y dejarse tomar las fotos que necesit\u00e1bamos, para\nluego pintarla en la avenida\u201d.<\/p>\n\n\n\n<p class=\"wp-block-paragraph\">&nbsp;\u201cEso nos ayud\u00f3 a\ncreer que podr\u00edamos encontrar a muchos personajes que quisieran ser pintados,\ncomo parte del proyecto cultural zapoteco, \u201cNuestros abuelos, nuestras ra\u00edces\u201d,\ndijo.<\/p>\n\n\n\n<p class=\"wp-block-paragraph\">A pesar de las vicisitudes de la naturaleza como ocurri\u00f3 en\nel terremoto del siete de&nbsp; septiembre de\n2017, cuando se vino abajo una parte del mural donde fijaron su rostro, pero\nque qued\u00f3 en pie su sonrisa; actualmente, son 11 murales en igual n\u00famero de\nparedes de las viviendas de Uni\u00f3n Hidalgo.<\/p>\n\n\n\n<p class=\"wp-block-paragraph\">\u201cNa Rosita\u201d falleci\u00f3 justo al cumplirse&nbsp; los primeros 40 d\u00edas del deceso de su\ncompa\u00f1ero de vida y padre de sus hijos, su esposo \u00abTa Noque\u00bb. <\/p>\n\n\n\n<p class=\"wp-block-paragraph\">El fallecimiento de esta guerrera zapoteca, icono de la\nreconstrucci\u00f3n, cuyo rostro se viraliz\u00f3 a partir de los primeros recorridos que\nrealiz\u00f3 la prensa por Uni\u00f3n Hidalgo, cuando los habitantes atravesaban por el\ndesasosiego y el abandono a causa de la p\u00e9rdida de vidas humanas y del\npatrimonio.<\/p>\n\n\n\n<p class=\"wp-block-paragraph\">Su muerte constern\u00f3 a muchos, hayan o no interactuado con ella. \u201cNa Rosita\u201d fue parte de pueblo de Oaxaca, por su gesto amable, por su rostro apacible, pero ante todo fue s\u00edmbolo de la reconstrucci\u00f3n.<\/p>\n","protected":false},"excerpt":{"rendered":"<p>Dej\u00f3 por herencia su sonrisa dibujada en el rostro, la misma con la que recibi\u00f3 a propios y visitantes cuando la encontraba en el mercado donde vend\u00eda flores<\/p>\n","protected":false},"author":3,"featured_media":15414,"comment_status":"open","ping_status":"open","sticky":false,"template":"","format":"standard","meta":{"_monsterinsights_skip_tracking":false,"footnotes":""},"categories":[691,54],"tags":[],"class_list":["post-15413","post","type-post","status-publish","format-standard","has-post-thumbnail","category-691","category-mujeres"],"_links":{"self":[{"href":"https:\/\/redsemlac.com\/semmexico\/wp-json\/wp\/v2\/posts\/15413","targetHints":{"allow":["GET"]}}],"collection":[{"href":"https:\/\/redsemlac.com\/semmexico\/wp-json\/wp\/v2\/posts"}],"about":[{"href":"https:\/\/redsemlac.com\/semmexico\/wp-json\/wp\/v2\/types\/post"}],"author":[{"embeddable":true,"href":"https:\/\/redsemlac.com\/semmexico\/wp-json\/wp\/v2\/users\/3"}],"replies":[{"embeddable":true,"href":"https:\/\/redsemlac.com\/semmexico\/wp-json\/wp\/v2\/comments?post=15413"}],"version-history":[{"count":0,"href":"https:\/\/redsemlac.com\/semmexico\/wp-json\/wp\/v2\/posts\/15413\/revisions"}],"wp:featuredmedia":[{"embeddable":true,"href":"https:\/\/redsemlac.com\/semmexico\/wp-json\/wp\/v2\/media\/15414"}],"wp:attachment":[{"href":"https:\/\/redsemlac.com\/semmexico\/wp-json\/wp\/v2\/media?parent=15413"}],"wp:term":[{"taxonomy":"category","embeddable":true,"href":"https:\/\/redsemlac.com\/semmexico\/wp-json\/wp\/v2\/categories?post=15413"},{"taxonomy":"post_tag","embeddable":true,"href":"https:\/\/redsemlac.com\/semmexico\/wp-json\/wp\/v2\/tags?post=15413"}],"curies":[{"name":"wp","href":"https:\/\/api.w.org\/{rel}","templated":true}]}}