{"id":15410,"date":"2020-01-08T03:35:07","date_gmt":"2020-01-08T03:35:07","guid":{"rendered":"https:\/\/redsemlac.com\/semmexico\/?p=15410"},"modified":"2023-07-21T15:18:28","modified_gmt":"2023-07-21T20:18:28","slug":"alamos-gold-reactiva-trabajos-de-exploracion-donde-se-pretende-instalar-mina-a-cielo-abierto","status":"publish","type":"post","link":"https:\/\/redsemlac.com\/semmexico\/alamos-gold-reactiva-trabajos-de-exploracion-donde-se-pretende-instalar-mina-a-cielo-abierto\/","title":{"rendered":"Alamos Gold reactiva trabajos de exploraci\u00f3n donde se pretende instalar mina a cielo abierto"},"content":{"rendered":"\n<ul class=\"wp-block-list\"><li><strong>Pueblos responden con caravanas\u00a0informativas impulsadas desde la iglesia cat\u00f3lica<\/strong><\/li><\/ul>\n\n\n\n<p class=\"wp-block-paragraph\"><strong>Estrella Pedroza<\/strong><\/p>\n\n\n\n<p class=\"wp-block-paragraph\">SemM\u00e9xico. Morelos. 7 de enero de 2019.- La empresa canadiense Alamos Gold&nbsp; reactiv\u00f3&nbsp; trabajos de exploraci\u00f3n,&nbsp; sin contar con permisos,&nbsp; para detectar pozos de agua, necesaria para la operaci\u00f3n de la mina a cielo abierto&nbsp; que pretenden poner en funcionamiento en la zonas sur poniente de Morelos\u201d, denunciaron integrantes del Movimiento Morelense contra la Miner\u00eda T\u00f3xica por Metales.<\/p>\n\n\n\n<p class=\"wp-block-paragraph\">Desde el 2016 la empresa canadiense,&nbsp; primero bajo el nombre de Esperanza Silver&nbsp; y ahora como Alamos Gold,&nbsp; ha buscado poner en funcionamiento una mina, a solo 1.5&nbsp; kil\u00f3metros de la zona arqueol\u00f3gica de Xochicalco considerada por la UNESCO patrimonio de la humanidad, para extraer oro, antimonio ars\u00e9nico y mercurio.<\/p>\n\n\n\n<p class=\"wp-block-paragraph\">Sin embargo, en junio de ese a\u00f1o la Secretar\u00eda de Medio Ambiente y Recursos Naturales (Semarnat) neg\u00f3 la carta de impacto ambiental&nbsp; y se enfrent\u00f3 a una lucha social y jur\u00eddica que desde entonces mantienen paralizados los trabajos.<\/p>\n\n\n\n<p class=\"wp-block-paragraph\">En conferencia de prensa,&nbsp; detallaron que&nbsp; \u201cdesde hace dos semanas\u201d, habitantes de las comunidades de Tetlama y del Cuentepec, \u201cdetectaron a cuadrillas de trabajadores de la empresa Alamos Gold, antes Esperanza Silver, realizando actividades de exploraci\u00f3n&nbsp; para detectar los pozos pero no cuentan con permisos de explotaci\u00f3n de pozos\u201d, destac\u00f3 ,Antonio Camacho, ejidatario de la comunidad de Alpuyeca.<\/p>\n\n\n\n<p class=\"wp-block-paragraph\">Esta situaci\u00f3n enciende alarmas en las comunidades&nbsp; de los&nbsp; municipios de Miacatl\u00e1n, Xochitepec Temixco y Cuernavaca, donde de concretarse el funcionamiento de la mina advierten tendr\u00e1&nbsp; afectaci\u00f3n directa.<\/p>\n\n\n\n<p class=\"wp-block-paragraph\">\u201cEllos siguen haciendo sus trabajos de exploraciones&nbsp; y no han hecho el trabajo de explotaci\u00f3n pero de exploraci\u00f3n si y eso nos preocupa porque no sabemos en qu\u00e9 momento ellos van a llegar con su maquinaria y empezar a devastar\u201c, agreg\u00f3.<\/p>\n\n\n\n<p class=\"wp-block-paragraph\">Hasta&nbsp; ahora el&nbsp; Movimiento Morelense contra la Miner\u00eda T\u00f3xica por Metales ha solicitado informaci\u00f3n a la CONAGUA y la SEMARNAT informaci\u00f3n para&nbsp; saber si existen permisos para la empresa canadiense y la&nbsp; respuesta otorgada es que no tiene ning\u00fan tipo de permisos.<\/p>\n\n\n\n<p class=\"wp-block-paragraph\">Todo esto ocurre, despu\u00e9s de que el presidente de la republica&nbsp; Andr\u00e9s Manuel L\u00f3pez&nbsp; Obrador declarara que existe apertura para realizar en el pa\u00eds proyectos mineros y extractivitas.<\/p>\n\n\n\n<p class=\"wp-block-paragraph\">Por lo que observan que \u201centre la minera&nbsp; y las&nbsp; autoridades&nbsp; estatales y&nbsp; federales, parece ser, que hay ciertos acuerdos porque les&nbsp; est\u00e1n dando facilidades a la minera para que sigan haciendo las cosas que quieren hacer\u201c, sostuvo, Sa\u00fal Roque Morales, miembro del Consejo de Pueblos y de la Asamblea Permanente de Pueblos.<\/p>\n\n\n\n<p class=\"wp-block-paragraph\">Tambi\u00e9n, denunci\u00f3 que Alamos Gold ha iniciado&nbsp; una campa\u00f1a medi\u00e1tica, \u201cen la que invierte recursos millonarios, comprando espacios en medios grandes e importantes en Morelos como la Jornada Morelos para&nbsp; difundir informaci\u00f3n err\u00f3nea de los supuestos beneficios que traer\u00e1 la minera a la entidad y tambi\u00e9n est\u00e1 invirtiendo grandes cantidades para comprar conciencias \u201d.<\/p>\n\n\n\n<p class=\"wp-block-paragraph\">Ante&nbsp;&nbsp;la reactivaci\u00f3n de lo que llaman&nbsp;&nbsp;\u201cuna emergencia&nbsp;&nbsp;ambiental\u201d,&nbsp;&nbsp;los&nbsp;integrantes del Movimiento Morelense contra la Miner\u00eda T\u00f3xica por Metales informaron&nbsp;&nbsp;que emprender\u00e1n&nbsp;&nbsp;caravanas informativas en las comunidades de todo el estado, mismas que ser\u00e1 apoyada por las iglesias.<\/p>\n\n\n\n<p class=\"wp-block-paragraph\">\u201cLa iglesia&nbsp; est\u00e1&nbsp; en contra de la explotaci\u00f3n de minas y desde la&nbsp; iglesia cat\u00f3lica&nbsp; daremos acompa\u00f1amiento a ellos&nbsp; (al movimiento contra la mina)&nbsp; y yo desde el pulpito hacer conciencia a la gente para que se ponga a favor de la vida\u201d, explic\u00f3 Abel Guadarrama, p\u00e1rroco de Miacatl\u00e1n.<\/p>\n\n\n\n<p class=\"wp-block-paragraph\">La jornada informativa se concretara mediante la pastoral social de la iglesia cat\u00f3lica que consistir\u00e1 en realizar&nbsp; convocatorias por zonas en la entidad para que reciban a la caravana informativa, que ser\u00e1 asistida por p\u00e1rroco y gu\u00edas espirituales.<\/p>\n\n\n\n<p class=\"wp-block-paragraph\">La primera actividad planeada&nbsp; es realizar presentaciones al presbiterio&nbsp; para que los p\u00e1rrocos y sacerdotes conozcan el impacto social y ambiental y posteriormente ellos bajen la informaci\u00f3n a la poblaci\u00f3n.<\/p>\n\n\n\n<p class=\"wp-block-paragraph\">La conferencia&nbsp; fue respaldada por diversos movimientos sociales como el Frente de Pueblos en Defensa de la Tierra, el Aire y el Agua Morelos.<\/p>\n","protected":false},"excerpt":{"rendered":"<p>Pueblos responden con caravanas informativas impulsadas desde la iglesia cat\u00f3lica<\/p>\n","protected":false},"author":3,"featured_media":15411,"comment_status":"open","ping_status":"open","sticky":false,"template":"","format":"standard","meta":{"_monsterinsights_skip_tracking":false,"footnotes":""},"categories":[691,52],"tags":[],"class_list":["post-15410","post","type-post","status-publish","format-standard","has-post-thumbnail","category-691","category-hombres"],"_links":{"self":[{"href":"https:\/\/redsemlac.com\/semmexico\/wp-json\/wp\/v2\/posts\/15410","targetHints":{"allow":["GET"]}}],"collection":[{"href":"https:\/\/redsemlac.com\/semmexico\/wp-json\/wp\/v2\/posts"}],"about":[{"href":"https:\/\/redsemlac.com\/semmexico\/wp-json\/wp\/v2\/types\/post"}],"author":[{"embeddable":true,"href":"https:\/\/redsemlac.com\/semmexico\/wp-json\/wp\/v2\/users\/3"}],"replies":[{"embeddable":true,"href":"https:\/\/redsemlac.com\/semmexico\/wp-json\/wp\/v2\/comments?post=15410"}],"version-history":[{"count":0,"href":"https:\/\/redsemlac.com\/semmexico\/wp-json\/wp\/v2\/posts\/15410\/revisions"}],"wp:featuredmedia":[{"embeddable":true,"href":"https:\/\/redsemlac.com\/semmexico\/wp-json\/wp\/v2\/media\/15411"}],"wp:attachment":[{"href":"https:\/\/redsemlac.com\/semmexico\/wp-json\/wp\/v2\/media?parent=15410"}],"wp:term":[{"taxonomy":"category","embeddable":true,"href":"https:\/\/redsemlac.com\/semmexico\/wp-json\/wp\/v2\/categories?post=15410"},{"taxonomy":"post_tag","embeddable":true,"href":"https:\/\/redsemlac.com\/semmexico\/wp-json\/wp\/v2\/tags?post=15410"}],"curies":[{"name":"wp","href":"https:\/\/api.w.org\/{rel}","templated":true}]}}