{"id":15397,"date":"2020-01-08T00:44:40","date_gmt":"2020-01-08T00:44:40","guid":{"rendered":"https:\/\/redsemlac.com\/semmexico\/?p=15397"},"modified":"2023-07-21T15:18:29","modified_gmt":"2023-07-21T20:18:29","slug":"oaxaca-114","status":"publish","type":"post","link":"https:\/\/redsemlac.com\/semmexico\/oaxaca-114\/","title":{"rendered":"Crea el C-Mujer Biblioteca Comunitaria en Valdeflores, Oaxaca"},"content":{"rendered":"\n<p class=\"wp-block-paragraph\"><strong>* <\/strong><strong>&nbsp;<\/strong><strong>Promueven de forma gratuita el inter\u00e9s por la\nlectura en ni\u00f1as, ni\u00f1os y adolescentes<\/strong><\/p>\n\n\n\n<p class=\"wp-block-paragraph\"><strong>* Lleva el nombre de la feminista Margarita\nDalton<\/strong><\/p>\n\n\n\n<p class=\"wp-block-paragraph\"><strong>Redacci\u00f3n&nbsp;<\/strong><\/p>\n\n\n\n<p class=\"wp-block-paragraph\">SemM\u00e9xico, Valdeflores, Oaxaca, 7 de enero 2020.- Resultado de la\nintervenci\u00f3n social que realiz\u00f3 la Universidad Tecnol\u00f3gica de los Valles\nCentrales de Oaxaca (UTVCO) a trav\u00e9s del Centro Universitario para el Liderazgo\nde la Mujer (C-Mujer) en la agencia municipal de Valdeflores, se entreg\u00f3 la\nBiblioteca Comunitaria \u201cDra. Margarita Dalton Palomo\u201d, que beneficiar\u00e1 a m\u00e1s de\nmil habitantes de la poblaci\u00f3n perteneciente a Zimatl\u00e1n de \u00c1lvarez.<\/p>\n\n\n\n<p class=\"wp-block-paragraph\">El trabajo realizado por j\u00f3venes universitarias integrantes de las\ncinco generaciones del C-Mujer, tiene como objetivo, promover la lectura\nprincipalmente en ni\u00f1as, ni\u00f1os y adolescentes de esta localidad.<\/p>\n\n\n\n<ul class=\"wp-block-gallery columns-2 is-cropped wp-block-gallery-1 is-layout-flex wp-block-gallery-is-layout-flex\"><li class=\"blocks-gallery-item\"><figure><img decoding=\"async\" src=\"https:\/\/redsemlac.com\/semmexico\/wp-content\/uploads\/2020\/01\/BIBLIOTECA-UTVCO-3-1024x683.jpeg\" alt=\"\" data-id=\"15400\" data-link=\"https:\/\/redsemlac.com\/semmexico\/?attachment_id=15400\" class=\"wp-image-15400\"\/><\/figure><\/li><li class=\"blocks-gallery-item\"><figure><img decoding=\"async\" src=\"https:\/\/redsemlac.com\/semmexico\/wp-content\/uploads\/2020\/01\/BIBLIOTECA-UTVCO-1-1024x683.jpeg\" alt=\"\" data-id=\"15398\" data-link=\"https:\/\/redsemlac.com\/semmexico\/?attachment_id=15398\" class=\"wp-image-15398\"\/><\/figure><\/li><\/ul>\n\n\n\n<p class=\"wp-block-paragraph\">Durante la actividad de inauguraci\u00f3n la rectora de la UTVCO, Nydia\nDelhi Mata S\u00e1nchez, manifest\u00f3 que este espacio forma parte de la Red de\nBibliotecas Comunitarias que gestiona el C-Mujer mediante la donaci\u00f3n de libros\npor parte de instituciones educativas, organizaciones sociales y sociedad\ncivil, en conjunto con la autoridad de la agencia, para habilitar espacios que\npermitan la consulta de libros, la lectura y el desarrollo de nuevas\nhabilidades a partir de diversas din\u00e1micas.<\/p>\n\n\n\n<p class=\"wp-block-paragraph\">\u201cEl CMUJER es un programa que se cre\u00f3 en el 2014, mediante la\ncolaboraci\u00f3n binacional con la Fundaci\u00f3n Womens International Leadership and\nLearning, con sede en Portland, Estados Unidos. Desde su creaci\u00f3n, sus acciones\nde emprendimiento social han beneficiado a m\u00e1s de 3 mil personas, de manera\ndirecta\u201d.<\/p>\n\n\n\n<p class=\"wp-block-paragraph\">La rectora destac\u00f3 el compromiso social de la comunidad universitaria\npara contribuir al progreso de agencias y municipios de Oaxaca. Afirm\u00f3 que\ndesde las aulas se vincula a j\u00f3venes estudiantes con la realidad social y\necon\u00f3mica del estado, con la finalidad de impulsar emprendimiento social e\ninnovaci\u00f3n tecnol\u00f3gica que d\u00e9 respuesta de forma innovadora a las necesidades\nde la entidad.<\/p>\n\n\n\n<p class=\"wp-block-paragraph\">El agente municipal de Valdeflores, Sergio Gonz\u00e1lez G\u00f3mez, dijo que el\nbeneficio de tener acceso al conocimiento, lecturas y actividades que estimulen\nla creatividad, permitir\u00e1 un mejor desarrollo en ni\u00f1as y ni\u00f1os.<\/p>\n\n\n\n<p class=\"wp-block-paragraph\">Por su parte la coordinadora del C-Mujer, Miriam Cruz Ram\u00edrez, explic\u00f3\nque es la segunda biblioteca que se entrega en la entidad, antecediendo la\nBiblioteca Infantil \u201cArcelia Ya\u00f1iz\u201d realizada en San Marcos Tlapazola,\nTlacolula, que beneficia a m\u00e1s de 150 ni\u00f1as y ni\u00f1os de la Escuela Primaria\n\u201cMinerva\u201d.<\/p>\n\n\n\n<p class=\"wp-block-paragraph\">\u201cEsto es resultado de un trabajo en conjunto, en el que j\u00f3venes\nuniversitarias dedicaron tiempo y esfuerzo para habilitar el \u00e1rea que permitir\u00e1\na la comunidad impulsar h\u00e1bitos de lectura. Son 136 libros con los que la\nBiblioteca Comunitaria inicia, sin embargo, continuar\u00e1n las gestiones para\nincrementar el acervo bibliogr\u00e1fico\u201d.<\/p>\n\n\n\n<p class=\"wp-block-paragraph\">El espacio de fomento a la lectura estar\u00e1 disponible para el p\u00fablico\nen general los d\u00edas jueves y viernes en un horario de 17:00 a 19:00 horas, en\ninstalaciones que se ubican a un costado de la Agencia Municipal de\nValdeflores.<\/p>\n\n\n\n<p class=\"wp-block-paragraph\">SEM\/sj<\/p>\n","protected":false},"excerpt":{"rendered":"<p>Lleva el nombre de la feminista Margarita Dalton<\/p>\n","protected":false},"author":3,"featured_media":15399,"comment_status":"open","ping_status":"open","sticky":false,"template":"","format":"standard","meta":{"_monsterinsights_skip_tracking":false,"footnotes":""},"categories":[691,54],"tags":[],"class_list":["post-15397","post","type-post","status-publish","format-standard","has-post-thumbnail","category-691","category-mujeres"],"_links":{"self":[{"href":"https:\/\/redsemlac.com\/semmexico\/wp-json\/wp\/v2\/posts\/15397","targetHints":{"allow":["GET"]}}],"collection":[{"href":"https:\/\/redsemlac.com\/semmexico\/wp-json\/wp\/v2\/posts"}],"about":[{"href":"https:\/\/redsemlac.com\/semmexico\/wp-json\/wp\/v2\/types\/post"}],"author":[{"embeddable":true,"href":"https:\/\/redsemlac.com\/semmexico\/wp-json\/wp\/v2\/users\/3"}],"replies":[{"embeddable":true,"href":"https:\/\/redsemlac.com\/semmexico\/wp-json\/wp\/v2\/comments?post=15397"}],"version-history":[{"count":0,"href":"https:\/\/redsemlac.com\/semmexico\/wp-json\/wp\/v2\/posts\/15397\/revisions"}],"wp:featuredmedia":[{"embeddable":true,"href":"https:\/\/redsemlac.com\/semmexico\/wp-json\/wp\/v2\/media\/15399"}],"wp:attachment":[{"href":"https:\/\/redsemlac.com\/semmexico\/wp-json\/wp\/v2\/media?parent=15397"}],"wp:term":[{"taxonomy":"category","embeddable":true,"href":"https:\/\/redsemlac.com\/semmexico\/wp-json\/wp\/v2\/categories?post=15397"},{"taxonomy":"post_tag","embeddable":true,"href":"https:\/\/redsemlac.com\/semmexico\/wp-json\/wp\/v2\/tags?post=15397"}],"curies":[{"name":"wp","href":"https:\/\/api.w.org\/{rel}","templated":true}]}}