{"id":15394,"date":"2020-01-08T00:38:28","date_gmt":"2020-01-08T00:38:28","guid":{"rendered":"https:\/\/redsemlac.com\/semmexico\/?p=15394"},"modified":"2023-07-21T15:18:29","modified_gmt":"2023-07-21T20:18:29","slug":"votan-por-primera-vez-mujeres-en-san-juan-capacuaro-ine","status":"publish","type":"post","link":"https:\/\/redsemlac.com\/semmexico\/votan-por-primera-vez-mujeres-en-san-juan-capacuaro-ine\/","title":{"rendered":"Votan por primera vez mujeres en San Juan Capacuaro: INE"},"content":{"rendered":"\n<p class=\"wp-block-paragraph\"><strong>* Con sistema h\u00edbrido electoral<\/strong><\/p>\n\n\n\n<p class=\"wp-block-paragraph\"><strong>* Autoridades hacen adaptaciones a su sistema normativo interno<\/strong><\/p>\n\n\n\n<p class=\"wp-block-paragraph\"><strong>Redacci\u00f3n<\/strong><\/p>\n\n\n\n<p class=\"wp-block-paragraph\">SemM\u00e9xico, Michoac\u00e1n, 7 de enero\n2020.- Por primera vez,&nbsp;<strong>San Juan Capacuaro tiene\nautoridades auxiliares electas por voto universal que provienen de una jornada\nelectoral&nbsp;<\/strong>que se organiz\u00f3 y oper\u00f3 con una combinaci\u00f3n de\nelementos del Sistema Normativo Ind\u00edgena y del Sistema Electoral\nNacional,&nbsp;<strong>el h\u00edbrido propuesto por la 09 Junta Distrital\nEjecutiva del INE, que<\/strong>&nbsp;<strong>dio lugar a que las mujeres de\nla comunidad ind\u00edgena pudieran ejercer un derecho que les hab\u00eda sido vedado en\neste tipo de elecci\u00f3n y abre la posibilidad a que en elecciones futuras puedan\nparticipar como candidatas.<\/strong><\/p>\n\n\n\n<p class=\"wp-block-paragraph\">Este&nbsp;<strong>Sistema Electoral ind\u00edgena<\/strong>, contemplaba todos los\naspectos necesarios para darle la constitucionalidad necesaria, con una\nexcepci\u00f3n:&nbsp;<strong>las mujeres nunca fueron parte de estos\nprocesos electivos, ni como votantes, ni como candidatas.<\/strong><\/p>\n\n\n\n<p class=\"wp-block-paragraph\">Por ello, cuando las autoridades\ntradicionales de la&nbsp;<strong>Comunidad Ind\u00edgena de Capacuaro<\/strong>&nbsp;manifestaron\nsu inter\u00e9s en hacer adaptaciones a su sistema normativo interno para la&nbsp;<strong>elecci\u00f3n de Jefe de Tenencia<\/strong>&nbsp;y pidieron&nbsp;<strong>la intervenci\u00f3n de la 09 Junta Distrital Ejecutiva del INE<\/strong>,\nqui\u00e9n nunca dud\u00f3 en ser parte de este cambio, en especial cuando exteriorizaron\nque estaban abiertos a la participaci\u00f3n de las mujeres.<\/p>\n\n\n\n<p class=\"wp-block-paragraph\">En reuni\u00f3n conjunta con autoridades\ndel Ayuntamiento de Uruapan, autoridades tradicionales de la Comunidad de\nCapacuaro, como el Consejo de Ancianos, el Cabildo Comunitario, y el Consejo\nComunal; la&nbsp;<strong>09 Junta Distrital Ejecutiva escuch\u00f3 sus\npeticiones<\/strong>, entre ellas, que no se partidizara la elecci\u00f3n y se\nmantuviera la Asamblea Comunitaria y la Mesa de los Debates como m\u00e1xima\nautoridad.<\/p>\n\n\n\n<p class=\"wp-block-paragraph\">As\u00ed se determin\u00f3 que la elecci\u00f3n se\nllevara por&nbsp;<strong>medio de voto universal, secreto y directo,<\/strong>&nbsp;a\ntrav\u00e9s de boleta electoral impresa,&nbsp;<strong>con la participaci\u00f3n del INE en\ntodas las etapas como instancia operativa y de asesor\u00eda \u00fanicamente.<\/strong>&nbsp;Dicha\npropuesta se dio a conocer a la Asamblea Comunal, la cual acept\u00f3 un\u00e1nimemente,\naprob\u00e1ndose tambi\u00e9n que la jornada se celebrara el<strong>&nbsp;6 de diciembre en la\nplaza de la comunidad con la mesa de los debates&nbsp;<\/strong>como m\u00e1xima\nautoridad.<\/p>\n\n\n\n<p class=\"wp-block-paragraph\">La mesa de debates registr\u00f3 a&nbsp;<strong>los candidatos<\/strong>, aprobando a aquellos que cumplieran las\nnormas establecidas por la&nbsp;<strong>Ley Org\u00e1nica Municipal del\nestado de Michoac\u00e1n<\/strong>&nbsp;y las&nbsp;<strong>normas consuetudinarias\naprobadas por la comunidad<\/strong>. Se llevaron a cabo reuniones de trabajo\nen la que se efectu\u00f3 el sorteo para determinar el lugar que&nbsp;<strong>ocupar\u00eda cada candidato en la boleta electoral<\/strong>, se les\npidi\u00f3 seleccionar a sus representantes para la Jornada Electiva y&nbsp;<strong>se establecieron las reglas para la validez del voto, la nulidad\ndel mismo&nbsp;<\/strong>y la forma en que se apoyar\u00eda a las personas votantes\nante las dudas de c\u00f3mo votar.<\/p>\n\n\n\n<p class=\"wp-block-paragraph\">La&nbsp;<strong>Jornada\nElectiva inici\u00f3 a las nueve de la ma\u00f1ana<\/strong>&nbsp;con una gran afluencia\nciudadana, predominando en las largas filas la presencia de las mujeres;\nconcluyendo a las cinco de la tarde con una&nbsp;<strong>participaci\u00f3n de 1,780 personas<\/strong>;\ndurante toda la jornada electoral se observ\u00f3 la emoci\u00f3n y compromiso de las\nmujeres de poder votar por primera vez en este tipo de elecci\u00f3n. En contraste\ncon la elecci\u00f3n de 2018, en&nbsp;<strong>la que votaron aproximadamente\n600 hombres, permite notar que la intervenci\u00f3n de las mujeres fue determinante.<\/strong><\/p>\n\n\n\n<p class=\"wp-block-paragraph\">El escrutinio y c\u00f3mputo se vivi\u00f3 de\nmanera respetuosa, un n\u00famero importante de la poblaci\u00f3n se mantuvo esperando a\nconocer los resultados afuera del edificio que ocupa la Jefatura de Tenencia.\nLos representantes de los candidatos en todo momento respetaron los acuerdos\nsobre la validez o nulidad del voto, de tal manera que,&nbsp;<strong>una vez que se dieron a conocer los resultados, mostraron una\nconformidad general.<\/strong><\/p>\n\n\n\n<p class=\"wp-block-paragraph\"><strong>SEM\/GR<\/strong><\/p>\n","protected":false},"excerpt":{"rendered":"<p>Con sistema h\u00edbrido electoral<\/p>\n","protected":false},"author":3,"featured_media":15395,"comment_status":"open","ping_status":"open","sticky":false,"template":"","format":"standard","meta":{"_monsterinsights_skip_tracking":false,"footnotes":""},"categories":[691,54],"tags":[],"class_list":["post-15394","post","type-post","status-publish","format-standard","has-post-thumbnail","category-691","category-mujeres"],"_links":{"self":[{"href":"https:\/\/redsemlac.com\/semmexico\/wp-json\/wp\/v2\/posts\/15394","targetHints":{"allow":["GET"]}}],"collection":[{"href":"https:\/\/redsemlac.com\/semmexico\/wp-json\/wp\/v2\/posts"}],"about":[{"href":"https:\/\/redsemlac.com\/semmexico\/wp-json\/wp\/v2\/types\/post"}],"author":[{"embeddable":true,"href":"https:\/\/redsemlac.com\/semmexico\/wp-json\/wp\/v2\/users\/3"}],"replies":[{"embeddable":true,"href":"https:\/\/redsemlac.com\/semmexico\/wp-json\/wp\/v2\/comments?post=15394"}],"version-history":[{"count":0,"href":"https:\/\/redsemlac.com\/semmexico\/wp-json\/wp\/v2\/posts\/15394\/revisions"}],"wp:featuredmedia":[{"embeddable":true,"href":"https:\/\/redsemlac.com\/semmexico\/wp-json\/wp\/v2\/media\/15395"}],"wp:attachment":[{"href":"https:\/\/redsemlac.com\/semmexico\/wp-json\/wp\/v2\/media?parent=15394"}],"wp:term":[{"taxonomy":"category","embeddable":true,"href":"https:\/\/redsemlac.com\/semmexico\/wp-json\/wp\/v2\/categories?post=15394"},{"taxonomy":"post_tag","embeddable":true,"href":"https:\/\/redsemlac.com\/semmexico\/wp-json\/wp\/v2\/tags?post=15394"}],"curies":[{"name":"wp","href":"https:\/\/api.w.org\/{rel}","templated":true}]}}