{"id":15381,"date":"2020-01-07T19:28:18","date_gmt":"2020-01-07T19:28:18","guid":{"rendered":"https:\/\/redsemlac.com\/semmexico\/?p=15381"},"modified":"2023-07-21T15:18:29","modified_gmt":"2023-07-21T20:18:29","slug":"dominicana-4","status":"publish","type":"post","link":"https:\/\/redsemlac.com\/semmexico\/dominicana-4\/","title":{"rendered":"Dominicana: con 78 feminicidios finaliz\u00f3 2019; 2020 comenz\u00f3 con cuatro v\u00edctimas m\u00e1s de la violencia machista"},"content":{"rendered":"\n<p class=\"wp-block-paragraph\"><strong>Mercedes Alonso<\/strong><\/p>\n\n\n\n<p class=\"wp-block-paragraph\">SemM\u00e9xico\/SEMlac. Santo Domingo. 7 de enero de 2020.- Los primeros d\u00edas que transcurren del 2020 han sido dolorosos para la sociedad dominicana, que a\u00fan llora las 78 mujeres asesinadas por sus parejas o exparejas en 2019, y desde que inici\u00f3 el a\u00f1o ha sufrido la p\u00e9rdida de otras cuatro vidas, en cuyos hogares, los m\u00e1s de 300 ni\u00f1os y ni\u00f1as sufren desde la orfandad un incierto destino.<\/p>\n\n\n\n<p class=\"wp-block-paragraph\">La titular del Ministerio de la Mujer, Janet Camilo, llam\u00f3 al estado dominicano a frenar esta violencia machista y convoc\u00f3 al Congreso para que apruebe de una vez el proyecto de ley integral de prevenci\u00f3n, atenci\u00f3n, sanci\u00f3n y erradicaci\u00f3n de la violencia contra las mujeres, depositado desde el a\u00f1o 2012, a fin de enfrentar la ola de feminicidios que afecta al pa\u00eds.<\/p>\n\n\n\n<p class=\"wp-block-paragraph\"><strong>Violencia cada d\u00eda de 2019<\/strong><\/p>\n\n\n\n<p class=\"wp-block-paragraph\">Datos del Ministerio de la Mujer resumen que cada d\u00eda de 2019, hubo un promedio de 30 mujeres que sufri\u00f3 o estuvo en riesgo de ser v\u00edctima de violencia por parte de sus parejas o exparejas.<\/p>\n\n\n\n<p class=\"wp-block-paragraph\">Las llamadas recibidas entre enero y noviembre de 2019 sumaron 10,278; 5,299 referidas desde el Sistema Nacional de Atenci\u00f3n a Emergencias y Seguridad 911 y otras desde*212, todas las cuales dan fe de la desesperaci\u00f3n de las v\u00edctimas de violencia de g\u00e9nero (un 60%), o personas allegadas, u otras sensibilizadas (40%), que se comunicaron a trav\u00e9s de la L\u00ednea Mujer.<\/p>\n\n\n\n<p class=\"wp-block-paragraph\">El personal que labora en la L\u00ednea Mujer del Ministerio explica que \u201ccasi siempre estas mujeres denuncian amenazas de muerte. Sus parejas les dicen que las matar\u00e1n o que matar\u00e1n a sus hijos\u201d.&nbsp;&nbsp;A\u00f1aden que en la mayor parte de los casos, ellas buscan una forma de escapar de su agresor y solicitan un refugio o una orientaci\u00f3n de c\u00f3mo proceder, pues ya han sido agredidas verbal y f\u00edsicamente.<\/p>\n\n\n\n<p class=\"wp-block-paragraph\">En unos 176 casos hubo que intervenir en el rescate de las v\u00edctimas y en otros 281 pudieron darse orientaciones o referimientos de a d\u00f3nde acudir, seg\u00fan las estad\u00edsticas suministradas a este medio.<\/p>\n\n\n\n<p class=\"wp-block-paragraph\">Entre 2005 y noviembre de 2019, la Procuradur\u00eda General de la Rep\u00fablica (PGR) registr\u00f3 1,295 feminicidios, aunque otras entidades discrepan de dichas estad\u00edsticas y presumen que podr\u00eda ser mucho mayor.<\/p>\n\n\n\n<p class=\"wp-block-paragraph\">\u201cNinguna mujer debe perder la vida por dejar de amar\u201d, dijo la ministra de la Mujer en un comunicado emitido por dicha instituci\u00f3n, en el cual ampl\u00eda que \u201cse necesita de un enfoque integral que ayude en realidad a erradicar este mal que tantas vidas de mujeres cobra en la sociedad dominicana\u201d.<\/p>\n\n\n\n<p class=\"wp-block-paragraph\">Se\u00f1ala el texto que hasta el 30 de noviembre de 2019 los servicios de Casas de Acogida y la L\u00ednea Mujer *212 salvaguardaron las vidas de 1,582 personas, de las cuales 843 fueron en alto riesgo y el resto, sus hijos e hijas. En promedio, 4.7 personas por cada d\u00eda.<\/p>\n\n\n\n<p class=\"wp-block-paragraph\">Otras cifras destacan que ofrecieron 29.770 atenciones legales hasta noviembre (un promedio de 2,480 cada mes), consiguiendo 846 sentencias, de las cuales 631 fueron de orden penal.<\/p>\n\n\n\n<p class=\"wp-block-paragraph\">\u201cLa violencia de g\u00e9nero, lo hemos dicho, es un problema muy complejo que involucra a la sociedad en conjunto y debe ser abordado de manera integral igualmente. Que no es solo el aspecto penal o coercitivo, que un componente importante es la educaci\u00f3n, y por eso urge la implementaci\u00f3n de la ordenanza 33-2019, para que las futuras generaciones se compongan de hombres y mujeres respetuosos de los derechos de los dem\u00e1s\u201d, concluye la ministra Camilo en el documento.<\/p>\n\n\n\n<p class=\"wp-block-paragraph\"><strong>As\u00ed comenz\u00f3 2020<\/strong><\/p>\n\n\n\n<p class=\"wp-block-paragraph\">El primero de enero de 2020, cuatro mujeres fueron asesinadas en el pa\u00eds: dos de ellas como consecuencia de las pu\u00f1aladas propinadas por sus parejas y otras dos a tiros. En uno de los casos, el protagonista fue un raso de la Polic\u00eda, quien luego intent\u00f3 suicidarse.<\/p>\n\n\n\n<p class=\"wp-block-paragraph\">Este 7 de diciembre, el presidente de la Suprema Corte de Justicia (SCJ), Luis Henry&nbsp;<a>Molina Pe\u00f1a,&nbsp;<\/a>en ocasi\u00f3n de celebrarse el D\u00eda del Poder Judicial, exhort\u00f3 a los jueces a acabar con la mora judicial y a reflexionar sobre la violencia contra la mujer.<\/p>\n\n\n\n<p class=\"wp-block-paragraph\">Molina Pe\u00f1a se pronunci\u00f3 en estos t\u00e9rminos en presencia del presidente de la Rep\u00fablica, Danilo Medina S\u00e1nchez, jueces de las altas cortes de la Suprema y de Primera Instancia, as\u00ed como representantes del Ministerio P\u00fablico, encabezados por el procurador general de la Rep\u00fablica, Jean Rodr\u00edguez.<\/p>\n\n\n\n<p class=\"wp-block-paragraph\">El tambi\u00e9n presidente del Consejo del Poder Judicial indic\u00f3 que la Suprema Corte de Justicia tiene 18,357 expedientes pendientes de resoluci\u00f3n, y anunci\u00f3 que asumir\u00e1 de inmediato los de mayor antig\u00fcedad y que se encargar\u00e1 personalmente de los referidos a la primera d\u00e9cada de este siglo.<\/p>\n\n\n\n<p class=\"wp-block-paragraph\">Dijo finalmente, que la manera en que \u201cla violencia contra las mujeres se ha expresado en nuestro pa\u00eds constituye un dolor y una gran verg\u00fcenza que debe llamarnos a la reflexi\u00f3n sobre todo a la acci\u00f3n\u201d.<\/p>\n\n\n\n<p class=\"wp-block-paragraph\"><strong>\u201cUn violador en mi camino\u201d<\/strong><\/p>\n\n\n\n<p class=\"wp-block-paragraph\">Durante 2019, colectivos, organizaciones feministas, ministerios y la poblaci\u00f3n en general realizaron protestas y se manifestaron en varias ciudades del pa\u00eds con intervenciones p\u00fablicas, como la denominada: \u201cUn violador en mi camino\u201d, que constituy\u00f3 denuncia y reivindicaci\u00f3n de las mujeres ante los feminicidios, y las diversas formas de violencia de g\u00e9nero, desigualdad e impunidad que enfrenta la naci\u00f3n.<\/p>\n\n\n\n<p class=\"wp-block-paragraph\">Frente a la sede de la Procuradur\u00eda General de la Rep\u00fablica y la Suprema Corte de Justicia, multitudes alzaron sus voces en diciembre pasado, para cuestionar los graves hechos de impunidad, complicidad y corrupci\u00f3n en casos de feminicidios.<\/p>\n\n\n\n<p class=\"wp-block-paragraph\">\u201cNos indignamos tambi\u00e9n por la impunidad, complicidad y cobard\u00eda que ante todo esto aplica el sistema judicial, la Polic\u00eda y el Estado, lo que se convierte en una agresi\u00f3n m\u00e1s y otra de las tantas desigualdades que nos violentan\u201d, rezaba uno de los textos expuestos en los actos, en tanto que una de las activistas se\u00f1al\u00f3:<\/p>\n\n\n\n<p class=\"wp-block-paragraph\">\u201cNo son casos aislados ni casuales, tampoco es un conflicto de bandos. Este es un problema estructural, hist\u00f3rico al que la sociedad debe dar respuesta, y nuestro rol es hacer que eso ocurra. A partir de ahora no nos quedaremos calladas, llamaremos a las cosas como son, por su nombre, y si intentan callar a una m\u00e1s, nos escuchar\u00e1n a todas\u201d.<\/p>\n\n\n\n<p class=\"wp-block-paragraph\"><strong>\u00bfLa estrategia?<\/strong><\/p>\n\n\n\n<p class=\"wp-block-paragraph\">La interrogante de cu\u00e1l es la estrategia estatal en materia educativa, preventiva y de sanci\u00f3n para cambiar la realidad que afronta la Rep\u00fablica Dominicana ante la epidemia de los feminicidios sigue siendo una constante, y en la movilizaci\u00f3n antes mencionada se insisti\u00f3 en que \u201cUn violador en tu camino\u201d representa una voz global que incluye a las actuales y a las ausentes, que la violencia mat\u00f3: \u201cSe trata de educar, visibilizar y llamar a las cosas por su nombre, sin m\u00e1s pa\u00f1os tibios, diciendo que nos violan, nos abusan y nos matan cada d\u00eda, sin importar pa\u00eds, nombre, ni estatus. Quienes pretendan negar esta realidad o que la soportemos qued\u00e1ndonos calladas, nos recuerdan el temple de las Hermanas Mirabal que no se sometieron a la injusticia ni al rol sumiso que se nos quiere imponer\u201d.<\/p>\n\n\n\n<p class=\"wp-block-paragraph\"><strong>La otra cara de los feminicidios<\/strong><\/p>\n\n\n\n<p class=\"wp-block-paragraph\">Este 5 de enero, el exfiscal del Distrito Nacional, Jos\u00e9 Manuel Hern\u00e1ndez Peguero, record\u00f3 los m\u00e1s de 300 ni\u00f1os y ni\u00f1as hu\u00e9rfanos que cada a\u00f1o dejan los feminicidios, al comparecer en el programa D\u00b4 AGENDA que cada domingo difunde Telesistema Canal 11, aqu\u00ed.<\/p>\n\n\n\n<p class=\"wp-block-paragraph\">Hern\u00e1ndez Peguero record\u00f3 que la asistencia que necesitan los hu\u00e9rfanos y las mujeres sobrevivientes que han sido maltratadas por sus parejas, trasciende a lo psicol\u00f3gico y emocional, y debe atenderse, adem\u00e1s, desde el plano econ\u00f3mico.<\/p>\n\n\n\n<p class=\"wp-block-paragraph\">&nbsp;\u201cLo que tenemos es una grave realidad que no tan solo se visualiza en la muerte tr\u00e1gica de la mujer, y muchas veces en el suicidio del agresor, sino en esos menores que quedan sin la protecci\u00f3n, sin afecto. Yo soy de los que creo que institucionalmente deben proveerse fondos estatales para proteger a los hu\u00e9rfanos y a las miles de mujeres que no mueren pero que son v\u00edctimas de agresiones intrafamiliar\u201d, sentenci\u00f3 el reconocido jurista, quien hizo un llamado al Ministerio P\u00fablico, el Poder Judicial y el Ministerio de la Mujer, a tomar acciones urgentes capaces de detener los asesinatos de mujeres en la Rep\u00fablica Dominicana.<\/p>\n","protected":false},"excerpt":{"rendered":"<p>Los primeros d\u00edas que transcurren del 2020 han sido dolorosos para la sociedad dominicana, que a\u00fan llora las 78 mujeres asesinadas por sus parejas o exparejas en 2019<\/p>\n","protected":false},"author":3,"featured_media":15382,"comment_status":"open","ping_status":"open","sticky":false,"template":"","format":"standard","meta":{"_monsterinsights_skip_tracking":false,"footnotes":""},"categories":[691,53],"tags":[],"class_list":["post-15381","post","type-post","status-publish","format-standard","has-post-thumbnail","category-691","category-internacional"],"_links":{"self":[{"href":"https:\/\/redsemlac.com\/semmexico\/wp-json\/wp\/v2\/posts\/15381","targetHints":{"allow":["GET"]}}],"collection":[{"href":"https:\/\/redsemlac.com\/semmexico\/wp-json\/wp\/v2\/posts"}],"about":[{"href":"https:\/\/redsemlac.com\/semmexico\/wp-json\/wp\/v2\/types\/post"}],"author":[{"embeddable":true,"href":"https:\/\/redsemlac.com\/semmexico\/wp-json\/wp\/v2\/users\/3"}],"replies":[{"embeddable":true,"href":"https:\/\/redsemlac.com\/semmexico\/wp-json\/wp\/v2\/comments?post=15381"}],"version-history":[{"count":0,"href":"https:\/\/redsemlac.com\/semmexico\/wp-json\/wp\/v2\/posts\/15381\/revisions"}],"wp:featuredmedia":[{"embeddable":true,"href":"https:\/\/redsemlac.com\/semmexico\/wp-json\/wp\/v2\/media\/15382"}],"wp:attachment":[{"href":"https:\/\/redsemlac.com\/semmexico\/wp-json\/wp\/v2\/media?parent=15381"}],"wp:term":[{"taxonomy":"category","embeddable":true,"href":"https:\/\/redsemlac.com\/semmexico\/wp-json\/wp\/v2\/categories?post=15381"},{"taxonomy":"post_tag","embeddable":true,"href":"https:\/\/redsemlac.com\/semmexico\/wp-json\/wp\/v2\/tags?post=15381"}],"curies":[{"name":"wp","href":"https:\/\/api.w.org\/{rel}","templated":true}]}}