{"id":15307,"date":"2020-01-06T19:17:36","date_gmt":"2020-01-06T19:17:36","guid":{"rendered":"https:\/\/redsemlac.com\/semmexico\/?p=15307"},"modified":"2023-07-21T15:17:21","modified_gmt":"2023-07-21T20:17:21","slug":"opinion-271","status":"publish","type":"post","link":"https:\/\/redsemlac.com\/semmexico\/opinion-271\/","title":{"rendered":"Botella al Mar"},"content":{"rendered":"\n<h2 class=\"wp-block-heading\"><strong>Belleza Inesperada<\/strong><\/h2>\n\n\n\n<p class=\"wp-block-paragraph\"><strong>*\nM<\/strong><strong>ente y el cuerpo cuando se unen lo hacen de manera\nimpecable&nbsp;&nbsp;&nbsp;&nbsp;&nbsp;&nbsp;&nbsp;&nbsp; <\/strong><\/p>\n\n\n\n<p class=\"wp-block-paragraph\"><strong>Martha Canseco Gonz\u00e1lez<\/strong><\/p>\n\n\n\n<p class=\"wp-block-paragraph\">SemM\u00e9xico, 6 de enero 2020.- En\nla pel\u00edcula norteamericana \u201cBelleza Colateral\u201d, en M\u00e9xico se llam\u00f3 \u201cBelleza\nInesperada\u201d, la muerte que es encarnada por la actriz Helen Mirren, le pregunta\nen una sala del hospital a Madeleine (Naomie Harris). &#8211; \u00bfA qui\u00e9n vas a perder?\n-, -A mi hija- responde. La muerte le hace notar, &#8211; \u00a1Procura no perderte la\nbelleza colateral de eso!<\/p>\n\n\n\n<p class=\"wp-block-paragraph\">En\njunio de 2014, los pap\u00e1s de Carmen, mi pareja, fueron asesinados por el enfermero\nque les cuidaba, la crueldad fue brutal y la justicia no llega. Por supuesto no\nhay comparaci\u00f3n, ni lo pretendo, en el impacto que tuvo para ella, sus hermanas\ny hermano, pero sin duda a qui\u00e9nes les hemos acompa\u00f1ado en todo este proceso,\ntambi\u00e9n nos afect\u00f3.<\/p>\n\n\n\n<p class=\"wp-block-paragraph\">Quiero\nplaticarles sobre una de las cosas que me ocurri\u00f3 a ra\u00edz de ese suceso. No cabe\nduda que la mente y el cuerpo, son sabios, que cuando se unen para protegerte lo\nhacen de manera impecable. Perder a alguien tan querido de esa manera provoca\nun dolor inconmensurable, insoportable, simplemente sabes que no lo vas a poder\naguantar.<\/p>\n\n\n\n<p class=\"wp-block-paragraph\">Sucedi\u00f3\nen segundos, ni cuenta me di, perd\u00ed todos los sentidos y no me percat\u00e9 de ello\nhasta que los fui recuperando tres a\u00f1os despu\u00e9s, los est\u00edmulos que recib\u00eda a\ntrav\u00e9s de los siete agujeros que tengo en la cabeza y por supuesto toda mi piel,\nno detonaban en el cerebro, dej\u00e9 de sentir, para no sentir. Lo resumo as\u00ed,\ndurante ese tiempo, \u00fanicamente respir\u00e9.<\/p>\n\n\n\n<p class=\"wp-block-paragraph\">Me\ndi cuenta que no s\u00f3lo a Carmen, sino a m\u00ed tambi\u00e9n nos urg\u00eda ayuda profesional.\nSiempre acudo a mis amigas cuando estoy desesperada, en esta ocasi\u00f3n tambi\u00e9n,\nas\u00ed es como llegu\u00e9 con Magalli Pi\u00f1a. El trabajo terap\u00e9utico con ella ha sido,\nexcepcional por decir lo menos, lo m\u00e1s importante es que estoy en plena recuperaci\u00f3n.<\/p>\n\n\n\n<p class=\"wp-block-paragraph\">Todo\nesto para platicarles de la belleza inesperada que me ha tra\u00eddo esta tragedia.\nPoco despu\u00e9s de haber iniciado la terapia, empec\u00e9 a recuperar los sentidos.\nHablar\u00e9 aqu\u00ed de uno de los mejores momentos, sin duda fue cuando volv\u00ed a\nescuchar la m\u00fasica y ver el baile en toda su magnitud, me tom\u00f3 totalmente por\nsorpresa.<\/p>\n\n\n\n<p class=\"wp-block-paragraph\">Ocurri\u00f3\nhace dos a\u00f1os durante la presentaci\u00f3n de \u201cEl Cascanueces\u201d, cl\u00e1sico ballet\nnavide\u00f1o, con la orquesta sinf\u00f3nica de la Universidad Aut\u00f3noma del Estado de\nHidalgo y el Ballet estudiantil de la Sala Ollin Yoliztli.<\/p>\n\n\n\n<p class=\"wp-block-paragraph\">Yo\nmiraba y escuchaba con atenci\u00f3n, de momento la m\u00fasica entr\u00f3 de verdad a mis\no\u00eddos y ocup\u00f3 mi cuerpo, los movimientos entraron por mis ojos e hicieron lo\nmismo. No pod\u00eda creer lo que estaba experimentando, toda mi piel, el pelo y los\nvellos del cuerpo se me erizaron. Fue como si por primera vez en mi vida\nescuchara m\u00fasica y viera danzar, termin\u00e9 llorando, fue un momento de belleza inesperada,\nesa que estuvo ausente para m\u00ed demasiado tiempo.<\/p>\n\n\n\n<p class=\"wp-block-paragraph\">Ahora\nexperimento todo de manera distinta, como una n\u00e1ufraga que regresa a la vida\ndespu\u00e9s de meses en el mar. Creo sinceramente que no es necesario pasar por una\ntragedia para apreciar la belleza colateral que trae vivir la vida, apreciarla\ny agradecerla, solo abran sus sentidos. Pero para que eso ocurra, hay que\ndespojarse de todo lo que la vida \u201cmoderna\u201d est\u00e1 imponiendo y con ella\nadormeci\u00e9ndonos los sentidos y en consecuencia cancel\u00e1ndolos.<\/p>\n\n\n\n<p class=\"wp-block-paragraph\">Habremos\nde lograr que desaparezcan la individualidad, la avaricia, el consumismo, la\ndepredaci\u00f3n, el ego\u00edsmo, la homofobia, la discriminaci\u00f3n, la violencia, el\nacoso y un largo etc\u00e9tera. Dejen a un lado sus celulares, tabletas y pantallas,\ncanten, bailen, \u00a1disfruten c\u00f3mo si nunca lo hubieran hecho!<\/p>\n\n\n\n<p class=\"wp-block-paragraph\">Pienso\nmucho en las familias de las v\u00edctimas de feminicidio, de las y los\ndesparecidos, de las y los asesinados y por supuesto en ni\u00f1as, ni\u00f1os y\nadolescentes, en los hombres y mujeres abusados y violados. \u00a1Van a volver a\nvivir!<\/p>\n\n\n\n<p class=\"wp-block-paragraph\">Por\nsupuesto se requiere de ayuda profesional, b\u00fasquenla y encu\u00e9ntrenla, pero \u00a1Por\nfavor no dejen de vivir!<\/p>\n\n\n\n<p class=\"wp-block-paragraph\">Estos\ntiempos que nos est\u00e1n tocando experimentar en M\u00e9xico requieren de nosotras y\nnosotros ser \u00a1M\u00e1s derechos que nunca y m\u00e1s humanos que nunca!<\/p>\n\n\n\n<p class=\"wp-block-paragraph\">botellalmar2017@gmail.com<\/p>\n","protected":false},"excerpt":{"rendered":"<p>Belleza Inesperada<\/p>\n","protected":false},"author":3,"featured_media":8471,"comment_status":"open","ping_status":"open","sticky":false,"template":"","format":"standard","meta":{"_monsterinsights_skip_tracking":false,"footnotes":""},"categories":[691,98,84],"tags":[],"class_list":["post-15307","post","type-post","status-publish","format-standard","has-post-thumbnail","category-691","category-botella-al-mar","category-martha-canseco"],"_links":{"self":[{"href":"https:\/\/redsemlac.com\/semmexico\/wp-json\/wp\/v2\/posts\/15307","targetHints":{"allow":["GET"]}}],"collection":[{"href":"https:\/\/redsemlac.com\/semmexico\/wp-json\/wp\/v2\/posts"}],"about":[{"href":"https:\/\/redsemlac.com\/semmexico\/wp-json\/wp\/v2\/types\/post"}],"author":[{"embeddable":true,"href":"https:\/\/redsemlac.com\/semmexico\/wp-json\/wp\/v2\/users\/3"}],"replies":[{"embeddable":true,"href":"https:\/\/redsemlac.com\/semmexico\/wp-json\/wp\/v2\/comments?post=15307"}],"version-history":[{"count":0,"href":"https:\/\/redsemlac.com\/semmexico\/wp-json\/wp\/v2\/posts\/15307\/revisions"}],"wp:featuredmedia":[{"embeddable":true,"href":"https:\/\/redsemlac.com\/semmexico\/wp-json\/wp\/v2\/media\/8471"}],"wp:attachment":[{"href":"https:\/\/redsemlac.com\/semmexico\/wp-json\/wp\/v2\/media?parent=15307"}],"wp:term":[{"taxonomy":"category","embeddable":true,"href":"https:\/\/redsemlac.com\/semmexico\/wp-json\/wp\/v2\/categories?post=15307"},{"taxonomy":"post_tag","embeddable":true,"href":"https:\/\/redsemlac.com\/semmexico\/wp-json\/wp\/v2\/tags?post=15307"}],"curies":[{"name":"wp","href":"https:\/\/api.w.org\/{rel}","templated":true}]}}