{"id":15267,"date":"2020-01-02T21:19:16","date_gmt":"2020-01-02T21:19:16","guid":{"rendered":"https:\/\/redsemlac.com\/semmexico\/?p=15267"},"modified":"2023-07-21T15:17:21","modified_gmt":"2023-07-21T20:17:21","slug":"presentan-en-el-senado-iniciativa-para-acabar-con-la-violencia-politica-de-genero","status":"publish","type":"post","link":"https:\/\/redsemlac.com\/semmexico\/presentan-en-el-senado-iniciativa-para-acabar-con-la-violencia-politica-de-genero\/","title":{"rendered":"Presentan en el Senado, iniciativa para acabar con la violencia pol\u00edtica de g\u00e9nero"},"content":{"rendered":"\n<ul class=\"wp-block-list\"><li><strong>Las agresiones van desde obligarlas a renunciar a favor de los\nsuplentes varones hasta el asesinato, se\u00f1ala senadora <\/strong><\/li><li><strong>Guerrero, Puebla, Oaxaca, Ciudad de M\u00e9xico, Veracruz y Michoac\u00e1n entre\nlos estados con mayores \u00edndices de agresiones contra las mujeres por su\nactividad pol\u00edtica.<\/strong><\/li><\/ul>\n\n\n\n<p class=\"wp-block-paragraph\"><strong>Elda\nMontiel<\/strong><\/p>\n\n\n\n<p class=\"wp-block-paragraph\">SemM\u00e9xico. Ciudad de M\u00e9xico. 02 de enero 2020.- Para finalizar con el\nacoso, los ataques f\u00edsicos, la violencia sexual e, incluso, el asesinato en\ncontra de mujeres que buscan participar en pol\u00edtica, la senadora de Morena,\nMar\u00eda Merced Gonz\u00e1lez Gonz\u00e1lez, present\u00f3 una iniciativa contra la violencia\npol\u00edtica de g\u00e9nero.<\/p>\n\n\n\n<p class=\"wp-block-paragraph\">En la actualidad las agresiones a mujeres pol\u00edticas se atienden en\nmateria penal, pero en materia electoral no ocurre lo mismo, por lo que la\npropuesta busca reformar el art\u00edculo 41 constitucional, y adicionar los\nart\u00edculos 76, 77 y 77 bis de la Ley General del Sistema de Medios de Impugnaci\u00f3n\nen Materia Electoral, e incluir en los ordenamientos este concepto.<\/p>\n\n\n\n<p class=\"wp-block-paragraph\">La iniciativa, que ya fue turnada para su an\u00e1lisis, a la Comisi\u00f3n de\nPuntos Constitucionales, busca contribuir a terminar con la violencia pol\u00edtica\nde g\u00e9nero, que se registra al intentar&nbsp;frenar a las mujeres en su intento\npor ejercer sus derechos pol\u00edtico-electorales por el \u00absimple hecho de ser\nmujeres\u00bb, lo que revela una amplia escala de expresiones en su contra.<\/p>\n\n\n\n<p class=\"wp-block-paragraph\">Del 8 de septiembre de 2017 al 12 de junio de 2018, 106 mujeres candidatas\ny\/o pol\u00edticas en funciones, fueron v\u00edctimas de asesinatos, amenazas e\nintimidaciones, secuestros, agresiones con armas de fuego, agresiones f\u00edsicas o\ncon arma blanca, asaltos con y sin violencia y atentados contra familiares.<\/p>\n\n\n\n<p class=\"wp-block-paragraph\">Fueron asesinadas 16 mujeres pol\u00edticas; cinco de ellas eran candidatas y dos\nprecandidatas. <\/p>\n\n\n\n<p class=\"wp-block-paragraph\">Los estados que registran el 65% de las agresiones contra las mujeres\npor su actividad pol\u00edtica son los de Guerrero, Puebla, Oaxaca, Ciudad de M\u00e9xico,\nVeracruz y Michoac\u00e1n.<\/p>\n\n\n\n<p class=\"wp-block-paragraph\">La propuesta busca combatir los registros fraudulentos de candidatas,\na quienes se obliga a renunciar a los cargos para cederlos a suplentes varones.\n<\/p>\n\n\n\n<p class=\"wp-block-paragraph\">As\u00ed como la exigencia de los partidos pol\u00edticos, para que las mujeres\nfirmen de antemano renuncias en blanco, antes de darle registro como\ncandidatas. Una m\u00e1s, es el registro de mujeres en distritos tradicionalmente\nperdedores, lo cual ya est\u00e1 prohibido en la ley, pero sigue ocurriendo.<\/p>\n\n\n\n<p class=\"wp-block-paragraph\">Tambi\u00e9n se busca evitar la limitaci\u00f3n o nulo acceso a recursos para\ncampa\u00f1as y el ocultamiento de informaci\u00f3n sobre las campa\u00f1as de mujeres. La\ndesestimaci\u00f3n y descalificaci\u00f3n de propuestas presentadas por mujeres. Acabar\ncon las agresiones verbales estereot\u00edpicas y discriminadoras.<\/p>\n\n\n\n<p class=\"wp-block-paragraph\">La senadora Mar\u00eda Merced Gonz\u00e1lez Gonz\u00e1lez explic\u00f3 que estas acciones\nse ven con normalidad por la cultura patriarcal imperante en M\u00e9xico, pero en la\nmedida que avanza la lucha por los derechos de las mujeres y la igualdad de\ng\u00e9nero, se ha establecido un esfuerzo por erradicar estas pr\u00e1cticas desleales,\ninequitativas y claramente violatorias del Estado de Derecho y la Democracia.<\/p>\n\n\n\n<p class=\"wp-block-paragraph\">Reconoci\u00f3 que, en algunos institutos pol\u00edticos de izquierda, se han logrado\navances en sus estatutos, y tambi\u00e9n se han realizado reformas a la\nConstituci\u00f3n, orientadas a mejorar la igualdad de g\u00e9nero, pero no est\u00e1n\norientadas al aspecto pol\u00edtico.<\/p>\n\n\n\n<p class=\"wp-block-paragraph\">Para respaldar su\niniciativa la senadora Mar\u00eda Merced Gonz\u00e1lez\nGonz\u00e1lez, se apoya en un an\u00e1lisis del trabajo realizado en las \u00faltimas cinco legislaturas\nde la C\u00e1mara de Diputados (1997 a 2012).<\/p>\n\n\n\n<p class=\"wp-block-paragraph\">De las 360 iniciativas presentadas en ese lapso de tiempo, que ten\u00edan\nque ver con los derechos o intereses de las mujeres, 73.3 % fueron presentadas\npor diputadas y 26.7 % por diputados.<\/p>\n\n\n\n<p class=\"wp-block-paragraph\">El 70 % versaba sobre el impulso y mejoramiento de la vida de las mujeres desde una perspectiva feminista; 3.6 % apuntaban a reforzar el papel tradicional de las mujeres dentro de la sociedad y 21.4 % se centraba en iniciativas relativas al bienestar de la ni\u00f1ez.<\/p>\n\n\n\n<p class=\"wp-block-paragraph\">SEM\/em\/IL<\/p>\n","protected":false},"excerpt":{"rendered":"<p>Las agresiones van desde obligarlas a renunciar a favor de los suplentes varones hasta el asesinato, se\u00f1ala senadora <\/p>\n","protected":false},"author":3,"featured_media":15268,"comment_status":"open","ping_status":"open","sticky":false,"template":"","format":"standard","meta":{"_monsterinsights_skip_tracking":false,"footnotes":""},"categories":[691,50],"tags":[],"class_list":["post-15267","post","type-post","status-publish","format-standard","has-post-thumbnail","category-691","category-congreso"],"_links":{"self":[{"href":"https:\/\/redsemlac.com\/semmexico\/wp-json\/wp\/v2\/posts\/15267","targetHints":{"allow":["GET"]}}],"collection":[{"href":"https:\/\/redsemlac.com\/semmexico\/wp-json\/wp\/v2\/posts"}],"about":[{"href":"https:\/\/redsemlac.com\/semmexico\/wp-json\/wp\/v2\/types\/post"}],"author":[{"embeddable":true,"href":"https:\/\/redsemlac.com\/semmexico\/wp-json\/wp\/v2\/users\/3"}],"replies":[{"embeddable":true,"href":"https:\/\/redsemlac.com\/semmexico\/wp-json\/wp\/v2\/comments?post=15267"}],"version-history":[{"count":0,"href":"https:\/\/redsemlac.com\/semmexico\/wp-json\/wp\/v2\/posts\/15267\/revisions"}],"wp:featuredmedia":[{"embeddable":true,"href":"https:\/\/redsemlac.com\/semmexico\/wp-json\/wp\/v2\/media\/15268"}],"wp:attachment":[{"href":"https:\/\/redsemlac.com\/semmexico\/wp-json\/wp\/v2\/media?parent=15267"}],"wp:term":[{"taxonomy":"category","embeddable":true,"href":"https:\/\/redsemlac.com\/semmexico\/wp-json\/wp\/v2\/categories?post=15267"},{"taxonomy":"post_tag","embeddable":true,"href":"https:\/\/redsemlac.com\/semmexico\/wp-json\/wp\/v2\/tags?post=15267"}],"curies":[{"name":"wp","href":"https:\/\/api.w.org\/{rel}","templated":true}]}}