{"id":15257,"date":"2019-12-31T04:22:42","date_gmt":"2019-12-31T04:22:42","guid":{"rendered":"https:\/\/redsemlac.com\/semmexico\/?p=15257"},"modified":"2023-07-21T15:16:36","modified_gmt":"2023-07-21T20:16:36","slug":"desde-la-mano-izquierda-los-agresores","status":"publish","type":"post","link":"https:\/\/redsemlac.com\/semmexico\/desde-la-mano-izquierda-los-agresores\/","title":{"rendered":"Desde la mano izquierda: Los agresores"},"content":{"rendered":"\n<p class=\"wp-block-paragraph\"> <strong>Claudia Almaguer <\/strong><\/p>\n\n\n\n<p class=\"wp-block-paragraph\">SemM\u00e9xico. 30 de diciembre 2019.- En el transcurso del viernes 27 de diciembre las notas acerca de la detenci\u00f3n de dos hombres en M\u00e9xico se actualizaron constantemente, la causa no fue por un delito cualquiera sino por una agresi\u00f3n feminicida que tuvo lugar el pasado 9 de septiembre en Oaxaca cuando la m\u00fasica Mar\u00eda Elena R\u00edos fue quemada con \u00e1cido en cara y cuerpo lo que la mantiene en un grav\u00edsimo estado de salud.<\/p>\n\n\n\n<p class=\"wp-block-paragraph\">Desde luego no ser\u00e1 suficiente esta detenci\u00f3n, todav\u00eda se espera la investigaci\u00f3n de otros posibles autores o part\u00edcipes de este ataque, pero hasta ahora y de tener \u00e9xito la litigaci\u00f3n del asunto la norma penal oaxaque\u00f1a prev\u00e9 la aplicaci\u00f3n de dos terceras partes del m\u00ednimo y el m\u00e1ximo de la sanci\u00f3n para el delito consumado que es de 50 a 60 a\u00f1os de prisi\u00f3n en el feminicidio y una multa que va de los 42,245 a los 84,490 pesos.<\/p>\n\n\n\n<p class=\"wp-block-paragraph\">Otra complejidad vendr\u00e1 al momento de establecer una reparaci\u00f3n del da\u00f1o porque esta debe ser integral, adecuada, efectiva y proporcional a la afectaci\u00f3n sufrida lo que obliga a los operadores a dimensionar que se encuentran ante una v\u00edctima en la que se ejecutaron todas las acciones destinadas no s\u00f3lo a matarla sino a que sufriera y aun habiendo sobrevivido, este ataque es un antes y despu\u00e9s en su calidad de vida.<\/p>\n\n\n\n<p class=\"wp-block-paragraph\">Pero deteng\u00e1monos a pensar en las condiciones que tiene una persona, las que tuvieron en com\u00fan estos dos hombres por ejemplo, en caso de resultar culpables, para tomar la decisi\u00f3n de cometer un crimen de esta magnitud considerando todo el proceso que ello implica, vigilar y aprenderse las rutinas de una v\u00edctima, buscar la forma de acercarse a ella, adquirir el corrosivo, jugar un rol de participaci\u00f3n y por ende de complicidad para finalmente verter \u00e1cido sulf\u00farico sobre el cuerpo y la cara de una mujer. Es fundamental reflexionar en ello porque de alguna manera estos agresores representan el resultado m\u00e1s extremo de nuestra cultura patriarcal y ni siquiera el Estado puede prometer un cambio significativo en su conducta sino apenas conformarse con su encierro.<\/p>\n\n\n\n<p class=\"wp-block-paragraph\">Ante actos como el que sucedi\u00f3 en agravio de Mar\u00eda Elena lo primero que la sociedad supone es que quienes agreden a las mujeres son gente enferma que tiene algo mal en la cabeza, que carece de \u201cvalores\u201d, que proviene de familias destructivas, o por lo menos que no son normales, pero por mucho que queramos aferrarnos a la otredad para decir que esos, los acosadores, violadores, golpeadores y feminicidas se criaron en sitio ajeno lo cierto es que todos comparten los mismos prejuicios de g\u00e9nero que el resto s\u00f3lo que ellos van m\u00e1s all\u00e1, e inclusive entran y salen de los reclusorios y son devueltos a su entorno creyendo en su propia superioridad y en otros estereotipos de la masculinidad machista.<\/p>\n\n\n\n<p class=\"wp-block-paragraph\">En este a\u00f1o que termina la incidencia delictiva nacional contabilizada de enero a noviembre indica que hubo 890 carpetas de investigaci\u00f3n iniciadas por feminicidio, 220,296 por delitos como la violencia familiar y de g\u00e9nero, adem\u00e1s de 47,348 delitos sexuales, actos de violencia sancionados por la ley de los que sabemos cuentan con un perfil victimal conformado principalmente por mujeres y ni\u00f1as pero que no todos son llevados a juicio dadas las salidas que tiene el sistema acusatorio.<\/p>\n\n\n\n<p class=\"wp-block-paragraph\">Precisamente por ello es desde esos momentos cuando hay que solicitar la aplicaci\u00f3n de la perspectiva de g\u00e9nero para con cada caso a fin de que en el establecimiento de las condiciones para acceder a estas alternativas se tome en cuenta adem\u00e1s de la seguridad de la v\u00edctima, un tratamiento adecuado al agresor para acceder a lo que desde hace a\u00f1os establece la Ley General de Acceso para una Vida Libre de Violencia: \u201cservicios reeducativos integrales y especializados para erradicar las conductas violentas a trav\u00e9s de una educaci\u00f3n que elimine los estereotipos de supremac\u00eda masculina y los patrones machistas que generaron la violencia.\u201dEn tanto los gobiernos y las autoridades contin\u00faen mirando la violencia cotidiana en contra las mujeres como una situaci\u00f3n de poca relevancia la har\u00e1n crecer por lo que algunas de estas din\u00e1micas de agresi\u00f3n evolucionar\u00e1n hasta llegar a convertirse en conductas mucho m\u00e1s graves que incluso pueden volverse irreparables como ha sucedido con el ataque a Mar\u00eda Elena y con otras mujeres que han sido desaparecidas o asesinadas en M\u00e9xico, muertes que habr\u00edan podido evitarse de haber existido una respuesta coherente a las dimensiones de la violencia de g\u00e9nero y feminicida que persiste en el pa\u00eds. A m\u00e1s ver.<\/p>\n\n\n\n<p class=\"wp-block-paragraph\">\n\nTwitter: @Almagzur\n\n<\/p>\n","protected":false},"excerpt":{"rendered":"<p>En el transcurso del viernes 27 de diciembre las notas acerca de la detenci\u00f3n de dos hombres en M\u00e9xico se actualizaron constantemente, la causa no fue por un delito cualquiera sino por una agresi\u00f3n feminicida.<\/p>\n","protected":false},"author":3,"featured_media":15258,"comment_status":"open","ping_status":"open","sticky":false,"template":"","format":"standard","meta":{"_monsterinsights_skip_tracking":false,"footnotes":""},"categories":[690,82],"tags":[],"class_list":["post-15257","post","type-post","status-publish","format-standard","has-post-thumbnail","category-690","category-la-opinion"],"_links":{"self":[{"href":"https:\/\/redsemlac.com\/semmexico\/wp-json\/wp\/v2\/posts\/15257","targetHints":{"allow":["GET"]}}],"collection":[{"href":"https:\/\/redsemlac.com\/semmexico\/wp-json\/wp\/v2\/posts"}],"about":[{"href":"https:\/\/redsemlac.com\/semmexico\/wp-json\/wp\/v2\/types\/post"}],"author":[{"embeddable":true,"href":"https:\/\/redsemlac.com\/semmexico\/wp-json\/wp\/v2\/users\/3"}],"replies":[{"embeddable":true,"href":"https:\/\/redsemlac.com\/semmexico\/wp-json\/wp\/v2\/comments?post=15257"}],"version-history":[{"count":0,"href":"https:\/\/redsemlac.com\/semmexico\/wp-json\/wp\/v2\/posts\/15257\/revisions"}],"wp:featuredmedia":[{"embeddable":true,"href":"https:\/\/redsemlac.com\/semmexico\/wp-json\/wp\/v2\/media\/15258"}],"wp:attachment":[{"href":"https:\/\/redsemlac.com\/semmexico\/wp-json\/wp\/v2\/media?parent=15257"}],"wp:term":[{"taxonomy":"category","embeddable":true,"href":"https:\/\/redsemlac.com\/semmexico\/wp-json\/wp\/v2\/categories?post=15257"},{"taxonomy":"post_tag","embeddable":true,"href":"https:\/\/redsemlac.com\/semmexico\/wp-json\/wp\/v2\/tags?post=15257"}],"curies":[{"name":"wp","href":"https:\/\/api.w.org\/{rel}","templated":true}]}}