{"id":15247,"date":"2019-12-30T17:11:35","date_gmt":"2019-12-30T17:11:35","guid":{"rendered":"https:\/\/redsemlac.com\/semmexico\/?p=15247"},"modified":"2023-07-21T15:16:36","modified_gmt":"2023-07-21T20:16:36","slug":"2019-pasara-a-la-historia-cambio-de-paradigma-o-nuevo-escenario-feminista","status":"publish","type":"post","link":"https:\/\/redsemlac.com\/semmexico\/2019-pasara-a-la-historia-cambio-de-paradigma-o-nuevo-escenario-feminista\/","title":{"rendered":"2019 pasar\u00e1 a la historia: \u00bfcambio de paradigma o nuevo escenario feminista?"},"content":{"rendered":"\n<ul class=\"wp-block-list\"><li><strong>Rebeli\u00f3n\nde mujeres en M\u00e9xico: ins\u00f3lito 5 mil 500 informaciones con contexto y \u201cg\u00e9nero\u201d<\/strong><\/li><li><strong>La insurrecci\u00f3n\ncimbr\u00f3 a m\u00e1s de 55 ciudades mexicanas por semanas y meses, rebas\u00f3 instituciones\ny feminismo tradicional<\/strong><\/li><li><strong>Suma\ny crecimiento: de Me Too al viral performance de Las Tesis: el violador eres t\u00fa.<\/strong><\/li><\/ul>\n\n\n\n<p class=\"wp-block-paragraph\"><strong>Por\nSara Lovera<\/strong><\/p>\n\n\n\n<p class=\"wp-block-paragraph\">Una movilizaci\u00f3n de j\u00f3venes\nmujeres sin precedentes sucedi\u00f3 este 2019, un a\u00f1o que pasar\u00e1 a la historia.\nSucedi\u00f3 en el mundo, al impulso de las iniciativas de Argentina y Chile; cimbr\u00f3\na m\u00e1s de 55 ciudades mexicanas por semanas y meses; alter\u00f3 al discurso oficial,\na la narrativa de diputadas y senadoras y al feminismo institucionalizado.<\/p>\n\n\n\n<p class=\"wp-block-paragraph\">Los hechos y argumentos, a\n40 a\u00f1os de pol\u00edticas p\u00fablicas de g\u00e9nero en M\u00e9xico, derrib\u00f3 mitos, como la invisibilidad,\nla ginopia y la indiferencia en los medios de comunicaci\u00f3n, de los diarios a las\npantallas de televisi\u00f3n.<\/p>\n\n\n\n<p class=\"wp-block-paragraph\">Tres momentos marcaron al\na\u00f1o que termina: mayo, con las madres de asesinadas o desaparecidas\nexpres\u00e1ndose en todo el pa\u00eds; agosto y septiembre para hablar del aborto y mostrar\nel pa\u00f1uelo verde y noviembre en el contexto de los 16 d\u00edas de activismo para la\neliminaci\u00f3n de la violencia contra las mujeres, donde se reiter\u00f3 el hartazgo\nfrente a todas las violencias e irrumpi\u00f3 el performance de Lastesis, de las\nciudades a las reuniones privadas decembrinas.<\/p>\n\n\n\n<p class=\"wp-block-paragraph\">Las j\u00f3venes durante 6 de los\n12 meses del a\u00f1o tomaron las calles, los puentes peatonales, los micr\u00f3fonos en\nlas noticias, difundieron im\u00e1genes en tiempo real sin descanso; tambi\u00e9n\nirrumpieron en plazas, centros culturales y universidades. En algunos casos, tomaron\nespacios oficiales, como sucedi\u00f3 en septiembre en Michoac\u00e1n. Hicieron veladas,\nmemoriales por las asesinadas; marcaron un hasta aqu\u00ed al acoso, generando\nreacciones muy diferenciadas.<\/p>\n\n\n\n<p class=\"wp-block-paragraph\">De efecto \u201cmedi\u00e1tico\u201d, para\nsorpresa de periodistas y autoridades en agosto y septiembre se levant\u00f3 el\npa\u00f1uelo verde como s\u00edmbolo de la demanda de aborto y la libre decisi\u00f3n,\napareci\u00f3 en ciudades del norte y el sur, antiguas, conservadoras, progresistas.\nSe le vio en las curules de una docena de congresos locales, tanto como en los\npuentes peatonales de ciudades de tradici\u00f3n machista como Chilpancingo,\nGuerrero o Aguascalientes o en las muy cat\u00f3licas como Guanajuato y Quer\u00e9taro;\npero la respuesta masiva fue la del performance \u201cel violador eres t\u00fa\u201d que, en\nmenos de dos semanas, en noviembre, se reg\u00f3 como p\u00f3lvora de la calle a\nmovilizaciones impensadas. El violador eres t\u00fa se cant\u00f3, escenific\u00f3 y se hizo presente\nen pr\u00e1cticamente todas las capitales de M\u00e9xico, al tiempo que pasaba de\nValparaiso, en Chile, por todas las fronteras, hasta llegar a congresistas en\nMarruecos o Jap\u00f3n.<\/p>\n\n\n\n<figure class=\"wp-block-image\"><img loading=\"lazy\" decoding=\"async\" width=\"768\" height=\"576\" src=\"https:\/\/redsemlac.com\/semmexico\/wp-content\/uploads\/2019\/12\/NOTA-SARA-3.jpg\" alt=\"\" class=\"wp-image-15249\"\/><\/figure>\n\n\n\n<p class=\"wp-block-paragraph\">Las herederas de la demanda\nfeminista por el poder, las mujeres del Segundo Congreso Feminista de Chiapas,\nel 21 de agosto, adem\u00e1s de respaldar a esa rebeld\u00eda y sus diversas expresiones del\n16 de agosto en 19 entidades, as\u00ed como a las rebeldes y anarquistas de la\nCiudad de M\u00e9xico dijeron que estamos en una nueva fase de las luchas\nfeministas. Tema para 2020.<\/p>\n\n\n\n<p class=\"wp-block-paragraph\">En otros espacios\ninstitucionalizados, de expertas, o antiguas militantes simplemente las\nignoraron.<\/p>\n\n\n\n<p class=\"wp-block-paragraph\"><strong>Ins\u00f3lita: ruptura a una idea\nvetusta e inm\u00f3vil de lo que pasa en los medios <\/strong><\/p>\n\n\n\n<p class=\"wp-block-paragraph\">Un recuento, no exhaustivo,\nde medios, evidenci\u00f3 que en 2019 sucedi\u00f3 lo ins\u00f3lito: un porcentaje importante\nde la prensa tradicional fue lentamente cambiando la narrativa de las noticias\ndesde, con, dentro y sobre las mujeres. De esa reproducci\u00f3n patriarcal -que a\u00fan\nvive-, de la mataron \u201cporque lo enga\u00f1o\u201d, \u201cpor celos\u201d o \u201cdesamor\u201d a m\u00e1s de mil\ninformaciones en 64 p\u00e1ginas de 10 noticias cada una, rescatadas del archivo del\ndiario El Universal con estos encabezados:<\/p>\n\n\n\n<p class=\"wp-block-paragraph\">\u201cImpunidad, principal\nobst\u00e1culo que impide a las mujeres acceder a la Justicia\u201d, agosto 26 o \u201cDisfrazan\nasesinatos de mujeres con suicidios\u201d, octubre 6; o bien \u201cDe 53 feminicidios en\nQuintana Roo reconocen s\u00f3lo 21\u201d; o \u201cMujeres alzan la voz por la saxofonista Ma.\nElena en Oaxaca\u201d.<\/p>\n\n\n\n<p class=\"wp-block-paragraph\">Los medios dieron cuenta del\nBanco Rojo memorial de las V\u00edctimas del feminicidio en M\u00e9rida el pasado 12 de\noctubre o la Instalaci\u00f3n en Nuevo Le\u00f3n del Altar de los Feminicidios donde\n\u201cfeministas exigen justicia\u201d; de las reacciones en 15 universidades del pa\u00eds\npor el acoso sexual a estudiantes y acad\u00e9micas.<\/p>\n\n\n\n<p class=\"wp-block-paragraph\">La narrativa informativa se\naliment\u00f3, como se espera del buen periodismo, de los hechos, las denuncias y\nexplicaciones, a\u00fan de discursos feministas multiplicados cotidianamente por las\nredes sociales. Informaciones construidas &nbsp;&nbsp;a\npartir de hechos, declaraciones, investigaciones y entrevistas; en el caso de\nese diario, -El Universal-, pero tambi\u00e9n de Milenio Diario, &#8211; encontr\u00e9 20 notas\npor mes- o El Sol de M\u00e9xico y La Jornada, como en medios locales como El\nImparcial en Oaxaca, o el Diario de Yucat\u00e1n.<\/p>\n\n\n\n<p class=\"wp-block-paragraph\">Algunos medios sorprenden,\ncomo Milenio Televisi\u00f3n, especialmente la periodista Azucena Uresti, ocupada en\ndar seguimiento a los casos; ocupada en hablar como mujer pidiendo cese a la\nimpunidad, con un discurso, se dir\u00eda de g\u00e9nero, sin haber participado nunca en\nun taller de comunicaci\u00f3n feminista. Como no se pens\u00f3 que suceder\u00eda. Ella\nexplica que es la fuerza de la realidad. En ese espacio en 2019 hubo al menos\n16 mesas de debate sobre la Alerta de Violencia de G\u00e9nero contra las Mujeres\nAVGM y el tema de la injusticia de g\u00e9nero.<\/p>\n\n\n\n<p class=\"wp-block-paragraph\">En el programa La Hora de\nOpinar, del 19 de diciembre, conocida como la mesa de los jueves, el conductor\nLeo Zuckerman, con la participaci\u00f3n de la acad\u00e9mica Viridiana R\u00edos, Sabino\nBastidas y Luis de la Calle, al discutir cual ser\u00eda \u201cel personaje del a\u00f1o\u201d,\nViridiana dijo que en 2019 \u201cel personaje\u201d son los colectivos feministas, que,\nen M\u00e9xico, dijo esa acad\u00e9mica, las movilizaciones en la capital incluso cambi\u00f3\nla narrativa de g\u00e9nero y ahond\u00f3 sobre las pol\u00edticas p\u00fablicas. No obstante, sus\ncompa\u00f1eros de mesa le dieron la vuelta y hablaron de las mujeres con poder, de\nlas deportistas e incluso de algunos documentales donde aparecieron el centro\nmujeres ind\u00edgenas. Es la primera ocasi\u00f3n en a\u00f1os que este espacio trata de\nhablar del tema sin el machismo que lo caracteriza. &nbsp;<\/p>\n\n\n\n<p class=\"wp-block-paragraph\"><strong>El Hallazgo de SemM\u00e9xico<\/strong><\/p>\n\n\n\n<p class=\"wp-block-paragraph\">En una mirada general, SemM\u00e9xico\nencontr\u00f3 5 mil 500 informaciones con contexto o \u201crespetuosas\u201d, hablando de las demandas\nde las mujeres feministas: aborto -mayo y septiembre-, impunidad o justicia\npara Lesvy-, el caso de Gaby en M\u00e9rida hasta el asesinato de abril el 25 de\nnoviembre.<\/p>\n\n\n\n<p class=\"wp-block-paragraph\">Los hechos que irrumpieron a\nla opini\u00f3n p\u00fablica, no exclusivamente en redes sociales hicieron que de enero a\ndiciembre de 2019 menudearon en diarios, revistas de \u201csucesos\u201d o especializadas\ncomo Expansi\u00f3n o Etc\u00e9tera, m\u00e1s los medios digitales alternativos o de\nperiodismo civil como Animal Pol\u00edtico, expresiones como: \u201cviolencia de g\u00e9nero\u201d,\n\u201cderechos de las mujeres\u201d, \u201chartazgo por el acoso\u201d, \u201cimpunidad\u201d y \u201cpatriarcado\u201d.\nFrases sustentadas en contextos, dijeran las especialistas, con visi\u00f3n de\ng\u00e9nero.<\/p>\n\n\n\n<p class=\"wp-block-paragraph\">Tambi\u00e9n contabilic\u00e9 22\nespacios en la televisi\u00f3n abierta, desde la participaci\u00f3n pol\u00edtica de las\nmujeres, hasta explicaciones did\u00e1cticas sobre protocolos de actuaci\u00f3n y\nan\u00e1lisis de la violencia pol\u00edtica contra las mujeres.<\/p>\n\n\n\n<p class=\"wp-block-paragraph\"><strong>Destacados del a\u00f1o<\/strong><\/p>\n\n\n\n<p class=\"wp-block-paragraph\">Se cre\u00f3 FOCOS, una\nplataforma pensada para M\u00e9xico done 2 mil 608 mujeres confirmaron que se\nrealizaron un aborto y 485 de ellas compartieron sus experiencias. A est\u00e1s se\nsuman casi mil mujeres de Am\u00e9rica Latina.<\/p>\n\n\n\n<p class=\"wp-block-paragraph\">La plataforma FOCOS,\n(focos.org.mx), es una estrategia digital dise\u00f1ada para hacer visible la\nrecurrencia del aborto en M\u00e9xico, la diversidad de mujeres que recurren a est\u00e1\npractica reproductiva y abrir un espacio para compartir sus experiencias que en\n2019 super\u00f3 las expectativas iniciales seg\u00fan inform\u00f3 la representante en\nJalisco de la Red por los Derechos Sexuales y Reproductivos, Patricia Ortega.\nEsta novedosa aportaci\u00f3n rompi\u00f3 el esquema de que muchas mujeres no le han\ncontado a nadie en su vida que se realizaron el aborto. Rompieron el silencio. <\/p>\n\n\n\n<figure class=\"wp-block-image\"><img decoding=\"async\" src=\"https:\/\/redsemlac.com\/semmexico\/wp-content\/uploads\/2019\/12\/NOTA-SARA-5-1024x602.jpg\" alt=\"\" class=\"wp-image-15248\"\/><\/figure>\n\n\n\n<p class=\"wp-block-paragraph\">El 27 de septiembre alrededor\nde mil mujeres marcharon desde el Monumento a la Madre al Z\u00f3calo de la ciudad\nde M\u00e9xico buscando legalizar el aborto en todo el pa\u00eds.&nbsp; Esa tarde, mostraron su indignaci\u00f3n, se las\nacus\u00f3 de vandalizar el mobiliario urbano, eran agrupaciones feministas en\nadhesi\u00f3n al movimiento \u00abOla Verde\u00bb, estuvieron respaldadas por grupos\nsociales como el Movimiento de Trabajadores Socialistas, el PRT y el SME.\nParticiparon activistas, cubiertas del rostro y banderas amarradas a palos.\nEsto desat\u00f3 un nutrido y abundante debate sobre la violencia contra las mujeres\nen la Ciudad de M\u00e9xico y decenas de reacciones entre las j\u00f3venes capitalinas.<\/p>\n\n\n\n<p class=\"wp-block-paragraph\">Ese mismo d\u00eda en el marco\ndel d\u00eda de acci\u00f3n global por un aborto legal, el frente Feminista de Saltillo\nllev\u00f3 a cabo una jornada de informaci\u00f3n. Martha Rosales, integrante del Frente,\nse\u00f1al\u00f3 que en el caso de Coahuila la iniciativa que busca legalizar el aborto\nqued\u00f3 entrampada en el Congreso, por lo que hizo un llamado a los diputados\npara que hagan lo propio emulando el caso de Oaxaca. Los trabajos de\ninformaci\u00f3n se llevaron a cabo en la Alameda Zaragoza, donde se entregaron\npanfletos y se coloc\u00f3 un tendedero con informaci\u00f3n sobre al aborto para las personas\npaseantes. &nbsp;Ins\u00f3lita la movilizaci\u00f3n en\nSaltillo, Coahuila, que tuvo expresiones semejantes en 22 entidades del pa\u00eds.<\/p>\n\n\n\n<figure class=\"wp-block-image\"><img loading=\"lazy\" decoding=\"async\" width=\"600\" height=\"400\" src=\"https:\/\/redsemlac.com\/semmexico\/wp-content\/uploads\/2019\/12\/NOTA-SARA-2.jpg\" alt=\"\" class=\"wp-image-15250\"\/><\/figure>\n\n\n\n<p class=\"wp-block-paragraph\">El 25 de noviembre: el\nperformance \u201cUn violador en tu camino\u201d, un grito de protesta contra la\nviolencia de g\u00e9nero, creado por el colectivo Las Tesis en Chile, ha dado la\nvuelta al mundo y ese 25 miles de mujeres mexicanas lo replicaron en el Z\u00f3calo\nde la Ciudad de M\u00e9xico.<\/p>\n\n\n\n<p class=\"wp-block-paragraph\">Ese mismo d\u00eda un grupo de\nmujeres convocadas por el colectivo interdisciplinario Las Tesis, intervino las\ncalles de Valpara\u00edso en medio de las protestas feministas que fueron convocadas\npor el D\u00eda Internacional de la Eliminaci\u00f3n de la Violencia contra la Mujer. El\nperformance se viraliz\u00f3 a trav\u00e9s de las redes sociales y ya ha sido replicado\nen Berl\u00edn, Par\u00eds, Madrid, Bogot\u00e1 y Londres.<\/p>\n\n\n\n<p class=\"wp-block-paragraph\">Hasta el cierre del a\u00f1o no\nha habido reacci\u00f3n de las autoridades frente a la violencia recurrente, pero\ntampoco se han callado las voces.<\/p>\n\n\n\n<p class=\"wp-block-paragraph\">Lo cierto es que el \u00faltimo\ncorte de datos indica que en 2019 fueron asesinadas m\u00e1s 2 mil 833&nbsp;mujeres,\nante la indiferencia e impunidad de todos niveles de gobierno, seg\u00fan datos de\nla Red Nacional de Refugios.<\/p>\n\n\n\n<p class=\"wp-block-paragraph\">De acuerdo con la Organizaci\u00f3n Mundial\nde la Salud (OMS), en los \u00faltimos a\u00f1os (de 2003 a 2018) la violencia familiar\nen M\u00e9xico se ha incrementado un 900 por ciento, lo cual coincide con los datos\ndel Sistema de Indicadores de Impacto en L\u00ednea para la Gesti\u00f3n de la Red\nNacional de Refugios.<\/p>\n\n\n\n<p class=\"wp-block-paragraph\">\u201cLas mujeres son desplazadas por las\nviolencias no s\u00f3lo de sus hogares si no de sus entidades y municipios, deben\nabandonar sus casas, pertenencias, trabajo y amistades para salvar su vida y\nlas de sus hijas e hijos\u201d. Seguir\u00e1n moviliz\u00e1ndose, de una forma diferente a la\npensada en todo el siglo XX: con o sin organizaci\u00f3n formal, con o sin apoyos,\nsimplemente de cara al mundo.<\/p>\n\n\n\n<p class=\"wp-block-paragraph\">SL\/SL<\/p>\n","protected":false},"excerpt":{"rendered":"<p>La insurrecci\u00f3n cimbr\u00f3 a m\u00e1s de 55 ciudades mexicanas por semanas y meses, rebas\u00f3 instituciones y feminismo tradicional<\/p>\n","protected":false},"author":3,"featured_media":15253,"comment_status":"open","ping_status":"open","sticky":false,"template":"","format":"standard","meta":{"_monsterinsights_skip_tracking":false,"footnotes":""},"categories":[690,54],"tags":[],"class_list":["post-15247","post","type-post","status-publish","format-standard","has-post-thumbnail","category-690","category-mujeres"],"_links":{"self":[{"href":"https:\/\/redsemlac.com\/semmexico\/wp-json\/wp\/v2\/posts\/15247","targetHints":{"allow":["GET"]}}],"collection":[{"href":"https:\/\/redsemlac.com\/semmexico\/wp-json\/wp\/v2\/posts"}],"about":[{"href":"https:\/\/redsemlac.com\/semmexico\/wp-json\/wp\/v2\/types\/post"}],"author":[{"embeddable":true,"href":"https:\/\/redsemlac.com\/semmexico\/wp-json\/wp\/v2\/users\/3"}],"replies":[{"embeddable":true,"href":"https:\/\/redsemlac.com\/semmexico\/wp-json\/wp\/v2\/comments?post=15247"}],"version-history":[{"count":0,"href":"https:\/\/redsemlac.com\/semmexico\/wp-json\/wp\/v2\/posts\/15247\/revisions"}],"wp:featuredmedia":[{"embeddable":true,"href":"https:\/\/redsemlac.com\/semmexico\/wp-json\/wp\/v2\/media\/15253"}],"wp:attachment":[{"href":"https:\/\/redsemlac.com\/semmexico\/wp-json\/wp\/v2\/media?parent=15247"}],"wp:term":[{"taxonomy":"category","embeddable":true,"href":"https:\/\/redsemlac.com\/semmexico\/wp-json\/wp\/v2\/categories?post=15247"},{"taxonomy":"post_tag","embeddable":true,"href":"https:\/\/redsemlac.com\/semmexico\/wp-json\/wp\/v2\/tags?post=15247"}],"curies":[{"name":"wp","href":"https:\/\/api.w.org\/{rel}","templated":true}]}}