{"id":15231,"date":"2019-12-27T05:10:27","date_gmt":"2019-12-27T05:10:27","guid":{"rendered":"https:\/\/redsemlac.com\/semmexico\/?p=15231"},"modified":"2023-07-21T15:16:36","modified_gmt":"2023-07-21T20:16:36","slug":"detienen-a-un-presunto-segundo-implicado-en-agresion-a-saxofonista","status":"publish","type":"post","link":"https:\/\/redsemlac.com\/semmexico\/detienen-a-un-presunto-segundo-implicado-en-agresion-a-saxofonista\/","title":{"rendered":"Detienen a un presunto segundo implicado en agresi\u00f3n a saxofonista"},"content":{"rendered":"\n<ul class=\"wp-block-list\"><li><strong>De acuerdo a la Fiscal\u00eda habr\u00eda sido quien roci\u00f3 de \u00e1cido a la v\u00edctima <\/strong><\/li><li><strong>Su intenci\u00f3n era quitarle la vida, dice la Fiscal\u00eda <\/strong><\/li><\/ul>\n\n\n\n<p class=\"wp-block-paragraph\"> <strong>Patricia Brise\u00f1o<\/strong><br> SemM\u00e9xico, Oaxaca, 26 diciembre 2019.- La Fiscal\u00eda General del Estado de Oaxaca inform\u00f3  sobre la detenci\u00f3n de un segundo probable implicado en el ataque con \u00e1cido a una mujer, llamada Mar\u00eda Elena, ocurrido el mes de septiembre pasado, en el municipio de Huajuapan de Le\u00f3n, en la regi\u00f3n Mixteca. <\/p>\n\n\n\n<p class=\"wp-block-paragraph\">El fiscal Rub\u00e9n Vasconcelos M\u00e9ndez detall\u00f3 que la instituci\u00f3n a su cargo ejecut\u00f3 en la v\u00edspera la orden de aprehensi\u00f3n girada por el Juez de Control en contra del presunto autor material por el delito de intento de feminicidio, identificado como Rubicel H.R.,  quien esta tarde de jueves tuvo su primera audiencia ante el representante del Poder Judicial.<\/p>\n\n\n\n<p class=\"wp-block-paragraph\">De acuerdo con los datos recabados por la Fiscal\u00eda, el segundo sujeto fue quien roci\u00f3 \u00e1cido sulf\u00farico a la mujer con el prop\u00f3sito de causarle la muerte, y que termin\u00f3 ocasion\u00e1ndole m\u00faltiples lesiones.<\/p>\n\n\n\n<p class=\"wp-block-paragraph\">Seg\u00fan la relator\u00eda del detenido, precis\u00f3 Vasconcelos, es hijo de Ponciano H.Y., (detenido el lunes pasado y actualmente vinculado a proceso por la misma causa), lleg\u00f3 a la ciudad de Huajuapan con el prop\u00f3sito de atacar a la v\u00edctima, a quien conoci\u00f3 solo por fotograf\u00edas.<\/p>\n\n\n\n<p class=\"wp-block-paragraph\">\u201cAlguien, cuyo nombre estamos investigando le proporcion\u00f3 el \u00e1cido para comerte el il\u00edcito; un d\u00eda despu\u00e9s de su llegada a Huajuapan, el nueve de septiembre, padre e hijo, se acercaron al domicilio. Uno se encarg\u00f3 de vigilar los alrededores, mientras otro perpetr\u00f3 el ataque, provoc\u00e1ndole a Mar\u00eda Elena, m\u00faltiples lesiones\u201d.  <\/p>\n\n\n\n<p class=\"wp-block-paragraph\">El titular de la Fiscal\u00eda asegur\u00f3 que una vez ejecutada la orden de aprehensi\u00f3n del sujeto, fue puesto a disposici\u00f3n del juez de la causa, quien fijo este d\u00eda para la realizaci\u00f3n de la primera audiencia.<\/p>\n\n\n\n<p class=\"wp-block-paragraph\">El lunes 23 de diciembre se  ejecut\u00f3 la detenci\u00f3n del primer presunto autor material del ataque con \u00e1cido en contra de Mar\u00eda Elena, de 26 a\u00f1os de edad, en el municipio conurbado de San Andr\u00e9s Huayapam, por el delito de tentativa feminicidio, cuando esta se encontraba dentro del negocio familiar, de gesti\u00f3n de visas.<\/p>\n\n\n\n<p class=\"wp-block-paragraph\">El fiscal sostuvo que la instituci\u00f3n realiza una investigaci\u00f3n con perspectiva de g\u00e9nero, sabemos que s\u00f3lo actuando as\u00ed, se lograr\u00e1 evitar la impunidad, y lograremos sanciones ejemplares que impliquen violencia y odio extremo en contra de las mujeres, por tal raz\u00f3n, pidi\u00f3 al cuerpo del Poder Judicial, revisar este caso con la misma perspectiva.<\/p>\n\n\n\n<p class=\"wp-block-paragraph\">En la relaci\u00f3n a las presunta autor\u00eda intelectual de un  ex diputado local dijo que en las actuaciones de la Fiscal\u00eda todas las personas que estuvieron involucrados con la v\u00edctimas ser\u00e1n investigados, a la vez que descart\u00f3 que act\u00faen bajo consigna.<\/p>\n\n\n\n<p class=\"wp-block-paragraph\">En otro orden, a pregunta expresa del asesinato del alcalde y sindico de San Felipe Jalapa de D\u00edaz, ocurrido el lunes 23 de diciembre, adelant\u00f3 que pudo tratarse de \u00abun ajuste de cuentas entre bandas delincuenciales\u00bb.<\/p>\n","protected":false},"excerpt":{"rendered":"<p>Su intenci\u00f3n era quitarle la vida, dice la Fiscal\u00eda <\/p>\n","protected":false},"author":3,"featured_media":15232,"comment_status":"open","ping_status":"open","sticky":false,"template":"","format":"standard","meta":{"_monsterinsights_skip_tracking":false,"footnotes":""},"categories":[690,51],"tags":[],"class_list":["post-15231","post","type-post","status-publish","format-standard","has-post-thumbnail","category-690","category-ejecutivo"],"_links":{"self":[{"href":"https:\/\/redsemlac.com\/semmexico\/wp-json\/wp\/v2\/posts\/15231","targetHints":{"allow":["GET"]}}],"collection":[{"href":"https:\/\/redsemlac.com\/semmexico\/wp-json\/wp\/v2\/posts"}],"about":[{"href":"https:\/\/redsemlac.com\/semmexico\/wp-json\/wp\/v2\/types\/post"}],"author":[{"embeddable":true,"href":"https:\/\/redsemlac.com\/semmexico\/wp-json\/wp\/v2\/users\/3"}],"replies":[{"embeddable":true,"href":"https:\/\/redsemlac.com\/semmexico\/wp-json\/wp\/v2\/comments?post=15231"}],"version-history":[{"count":0,"href":"https:\/\/redsemlac.com\/semmexico\/wp-json\/wp\/v2\/posts\/15231\/revisions"}],"wp:featuredmedia":[{"embeddable":true,"href":"https:\/\/redsemlac.com\/semmexico\/wp-json\/wp\/v2\/media\/15232"}],"wp:attachment":[{"href":"https:\/\/redsemlac.com\/semmexico\/wp-json\/wp\/v2\/media?parent=15231"}],"wp:term":[{"taxonomy":"category","embeddable":true,"href":"https:\/\/redsemlac.com\/semmexico\/wp-json\/wp\/v2\/categories?post=15231"},{"taxonomy":"post_tag","embeddable":true,"href":"https:\/\/redsemlac.com\/semmexico\/wp-json\/wp\/v2\/tags?post=15231"}],"curies":[{"name":"wp","href":"https:\/\/api.w.org\/{rel}","templated":true}]}}