{"id":15223,"date":"2019-12-24T19:27:44","date_gmt":"2019-12-24T19:27:44","guid":{"rendered":"https:\/\/redsemlac.com\/semmexico\/?p=15223"},"modified":"2023-07-21T15:16:37","modified_gmt":"2023-07-21T20:16:37","slug":"detienen-al-presunto-agresor-de-maria-elena-la-saxofonista-mixteca-que-fue-atacada-con-acido","status":"publish","type":"post","link":"https:\/\/redsemlac.com\/semmexico\/detienen-al-presunto-agresor-de-maria-elena-la-saxofonista-mixteca-que-fue-atacada-con-acido\/","title":{"rendered":"Detienen al presunto agresor de Mar\u00eda Elena, la saxofonista mixteca que fue atacada con \u00e1cido"},"content":{"rendered":"\n<p class=\"wp-block-paragraph\"><strong>Patricia Brise\u00f1o<\/strong><\/p>\n\n\n\n<p class=\"wp-block-paragraph\">SemM\u00e9xico. OAXACA, Oax. 24 de diciembre 2019.-La Fiscal\u00eda General de Oaxaca  (FGO) ejecut\u00f3 ayer la orden de aprehensi\u00f3n girada por el Juez de Control en contra del presunto autor material del ataque con \u00e1cido en contra de la persona identificada como Mar\u00eda Elena, de 26 a\u00f1os de edad, ocurrido el mes de septiembre pasado, en el municipio de Huajuapan de Le\u00f3n, en la regi\u00f3n Mixteca.<\/p>\n\n\n\n<p class=\"wp-block-paragraph\">Rub\u00e9n Vasconcelos M\u00e9ndez, titular de la instituci\u00f3n detall\u00f3  que la detenci\u00f3n de  P.H.Y., se llev\u00f3 a cabo en el municipio conurbado de San Andr\u00e9s Huayapam, por el delito de tentativa feminicidio.<\/p>\n\n\n\n<p class=\"wp-block-paragraph\">Asimismo adelant\u00f3 que el mismo representante del Poder Judicial del Estado obsequi\u00f3 la orden para detenci\u00f3n en contra del presunto autor intelectual de la agresi\u00f3n directa a la ejecutante de saxof\u00f3n, cuando esta se encontraba dentro del negocio familiar, de gesti\u00f3n de visas.<\/p>\n\n\n\n<p class=\"wp-block-paragraph\">Luego de tres meses del ataque, y permanecer internada en el hospital general \u201cAurelio Valdivieso\u201d, en la ciudad de Oaxaca, por la presi\u00f3n de la sociedad civil por diversos medios a las autoridades estatales fue posible el traslado de la v\u00edctima a un hospital de alta especialidad, en la Ciudad de M\u00e9xico.<\/p>\n\n\n\n<p class=\"wp-block-paragraph\">Asimismo, el Ministerio P\u00fablico y agentes investigadores intensificaron la indagatorias para detener a los presuntos autores de rociar \u00e1cido a la mujer, que este lunes se concret\u00f3 por la instituci\u00f3n.<\/p>\n","protected":false},"excerpt":{"rendered":"<p>Patricia Brise\u00f1o SemM\u00e9xico. OAXACA, Oax. 24 de diciembre 2019.-La Fiscal\u00eda General de Oaxaca (FGO) ejecut\u00f3 ayer la orden de aprehensi\u00f3n girada por el Juez de Control en contra del presunto autor material del ataque con \u00e1cido en contra de la persona identificada como Mar\u00eda Elena, de 26 a\u00f1os de edad, ocurrido el mes de septiembre [&hellip;]<\/p>\n","protected":false},"author":3,"featured_media":15224,"comment_status":"open","ping_status":"open","sticky":false,"template":"","format":"standard","meta":{"_monsterinsights_skip_tracking":false,"footnotes":""},"categories":[690,51],"tags":[],"class_list":["post-15223","post","type-post","status-publish","format-standard","has-post-thumbnail","category-690","category-ejecutivo"],"_links":{"self":[{"href":"https:\/\/redsemlac.com\/semmexico\/wp-json\/wp\/v2\/posts\/15223","targetHints":{"allow":["GET"]}}],"collection":[{"href":"https:\/\/redsemlac.com\/semmexico\/wp-json\/wp\/v2\/posts"}],"about":[{"href":"https:\/\/redsemlac.com\/semmexico\/wp-json\/wp\/v2\/types\/post"}],"author":[{"embeddable":true,"href":"https:\/\/redsemlac.com\/semmexico\/wp-json\/wp\/v2\/users\/3"}],"replies":[{"embeddable":true,"href":"https:\/\/redsemlac.com\/semmexico\/wp-json\/wp\/v2\/comments?post=15223"}],"version-history":[{"count":0,"href":"https:\/\/redsemlac.com\/semmexico\/wp-json\/wp\/v2\/posts\/15223\/revisions"}],"wp:featuredmedia":[{"embeddable":true,"href":"https:\/\/redsemlac.com\/semmexico\/wp-json\/wp\/v2\/media\/15224"}],"wp:attachment":[{"href":"https:\/\/redsemlac.com\/semmexico\/wp-json\/wp\/v2\/media?parent=15223"}],"wp:term":[{"taxonomy":"category","embeddable":true,"href":"https:\/\/redsemlac.com\/semmexico\/wp-json\/wp\/v2\/categories?post=15223"},{"taxonomy":"post_tag","embeddable":true,"href":"https:\/\/redsemlac.com\/semmexico\/wp-json\/wp\/v2\/tags?post=15223"}],"curies":[{"name":"wp","href":"https:\/\/api.w.org\/{rel}","templated":true}]}}