{"id":15218,"date":"2019-12-22T00:44:18","date_gmt":"2019-12-22T00:44:18","guid":{"rendered":"https:\/\/redsemlac.com\/semmexico\/?p=15218"},"modified":"2023-07-21T15:16:37","modified_gmt":"2023-07-21T20:16:37","slug":"reprueban-inmujeres-y-probeis-expresiones-sexistas-que-desde-el-deporte-promuevan-la-violencia-contra-las-mujeres","status":"publish","type":"post","link":"https:\/\/redsemlac.com\/semmexico\/reprueban-inmujeres-y-probeis-expresiones-sexistas-que-desde-el-deporte-promuevan-la-violencia-contra-las-mujeres\/","title":{"rendered":"Reprueban Inmujeres y Probeis  expresiones sexistas que desde el deporte promuevan la violencia contra las mujeres"},"content":{"rendered":"\n<p class=\"wp-block-paragraph\"><strong>Redacci\u00f3n<\/strong><\/p>\n\n\n\n<p class=\"wp-block-paragraph\">SemM\u00e9xico. Ciudad de M\u00e9xico. 21 de diciembre 2019.- El\nInstituto Nacional de las Mujeres (Inmujeres) y la Oficina de Presidencia para\nla Promoci\u00f3n y Desarrollo del B\u00e9isbol en M\u00e9xico (Probeis) reprobaron la\ndeclaraci\u00f3n sexista emitida por el Freddy Armando Lugo Valenzuela, quien es\npresidente de la Asociaci\u00f3n de B\u00e9isbol de Baja California, asimismo se\u00f1alan en\nun comunicado de prensa que dichas expresiones propicia ver a las mujeres como\nobjetos.<\/p>\n\n\n\n<p class=\"wp-block-paragraph\">De igual manera manifiestan que el machismo y la violencia\nde g\u00e9nero, impide el desarrollo igualitario de todas y todos los mexicanos.<\/p>\n\n\n\n<p class=\"wp-block-paragraph\">Reconocemos el reto que es eliminar la violencia contra las\nmujeres de la convivencia cotidiana y en \u00e1mbitos como el deportivo, sin\nembargo, tenemos la certeza de que esto es posible, se\u00f1alan.<\/p>\n\n\n\n<p class=\"wp-block-paragraph\">\u201cPor tal motivo, desde el Inmujeres y Probeis impulsamos\ndistintos esfuerzos institucionales para erradicar la desigualdad y propiciar\nla transformaci\u00f3n social, tal como ordenan nuestras leyes y los tratados\ninternacionales suscritos por nuestro pa\u00eds para la protecci\u00f3n de los derechos\nde las mujeres\u201d.<\/p>\n\n\n\n<p class=\"wp-block-paragraph\">Por otra parte exhortaron a las y los titulares de\norganizaciones deportivas a capacitarse en temas de derechos humanos, igualdad\nentre hombres y mujeres, no discriminaci\u00f3n, lenguaje incluyente y no sexista.<\/p>\n\n\n\n<p class=\"wp-block-paragraph\">Y llaman a las instituciones que regulan estas\norganizaciones, a que asuman la responsabilidad de promover una vida libre de\nviolencia desde el deporte, as\u00ed como a generar nuevos modelos de influencia\npara resignificar el papel de las mujeres en el deporte, el modelo de la\nmasculinidad y poner al frente los derechos de las personas con la \u00e9tica y\nprofesionalismo que requieren los espacios de formaci\u00f3n de ni\u00f1as, ni\u00f1os,\nadolescentes y j\u00f3venes.<\/p>\n\n\n\n<p class=\"wp-block-paragraph\">SEM\/IL<\/p>\n","protected":false},"excerpt":{"rendered":"<p>Exhortaron a las y los titulares de organizaciones deportivas a capacitarse en temas de derechos humanos, igualdad entre hombres y mujeres, no discriminaci\u00f3n<\/p>\n","protected":false},"author":3,"featured_media":15207,"comment_status":"open","ping_status":"open","sticky":false,"template":"","format":"standard","meta":{"_monsterinsights_skip_tracking":false,"footnotes":""},"categories":[690,51],"tags":[],"class_list":["post-15218","post","type-post","status-publish","format-standard","has-post-thumbnail","category-690","category-ejecutivo"],"_links":{"self":[{"href":"https:\/\/redsemlac.com\/semmexico\/wp-json\/wp\/v2\/posts\/15218","targetHints":{"allow":["GET"]}}],"collection":[{"href":"https:\/\/redsemlac.com\/semmexico\/wp-json\/wp\/v2\/posts"}],"about":[{"href":"https:\/\/redsemlac.com\/semmexico\/wp-json\/wp\/v2\/types\/post"}],"author":[{"embeddable":true,"href":"https:\/\/redsemlac.com\/semmexico\/wp-json\/wp\/v2\/users\/3"}],"replies":[{"embeddable":true,"href":"https:\/\/redsemlac.com\/semmexico\/wp-json\/wp\/v2\/comments?post=15218"}],"version-history":[{"count":0,"href":"https:\/\/redsemlac.com\/semmexico\/wp-json\/wp\/v2\/posts\/15218\/revisions"}],"wp:featuredmedia":[{"embeddable":true,"href":"https:\/\/redsemlac.com\/semmexico\/wp-json\/wp\/v2\/media\/15207"}],"wp:attachment":[{"href":"https:\/\/redsemlac.com\/semmexico\/wp-json\/wp\/v2\/media?parent=15218"}],"wp:term":[{"taxonomy":"category","embeddable":true,"href":"https:\/\/redsemlac.com\/semmexico\/wp-json\/wp\/v2\/categories?post=15218"},{"taxonomy":"post_tag","embeddable":true,"href":"https:\/\/redsemlac.com\/semmexico\/wp-json\/wp\/v2\/tags?post=15218"}],"curies":[{"name":"wp","href":"https:\/\/api.w.org\/{rel}","templated":true}]}}