{"id":15189,"date":"2019-12-20T19:09:45","date_gmt":"2019-12-20T19:09:45","guid":{"rendered":"https:\/\/redsemlac.com\/semmexico\/?p=15189"},"modified":"2023-07-21T15:16:37","modified_gmt":"2023-07-21T20:16:37","slug":"desinformacion-en-los-periodicos-y-discriminacion-en-las-redacciones-la-prensa-espanola-a-examen","status":"publish","type":"post","link":"https:\/\/redsemlac.com\/semmexico\/desinformacion-en-los-periodicos-y-discriminacion-en-las-redacciones-la-prensa-espanola-a-examen\/","title":{"rendered":"Desinformaci\u00f3n en los peri\u00f3dicos y discriminaci\u00f3n en las redacciones: la prensa espa\u00f1ola a examen"},"content":{"rendered":"\n<ul class=\"wp-block-list\"><li><strong> Mala retribuci\u00f3n, paro y precariedad son los 3 principales problemas que se\u00f1ala APM <\/strong><\/li><\/ul>\n\n\n\n<p class=\"wp-block-paragraph\"><strong>Por Adriana Rocha Pastor<\/strong><\/p>\n\n\n\n<p class=\"wp-block-paragraph\">SemM\u00e9xico\/AmecoPress. Madrid, 20 dic. 2019. &#8211; Confirmado: el periodismo sigue con viejos y nuevos traumas y las periodistas siguen discriminadas. \u00abLas diferencias por sexos entre los titulados y los periodistas en ejercicio y en paro\u00bb indican la discriminaci\u00f3n que viven las mujeres en la profesi\u00f3n, seg\u00fan APM. Su \u00faltimo Informe Anual sobre el quehacer de la prensa espa\u00f1ola desvela datos segregados que analizan el problema. Tambi\u00e9n ocurre con el reparto de los puestos directivos o la opini\u00f3n del 52% de las personas entrevistadas, que afirman que para llegar a un alto cargo, a ellas se les exige m\u00e1s capacitaci\u00f3n. El panorama actual aboca al techo de cristal y al \u00abescaparse\u00bb a otros campos que no tienen que ver con la labor social del cuarto poder. \u00bfTan diferente es el mismo trabajo para unas y otros?<\/p>\n\n\n\n<p class=\"wp-block-paragraph\">El periodista \u201cescudri\u00f1a el devenir de la sociedad\u201d, pero \u00bfy el devenir de nuestra profesi\u00f3n? Con esta primera idea sobre la mesa, Juan Ca\u00f1o, presidente de la Asociaci\u00f3n de Prensa de Madrid, presentaba el \u201cInforme Anual de la Profesi\u00f3n Period\u00edstica\u201d, un estudio que refleja las luces y sombras del cuarto poder. En 2019, adem\u00e1s de los datos y las estad\u00edsticas, hay 3 cap\u00edtulos sobre temas candentes: la desinformaci\u00f3n, la situaci\u00f3n de los medios promovidos por periodistas y la precariedad de la profesi\u00f3n en Europa.<\/p>\n\n\n\n<p class=\"wp-block-paragraph\">Justo esta semana, la web 24h de TVE fue hackeada: se col\u00f3 una entrevista a Carles Puigdemont. La noticia solo la public\u00f3 un diario y el ejemplo basta para mostrar la decadencia actual del periodismo. Ca\u00f1o cree que la denominaci\u00f3n fake news ya es una mentira en s\u00ed misma: \u201cSi son falsas no son noticias\u201d. \u201cDesinformaci\u00f3n\u201d le parece m\u00e1s acertada.<\/p>\n\n\n\n<p class=\"wp-block-paragraph\">David Corral, directivo y vocal de APM, felicita al Informe y recalca el trabajo de Luis Palacio y su equipo, \u201cgracias al cual se ha ido complementando y enriqueciendo el contenido\u201d. El a\u00f1o pasado, el tema espec\u00edfico fue La mujer en el periodismo: dos relatos.. Corral reflexiona sobre los \u00faltimos 8 informes: hay que ver qu\u00e9 pasa cuando la credibilidad se pone en juego. Desde 2012 hasta ahora, la confianza de la sociedad espa\u00f1ola en los medios est\u00e1 valorada, de media, con un 5,4\/10. \u201cUn aprobado raspado\u201d, seg\u00fan el directivo, que tambi\u00e9n destaca una ligera mejor\u00eda en los \u00faltimos 4 a\u00f1os. Ante las \u201cavalanchas y tsunamis de desinformaci\u00f3n\u201d, critica las \u201cfuerzas que invaden la sociedad con noticias falsas conscientemente\u201d. La lucha contra el fen\u00f3meno le resulta tit\u00e1nica pero necesaria.<\/p>\n\n\n\n<p class=\"wp-block-paragraph\">Luis Palacio es quien dirige el Informe desde hace un tiempo. El 81% de profesionales cree que la sociedad tiene una opini\u00f3n negativa sobre el periodismo, pero s\u00ed hay satisfacci\u00f3n por lo que se hace. \u00bfC\u00f3mo puede ser? Palacio, tras examinar los retos actuales, tacha la prensa como un \u201centorno laboral hostil\u201d. Propone contemplar el futuro con cautela, redefinir el trabajo en un mundo digital\u2026<\/p>\n\n\n\n<p class=\"wp-block-paragraph\">Del n\u00famero de personas licenciadas al n\u00famero de contratos laborales hay un trecho. En 2013 se alcanzaron los picos de desempleo m\u00e1s altos, pero el paro period\u00edstico todav\u00eda ha de resolverse. M\u00e1s si segregamos por sexo: el 63% son periodistas mujeres en paro; el 37%, nuestros compa\u00f1eros. El panorama es curioso porque el porcentaje de mujeres que acaban la carrera de periodismo es m\u00e1s alto, pero \u00bfentonces por qu\u00e9 tenemos menos trabajo? Sobre el reparto por sexos de los titulados en Periodismo, \u201cla relaci\u00f3n se mantiene bastante estable a lo largo de los a\u00f1os\u00bb, coinciden precisamente los mismos porcentajes correspondientes al n\u00famero de parados que al de licenciaturas, seg\u00fan la APM.<\/p>\n\n\n\n<p class=\"wp-block-paragraph\">\u00bfQu\u00e9 est\u00e1 pasando en las universidades? \u00bfY luego en el mundo laboral? El periodismo pende de un hilo porque, con los medios actuales, hay tanta informaci\u00f3n y la puede divulgar tanta gente\u2026 El Informe trata de diferenciar lo que es periodismo (informar a la sociedad) de lo que es comunicaci\u00f3n corporativa (hacer las notas de prensa de una empresa). El modo de acceder a a la profesi\u00f3n es un indicador: Palacio afirma que la discriminaci\u00f3n sexista entra en juego. Nosotras ocupamos el 61% del empleo en comunicaci\u00f3n.<\/p>\n\n\n\n<p class=\"wp-block-paragraph\">Tambi\u00e9n se pone el punto sobre las \u00edes en la problem\u00e1tica del contrato y el concepto freelance. Los factores que condicionan al periodismo por la digitalizaci\u00f3n desembocan en la creciente colaboraci\u00f3n con otra clase de perfiles. \u00bfProvoca esto que los criterios pasen a ser period\u00edsticos a t\u00e9cnicos? \u00bfImporta m\u00e1s c\u00f3mo se presenta la noticia que la noticia en s\u00ed misma? Cada reflexi\u00f3n al respecto dir\u00e1 una cosa: el Informe de APM recoge conclusiones e ideas que el periodismo necesita.<\/p>\n\n\n\n<p class=\"wp-block-paragraph\">Las nuevas tecnolog\u00edas, a las periodistas, nos sientan mejor que los medios impresos. El reparto de los puestos directivos de los 100 medios m\u00e1s influyentes de Espa\u00f1a est\u00e1 desnivelado: ellos est\u00e1n al mando en el 75% de los casos. Y se ha avanzado mucho a nivel igualdad al respecto: un incremento del 25% es muy positivo teniendo en cuenta que hace medio siglo ni siquiera hubi\u00e9ramos hecho esta pregunta. Los datos segregados por sexo nos avalan en esta lucha, y Juan Palacio lo sabe: explica que a las mujeres se les exige m\u00e1s capacitaci\u00f3n, por lo general. De las opiniones segregadas, de la voz \u00fanica de las periodistas, nace el doble relato. Aunque se analice, la discriminaci\u00f3n profesional la cuentan distinto ellas que ellos.<\/p>\n\n\n\n<p class=\"wp-block-paragraph\">Palacio habla tambi\u00e9n del desplazamiento de los recursos econ\u00f3micos, la (necesaria) inversi\u00f3n publicitaria, la convergencia de diferentes disciplinas, la transformaci\u00f3n de la informaci\u00f3n en infotainment. APM avisa de que se vislumbra el m\u00e9todo paywall en el consumo period\u00edstico espa\u00f1ol. Pero avisa, sobre todo, al propio sector: si pretenden cobrar por informar, el contenido no solo deber\u00eda ser exclusivo (no de dominio p\u00fablico, como suele ocurrir) y de calidad. Independiente.<\/p>\n\n\n\n<p class=\"wp-block-paragraph\">Los principales problemas del periodismo, en conclusi\u00f3n, son la mala retribuci\u00f3n, el paro y la precariedad. En 2018 la posici\u00f3n de las mujeres en el periodismo se eligi\u00f3 como tema, pero fuera de etiquetarnos como \u201clo femenino\u201d dentro de un campo, \u00bfqu\u00e9 tal lidiar con el doble relato? Aunque los datos segregados por sexo incitan a tomarse en serio la situaci\u00f3n de las periodistas, todav\u00eda son muchas categor\u00edas, muchas tablas, que no se est\u00e1n analizando as\u00ed. Si se sabe que las secciones de portada -Pol\u00edtica, Econom\u00eda y Deporte- son las m\u00e1s le\u00eddas, \u00bfpor qu\u00e9 no preguntarse qui\u00e9n suele escribirlas? La desmotivaci\u00f3n general puede desorientar a las periodistas reci\u00e9n graduadas si los datos demuestran que les va a ir peor que a sus compa\u00f1eros de facultad. El avance es lento, pero es real. Y, como demuestra el Informe de APM, el terreno cibern\u00e9tico es m\u00e1s igualitario que el convencional. Si acaso las futuras periodistas no nos veremos en papel probablemente, tenemos una puerta abierta (un universo entero, quiz\u00e1).<\/p>\n","protected":false},"excerpt":{"rendered":"<p>Mala retribuci\u00f3n, paro y precariedad son los 3 principales problemas que se\u00f1ala APM<\/p>\n","protected":false},"author":3,"featured_media":15190,"comment_status":"open","ping_status":"open","sticky":false,"template":"","format":"standard","meta":{"_monsterinsights_skip_tracking":false,"footnotes":""},"categories":[690,55],"tags":[],"class_list":["post-15189","post","type-post","status-publish","format-standard","has-post-thumbnail","category-690","category-periodistas"],"_links":{"self":[{"href":"https:\/\/redsemlac.com\/semmexico\/wp-json\/wp\/v2\/posts\/15189","targetHints":{"allow":["GET"]}}],"collection":[{"href":"https:\/\/redsemlac.com\/semmexico\/wp-json\/wp\/v2\/posts"}],"about":[{"href":"https:\/\/redsemlac.com\/semmexico\/wp-json\/wp\/v2\/types\/post"}],"author":[{"embeddable":true,"href":"https:\/\/redsemlac.com\/semmexico\/wp-json\/wp\/v2\/users\/3"}],"replies":[{"embeddable":true,"href":"https:\/\/redsemlac.com\/semmexico\/wp-json\/wp\/v2\/comments?post=15189"}],"version-history":[{"count":0,"href":"https:\/\/redsemlac.com\/semmexico\/wp-json\/wp\/v2\/posts\/15189\/revisions"}],"wp:featuredmedia":[{"embeddable":true,"href":"https:\/\/redsemlac.com\/semmexico\/wp-json\/wp\/v2\/media\/15190"}],"wp:attachment":[{"href":"https:\/\/redsemlac.com\/semmexico\/wp-json\/wp\/v2\/media?parent=15189"}],"wp:term":[{"taxonomy":"category","embeddable":true,"href":"https:\/\/redsemlac.com\/semmexico\/wp-json\/wp\/v2\/categories?post=15189"},{"taxonomy":"post_tag","embeddable":true,"href":"https:\/\/redsemlac.com\/semmexico\/wp-json\/wp\/v2\/tags?post=15189"}],"curies":[{"name":"wp","href":"https:\/\/api.w.org\/{rel}","templated":true}]}}