{"id":15141,"date":"2019-12-17T20:28:38","date_gmt":"2019-12-17T20:28:38","guid":{"rendered":"https:\/\/redsemlac.com\/semmexico\/?p=15141"},"modified":"2023-07-21T15:16:39","modified_gmt":"2023-07-21T20:16:39","slug":"la-paridad-no-existe-en-la-direccion-musical","status":"publish","type":"post","link":"https:\/\/redsemlac.com\/semmexico\/la-paridad-no-existe-en-la-direccion-musical\/","title":{"rendered":"La paridad no existe en la direcci\u00f3n musical"},"content":{"rendered":"\n<ul class=\"wp-block-list\"><li><strong> Las conclusiones del Encuentro de mujeres del mundo de la m\u00fasica de la Confederaci\u00f3n Espa\u00f1ola de Sociedades Musicales (CESM) son claras: hace falta impulsar y visibilizar a las mujeres en la m\u00fasica a diario <\/strong><\/li><\/ul>\n\n\n\n<p class=\"wp-block-paragraph\"><strong>Por Redacci\u00f3n AmecoPress<\/strong><\/p>\n\n\n\n<p class=\"wp-block-paragraph\">SemM\u00e9xico\/AmecoPress. Madrid, 17 dic. 19..- La Confederaci\u00f3n Espa\u00f1ola de Sociedades Musicales (CESM) ha dado a conocer las conclusiones del Encuentro de mujeres del mundo de la m\u00fasica en el que se abord\u00f3 la presencia de la mujer en los \u00e1mbitos de la direcci\u00f3n y la gobernanza de estas asociaciones. El foro de debate, organizado por la CESM con la colaboraci\u00f3n del Instituto Nacional de las Artes Esc\u00e9nicas y de la M\u00fasica (INAEM) del Ministerio de Educaci\u00f3n, Cultura y Deporte, se celebr\u00f3 recientemente en la asamblea general de la entidad en Yecla (Murcia).<\/p>\n\n\n\n<p class=\"wp-block-paragraph\">La CESM tiene entre sus principales objetivos \u201chacer visible e impulsar el protagonismo en la m\u00fasica de la mujer, que empez\u00f3 a incorporarse a las sociedades musicales a finales de los a\u00f1os 70, y seguir\u00e1 con su labor de sensibilizaci\u00f3n al colectivo, la administraci\u00f3n y a las instituciones\u201d. En pr\u00f3ximos debates buscar\u00e1 abordar tambi\u00e9n el problema de la escasa presencia de compositoras en el panorama musical as\u00ed como buscar respuestas y soluciones a por qu\u00e9 no se programan y siguen silenciadas grandes autoras.<\/p>\n\n\n\n<p class=\"wp-block-paragraph\">En el an\u00e1lisis del \u201cEncuentro de mujeres del mundo de la m\u00fasica\u201d se constata que en las \u00faltimas d\u00e9cadas la participaci\u00f3n de la mujer en las sociedades musicales ha subido de manera notable, situ\u00e1ndose cerca del 40% con respecto a m\u00fasicos y directivos, pero sin conseguir \u201cla anhelada paridad\u201d. Sin embargo, este porcentaje en el \u00e1mbito de la direcci\u00f3n muestra un descenso brutal, ya que la estimaci\u00f3n de directoras est\u00e1 en torno al 1%.<\/p>\n\n\n\n<p class=\"wp-block-paragraph\">En pleno siglo XXI \u201ctodav\u00eda es noticia en los medios de comunicaci\u00f3n que una mujer dirija una formaci\u00f3n musical, por lo infrecuente y lo anecd\u00f3tico\u201d. Y alertan sobre reducir su presencia a las celebraciones del D\u00eda Internacional de la Mujer, el 8 de marzo, \u201ccon frecuencia solo se ofrece a las mujeres la posibilidad de dirigir en estos conciertos conmemorativos, ignor\u00e1ndola el resto del a\u00f1o\u201d.<\/p>\n\n\n\n<p class=\"wp-block-paragraph\">Por ello, desean respeto, normalidad e igualdad en los criterios de selecci\u00f3n porque cuando son contratadas \u201csu val\u00eda sale a la luz\u201d. Las mujeres tienen el obst\u00e1culo de la falta de referentes y visibilidad pero \u201cse preparan a fondo, completan curr\u00edculos envidiables, tocan puerta tras puerta, sortean opiniones negativas y pruebas\u201d, y aun as\u00ed sacan fuerzas \u201cpara desarrollar su vocaci\u00f3n\u201d.<\/p>\n\n\n\n<p class=\"wp-block-paragraph\">En la mesa redonda moderada por Rita M\u00ednguez, vocal de la junta directiva de la CESM y de la Federaci\u00f3n Regional de Sociedades Musicales de la Comunidad de Madrid, estuvieron cuatro directoras de Andaluc\u00eda, Castilla-La Mancha, Extremadura y Comunidad Valenciana, que expusieron sus experiencias y trayectoria art\u00edstica al frente de diversas formaciones de Espa\u00f1a.<\/p>\n\n\n\n<p class=\"wp-block-paragraph\">Silvia Olivero, directora y compositora malague\u00f1a, es tambi\u00e9n docente, imparte conferencias, cursos y masterclass. Su compromiso es ense\u00f1ar a pensar y abrir la mente del alumnado, no solo rellenarla. Trata de que sus alumnas rompan con los complejos, \u201ccreerse los estereotipos no deja crecer\u201d; y no quiere ser directora de un solo d\u00eda aunque ello proporciona visibilidad a la mujer. Ha dirigido diversas formaciones y en su trabajo se siente persona pero los obst\u00e1culos no dejan de recordarle que es mujer.<\/p>\n\n\n\n<p class=\"wp-block-paragraph\"><strong>Luchar ante la adversidad<\/strong><\/p>\n\n\n\n<p class=\"wp-block-paragraph\">Raquel S\u00e1nchez-Pardo, directora de la Banda de M\u00fasica de Brihuega en Guadalajara, habla de la fuerza que hace que la mujer expuesta a situaciones adversas se mantenga en su objetivo, lo tenga presente y luche para conseguirlo. Se enorgullece de que despu\u00e9s de 13 a\u00f1os al frente de su banda, \u00e9sta se haya convertido en uno de los ejes sobre los que gira la actividad cultural de Brihuega. Su incorporaci\u00f3n como directora fue dif\u00edcil y aquellos que inicialmente no la ve\u00edan al frente del proyecto son ahora sus principales valedores.<\/p>\n\n\n\n<p class=\"wp-block-paragraph\">Pilar Vizca\u00edno, directora de la Joven Orquesta de la Ciudad de M\u00e9rida, entre otras formaciones, musicoterapeuta y maestra, ha hecho una apuesta por Extremadura, su tierra, y ante las escasas posibilidades de desarrollar su trabajo se lanz\u00f3 a la aventura empresarial y a la docencia en la que sus objetivos son utilizar la m\u00fasica como herramienta para fomentar el aprendizaje, la integraci\u00f3n y educar en valores. Vizca\u00edno asegura que \u00abhay que convertir el desierto en un oasis, que florezca la cultura musical\u201d.<\/p>\n\n\n\n<p class=\"wp-block-paragraph\">Mercedes Femen\u00eda, directora del Conservatorio Municipal de M\u00fasica y de la Escuela Municipal de M\u00fasica de Pedreguer (Alicante), considera que es la ilusi\u00f3n la que le ha llevado a la m\u00fasica en muy distintas facetas: docencia, cargos directivos, edici\u00f3n de m\u00e9todos para flauta o tromb\u00f3n y la direcci\u00f3n de diversas agrupaciones desde hace m\u00e1s de 20 a\u00f1os. Ser mujer la ha obligado a un mejor desempe\u00f1o en las tareas y a tener una mayor formaci\u00f3n pero estima que \u201clo que cuesta conseguir, es m\u00e1s valorado\u201d. Femen\u00eda es positiva, \u201cahora vemos que las cosas est\u00e1n empezando a cambiar\u201d.<\/p>\n\n\n\n<p class=\"wp-block-paragraph\"><strong>Trabajar para conseguir la paridad<\/strong><\/p>\n\n\n\n<p class=\"wp-block-paragraph\">Las m\u00fasicas y directivas llegaron a similares conclusiones en lo que concierne al gobierno de sus asociaciones, consideran que \u201cno se trata de una guerra abierta entre sexos\u201d, y s\u00ed de trabajar para \u201cconseguir la paridad\u201d; comprueban que en las escuelas de m\u00fasica hay un incremento en el n\u00famero de matr\u00edculas de ni\u00f1as y consideran que \u201cla mujer alcanzar\u00e1 la inclusi\u00f3n total cuando la sociedad alcance madurez en este tema\u201d. Asimismo, instan a todas las federaciones a trabajar y obtener resultados \u00f3ptimos \u201ccon compromiso e ilusi\u00f3n, coordinaci\u00f3n y perseverancia, y cooperaci\u00f3n entre sociedades musicales y organismos oficiales\u201d.<\/p>\n\n\n\n<p class=\"wp-block-paragraph\">El Encuentro de mujeres del mundo de la m\u00fasica, organizado por la CESM con la colaboraci\u00f3n del INAEM, cont\u00f3 con la presencia de Ginesa Zamora, presidenta de la Federaci\u00f3n de Bandas de M\u00fasica de la Regi\u00f3n de Murcia; Lourdes Gavil\u00e0, secretaria general de la Federaci\u00f3n de Sociedades Musicales de la Comunidad Valenciana (FSMCV); Ana Isabel Poleo, secretaria de la Federaci\u00f3n Tinerfe\u00f1a de Bandas de M\u00fasica; estuvo moderado por Soraya Sanchis, vocal de la junta directiva de la CESM y presidenta de la Uni\u00f3 Musical de Muro (Alicante); y Patricia Soriano Vidal, concejal de Pol\u00edtica Social, Igualdad y Mujer del Ayuntamiento de Yecla asisti\u00f3 al acto de apertura.<br><\/p>\n\n\n\n<p class=\"wp-block-paragraph\"><strong>\u00abLa financiaci\u00f3n que recibe la CESM es absolutamente insuficiente\u00bb<\/strong><\/p>\n\n\n\n<p class=\"wp-block-paragraph\">Vicente Cerd\u00e1 y Lu\u00eds Vidal, presidente y secretario de la CESM, asistieron al pleno del Consejo Estatal de las Artes Esc\u00e9nicas y de la M\u00fasica, el m\u00e1s alto \u00f3rgano colegiado de asesoramiento y participaci\u00f3n del INAEM, en el que Jos\u00e9 Guirao, ministro de Cultura y Deporte en funciones, anunci\u00f3 que \u201cse est\u00e1 ultimando el borrador para la futura Ley del INAEM\u201d.<\/p>\n\n\n\n<p class=\"wp-block-paragraph\">El Instituto Nacional de las Artes Esc\u00e9nicas y de la M\u00fasica plantea la necesidad de hacer una revisi\u00f3n en profundidad del modelo de ayudas vigente, basado en las subvenciones nominativas y las de concurrencia p\u00fablica, y pondr\u00e1 en marcha en 2020 una mesa espec\u00edfica de trabajo para realizar un proceso de revisi\u00f3n integral de las ayudas que convoca y otorga con car\u00e1cter anual.<\/p>\n\n\n\n<p class=\"wp-block-paragraph\">Cerd\u00e1 asegura que \u201cesperamos que esta nueva Ley del INAEM sea sensible con nuestro colectivo y sirva para impulsar el proyecto social, educativo y cultural que desarrollan 1.100 sociedades musicales, con 80.000 m\u00fasicos, 120.000 alumnos de escuelas de m\u00fasica y 1.000.000 de socios; agrupadas en las diversas federaciones auton\u00f3micas\u201d. El presidente subraya que \u201cen la actualidad, la financiaci\u00f3n que recibe la CESM (9.000 euros) es absolutamente insuficiente y lucharemos por subvertir esta injusta situaci\u00f3n\u201d.<\/p>\n\n\n\n<p class=\"wp-block-paragraph\"><strong>Bicentenario de la Banda Primitiva de Ll\u00edria<\/strong><\/p>\n\n\n\n<p class=\"wp-block-paragraph\">Cerd\u00e1 tambi\u00e9n particip\u00f3, el pasado s\u00e1bado, en el Ciclo de Conferencias del Bicentenario de la Banda Primitiva de Ll\u00edria (1819-2019) en el que abord\u00f3 los objetivos que persigue la CESM, haciendo especial hincapi\u00e9 en la necesidad de cambiar el marco normativo con propuestas como la reducci\u00f3n del tipo de gravamen del impuesto sobre sociedades aplicable a las asociaciones para que no sea superior al que se aplica a las cooperativas (entre el 10% y el 20%). Tambi\u00e9n se baraj\u00f3 la puesta en marcha de una Ley de Mecenazgo y la rebaja del 21% al 10% del IVA para los instrumentos y las representaciones musicales, entre otros asuntos.<\/p>\n\n\n\n<p class=\"wp-block-paragraph\">En este ciclo tambi\u00e9n participaron Jos\u00e9 Alam\u00e1, compositor y miembro del consejo asesor para la candidatura Ll\u00edria Ciudad Creativa de la M\u00fasica de la UNESCO, M\u00aa Dolores Tom\u00e1s, directora del Conservatorio Superior Joaqu\u00edn Rodrigo de Val\u00e8ncia, y Salvador Oliver, inspector de Educaci\u00f3n.<br><\/p>\n","protected":false},"excerpt":{"rendered":"<p>Las conclusiones del Encuentro de mujeres del mundo de la m\u00fasica de la Confederaci\u00f3n Espa\u00f1ola de Sociedades Musicales (CESM) son claras: hace falta impulsar y visibilizar a las mujeres en la m\u00fasica a diario<\/p>\n","protected":false},"author":3,"featured_media":15142,"comment_status":"open","ping_status":"open","sticky":false,"template":"","format":"standard","meta":{"_monsterinsights_skip_tracking":false,"footnotes":""},"categories":[690,53],"tags":[],"class_list":["post-15141","post","type-post","status-publish","format-standard","has-post-thumbnail","category-690","category-internacional"],"_links":{"self":[{"href":"https:\/\/redsemlac.com\/semmexico\/wp-json\/wp\/v2\/posts\/15141","targetHints":{"allow":["GET"]}}],"collection":[{"href":"https:\/\/redsemlac.com\/semmexico\/wp-json\/wp\/v2\/posts"}],"about":[{"href":"https:\/\/redsemlac.com\/semmexico\/wp-json\/wp\/v2\/types\/post"}],"author":[{"embeddable":true,"href":"https:\/\/redsemlac.com\/semmexico\/wp-json\/wp\/v2\/users\/3"}],"replies":[{"embeddable":true,"href":"https:\/\/redsemlac.com\/semmexico\/wp-json\/wp\/v2\/comments?post=15141"}],"version-history":[{"count":0,"href":"https:\/\/redsemlac.com\/semmexico\/wp-json\/wp\/v2\/posts\/15141\/revisions"}],"wp:featuredmedia":[{"embeddable":true,"href":"https:\/\/redsemlac.com\/semmexico\/wp-json\/wp\/v2\/media\/15142"}],"wp:attachment":[{"href":"https:\/\/redsemlac.com\/semmexico\/wp-json\/wp\/v2\/media?parent=15141"}],"wp:term":[{"taxonomy":"category","embeddable":true,"href":"https:\/\/redsemlac.com\/semmexico\/wp-json\/wp\/v2\/categories?post=15141"},{"taxonomy":"post_tag","embeddable":true,"href":"https:\/\/redsemlac.com\/semmexico\/wp-json\/wp\/v2\/tags?post=15141"}],"curies":[{"name":"wp","href":"https:\/\/api.w.org\/{rel}","templated":true}]}}