{"id":15138,"date":"2019-12-17T19:45:54","date_gmt":"2019-12-17T19:45:54","guid":{"rendered":"https:\/\/redsemlac.com\/semmexico\/?p=15138"},"modified":"2023-07-21T15:16:39","modified_gmt":"2023-07-21T20:16:39","slug":"en-2019-el-numero-de-migrantes-alcanzo-la-cifra-de-272-millones","status":"publish","type":"post","link":"https:\/\/redsemlac.com\/semmexico\/en-2019-el-numero-de-migrantes-alcanzo-la-cifra-de-272-millones\/","title":{"rendered":"En 2019, el n\u00famero de migrantes alcanz\u00f3 la cifra de 272 millones"},"content":{"rendered":"\n<ul class=\"wp-block-list\"><li><strong> En estos \u00faltimos 20 a\u00f1os las mujeres se desplazan m\u00e1s y que usan estrategias diferenciadas para conseguir sus objetivos migratorios<\/strong><\/li><\/ul>\n\n\n\n<p class=\"wp-block-paragraph\"> <strong>Por Gloria L\u00f3pez <\/strong><\/p>\n\n\n\n<p class=\"wp-block-paragraph\">SemM\u00e9xico\/AmecoPress. Madrid, 17 dic. 2019. &#8211; \u201cDespierta, toma tu caf\u00e9 y escucha: doce personas han perdido la vida en su intento de llegar a Espa\u00f1a, mientras dorm\u00edas, a pocos kil\u00f3metros de ti. Murieron en el mar esperando un rescate que no lleg\u00f3 a tiempo. Nunca hay prisa para salvar vidas si son pobres, negras y migrantes\u201d. Es un mensaje difundido a trav\u00e9s de Twitter por la periodista y defensora de derechos humanos, Helena Maleno. Esta noche, 17 de diciembre, v\u00edspera de la celebraci\u00f3n del D\u00eda Internacional de las Personas Migrantes.<\/p>\n\n\n\n<p class=\"wp-block-paragraph\">Las migraciones forman parte de la historia de la humanidad y no se van a detener. Adem\u00e1s, seguramente somos muchas las personas que a la noche, al repasar nuestro d\u00eda, sentimos que nuestros aprendizajes han sido junto a otras personas, diversas, de procedencias dispares: junto a Cecilia, ecuatoriana, que nos sirvi\u00f3 el caf\u00e9 en el bar que frecuentamos en el barrio; junto a Leonel, hondure\u00f1o, que particip\u00f3 en el mismo taller; junto a Habib, de origen bengal\u00ed, que nos despacha la fruta con una sonrisa y nos acerca esa cultura milenaria. Es probable que en las comidas compartidas de la oficina, donde adem\u00e1s de los olores del t\u00e1per se comparten intercambios sobre temas varios, de un grupo de 12 personas, 5 hayan llegado desde diferentes partes del mundo.<\/p>\n\n\n\n<figure class=\"wp-block-image\"><a href=\"https:\/\/amecopress.net\/IMG\/jpg\/una_familia_a_su_llegada_a_puerto_tras_ser_rescatados_de_su_embarcacion_en_italia_2015_c_acnur_francesco_malavolta.jpg\"><img decoding=\"async\" src=\"https:\/\/amecopress.net\/local\/cache-vignettes\/L750xH278\/una_familia_a_su_llegada_a_puerto_tras_ser_rescatados_de_su_embarcacion_en_italia_2015_c_acnur_francesco_malavolta-70933.jpg\" alt=\"JPEG\"\/><\/a><\/figure>\n\n\n\n<p class=\"wp-block-paragraph\">Es probable tambi\u00e9n que esa experiencia no se parezca a lo narrado en los medios de informaci\u00f3n sobre inmigraci\u00f3n, ni a los bulos que presentan a las y los migrantes como una masa oscura y amenazante \u2013que se quedan con \u201cnuestros beneficios\u201d-, ni a las consignas que \u00faltimamente algunos pol\u00edticos lanzan contra esas personas.<\/p>\n\n\n\n<h3 class=\"wp-block-heading\">Nuestra mirada hacia el fen\u00f3meno de las migraciones y hacia la vida de esas personas que migran es vaga y huidiza<\/h3>\n\n\n\n<p class=\"wp-block-paragraph\">Sin embargo, como sociedad nuestra mirada hacia el fen\u00f3meno de las migraciones y hacia la vida de esas personas que migran es vaga y huidiza. Por qu\u00e9 migran, c\u00f3mo migran, qu\u00e9 pasa cuando consiguen llegar a esa tierra en la que depositaron sus esperanzas. La falta de profundidad en el an\u00e1lisis del que es tal vez el mayor reto de nuestra civilizaci\u00f3n, agudizado por la crisis clim\u00e1tica, nos impide dar respuestas adaptativas. Las migraciones ponen en jaque a todo un sistema.<\/p>\n\n\n\n<p class=\"wp-block-paragraph\">Las fronteras no van a detener la leg\u00edtima aspiraci\u00f3n de buscar una vida mejor. En un mundo cada vez m\u00e1s globalizado las fronteras nos separan. El dinero y las empresas pueden circular libremente, mientras que las personas no. Un pasaporte puede ser la llave que te abra todas las puertas o que te las cierre. Y el fortuito acto de nacer en un sitio o en otro condiciona nuestras vidas de manera irremediable. Migrar es sin\u00f3nimo en muchos casos de tener que enfrentar la violencia, el sufrimiento y hasta la muerte. Adem\u00e1s, el sistema se ocupa de borrar huellas y nombres de quienes pierden su vida tratando de cruzar una frontera o atravesar un muro. O de encerrar a quienes no tienen papeles. Y \u00bfqu\u00e9 pasa cuando llegan a nuestro barrio?<\/p>\n\n\n\n<figure class=\"wp-block-image\"><a href=\"https:\/\/amecopress.net\/IMG\/jpg\/cifras-2.jpg\"><img decoding=\"async\" src=\"https:\/\/amecopress.net\/local\/cache-vignettes\/L533xH750\/cifras-2-42dd6.jpg\" alt=\"JPEG\"\/><\/a><\/figure>\n\n\n\n<p class=\"wp-block-paragraph\">Naciones Unidas, con motivo de la celebraci\u00f3n del D\u00eda Internacional de las Personas Migrantes, recuerda: \u201cDesde la antig\u00fcedad, el ser humano ha estado en constante tr\u00e1nsito. Algunas personas se desplazan en busca de trabajo o de nuevas oportunidades econ\u00f3micas, para reunirse con sus familiares o para estudiar. Otras se van para escapar de conflictos, persecuciones, del terrorismo o de violaciones o abusos de los derechos humanos. Algunas lo hacen debido a efectos adversos del cambio clim\u00e1tico, desastres naturales u otros factores ambientales. En la actualidad, una gran cantidad de personas vive en un pa\u00eds distinto de aquel donde nacieron, el mayor n\u00famero hasta ahora. En 2019, el n\u00famero de migrantes alcanz\u00f3 la cifra de 272 millones, 51 millones m\u00e1s que en 2010. Losy las migrantes internacionales comprenden un 3,5% de la poblaci\u00f3n mundial, cifra que contin\u00faa en tendencia ascendente compar\u00e1ndola con el 2,8% de 2000 y el 2,3% de 1980\u201d.<\/p>\n\n\n\n<h3 class=\"wp-block-heading\">Feminizaci\u00f3n de la migraci\u00f3n<\/h3>\n\n\n\n<p class=\"wp-block-paragraph\">\u00abLa feminizaci\u00f3n de la migraci\u00f3n es un fen\u00f3meno cada vez m\u00e1s palpable y que se muestra tambi\u00e9n en los flujos que atraviesan Marruecos. En relaci\u00f3n a las mujeres extranjeras en contextos de movilidad en este pa\u00eds, en estos \u00faltimos 20 a\u00f1os podemos decir que las mujeres se desplazan m\u00e1s y que usan estrategias diferenciadas para conseguir sus objetivos migratorios. Pero lo que es m\u00e1s importante, lo hacen con diferentes estatutos que les hacen sufrir situaciones diferenciadas de vulnerabilidad. Hay que tener en cuenta, en este contexto del movimiento, que las desigualdades de g\u00e9nero existentes entre hombres y mujeres provocan que la vulnerabilidad ante situaciones de seguridad humana sea distinta. As\u00ed, procesos como la violencia machista, el acoso, la explotaci\u00f3n sexual, los delitos contra los derechos sexuales y reproductivos, y el feminicidio, crean situaciones de desplazamiento espec\u00edficas que afectan de forma directa a las mujeres.\u00bb Bajo esta introducci\u00f3n, el informe \u201cAlzando Voces\u201d, una iniciativa de la investigadora Helena Maleno presentado hace un a\u00f1o, deja evidenciada la realidad y el horror que sufren las mujeres migrantes a la hora de trasladarse a Europa, en busca de una \u201cvida mejor\u201d.<\/p>\n\n\n\n<p class=\"wp-block-paragraph\">Dividido en 5 cap\u00edtulos -valent\u00eda, fuerza, proyectos, derechos y esperanza-, el exhaustivo estudio visibiliza la vulneraci\u00f3n de derechos que sufren las mujeres subsaharianas mientras esperan en Marruecos la oportunidad de llegar a Europa, as\u00ed como la mirada fuerte y luchadora que muestran las mismas a la hora de combatir tales injusticias. Centrado en el an\u00e1lisis del discurso de estas mujeres y en la reivindicaci\u00f3n de los derechos que les pertenecen y son vulnerados, la investigaci\u00f3n se aleja de una perspectiva centrada en la compasi\u00f3n o el rechazo y se gu\u00eda hacia el retrato de las violencias a las que se enfrentan ante la brutalidad de las pol\u00edticas migratorias.<\/p>\n\n\n\n<figure class=\"wp-block-image\"><a href=\"https:\/\/amecopress.net\/IMG\/jpg\/voces_maleno.jpg\"><img decoding=\"async\" src=\"https:\/\/amecopress.net\/local\/cache-vignettes\/L594xH709\/voces_maleno-13dcc.jpg\" alt=\"JPEG\"\/><\/a><\/figure>\n\n\n\n<p class=\"wp-block-paragraph\">\u201cA nosotras nos violan, eso es as\u00ed. Pocas escapamos. Tambi\u00e9n morimos m\u00e1s, de forma m\u00e1s f\u00e1cil, en el desierto o en el agua. En cada cruce de frontera, si te quedas al borde del agua est\u00e1s expuesta a m\u00e1s violencia por ser mujer. Cada hombre que ves, ya sea negro o blanco, bandido o militar, puede convertirse en un agresor\u201d, se\u00f1ala una de las entrevistadas. Entre las vulneraciones destacadas, en el informe se da especial visibilizaci\u00f3n a aquellas relativas a los derechos fundamentales, como el derecho al trabajo, a la salud o a la educaci\u00f3n de menores. No obstante, las migrantes rechazan cualquier etiqueta que las nombre como v\u00edctimas, \u201cporque son esas violaciones de derechos las que las hacen vulnerables, pero no lo son per se\u201d.<br>En esta l\u00ednea, la investigaci\u00f3n revela las distintas estrategias de resistencia que las mujeres subsaharianas ponen en marcha, tanto a nivel individual como colectivo, relativas a una sociedad civil organizada y en forma de estructuras informales y de redes de solidaridad que desarrollan para sobrevivir durante su tr\u00e1nsito y destino.<\/p>\n\n\n\n<h3 class=\"wp-block-heading\">Historias de cohesi\u00f3n social<\/h3>\n\n\n\n<p class=\"wp-block-paragraph\">Tambi\u00e9n la ONU centra la celebraci\u00f3n del D\u00eda Internacional del Migrante este a\u00f1o en las historias de \u201ccohesi\u00f3n social\u201d que son tan variadas y \u00fanicas como cada una de los 272 millones de personas migrantes que \u201ccomienzan una nueva vida y construyen nuevas comunidades en cada rinc\u00f3n del mundo\u201d. \u201cAprendemos juntos, creamos juntos, trabajamos juntos, cantamos, bailamos y jugamos juntos. Vivimos juntos\u201d, as\u00ed resume la organizaci\u00f3n el significado del D\u00eda Internacional de las Personas Migrantes y su mensaje. A trav\u00e9s de la Organizaci\u00f3n Internacional para las Migraciones se pretende en este d\u00eda aplaudir a las personas migrantes y a las comunidades a las que se unen, y las comunidades que se reconstruyen a trav\u00e9s de esfuerzos mutuos.<\/p>\n\n\n\n<div class=\"wp-block-image\"><figure class=\"aligncenter\"><a href=\"https:\/\/amecopress.net\/IMG\/jpg\/soy_migrantes.jpg\"><img decoding=\"async\" src=\"https:\/\/amecopress.net\/local\/cache-vignettes\/L480xH250\/soy_migrantes-db5f4.jpg\" alt=\"JPEG\"\/><\/a><\/figure><\/div>\n\n\n\n<p class=\"wp-block-paragraph\">Provivienda es una organizaci\u00f3n sin \u00e1nimo de lucro que ha realizado el informe \u2018Una casa como refugio\u2019, en el que analiza los problemas de los itinerarios en b\u00fasqueda de hogar de los solicitantes de protecci\u00f3n internacional tanto en Vigo como en Madrid. En 2018 en Espa\u00f1a se formalizaron 54.050 solicitudes de protecci\u00f3n internacional\u201331.005 hombres y 23.045 mujeres\u2014, un 47,7% m\u00e1s que en 2017, seg\u00fan Eurostat. El a\u00f1o pasado, uno de los a\u00f1os con m\u00e1s concesiones de esta protecci\u00f3n, solo en 24% de solicitudes resueltas han sido favorables, es decir, 2.895 frente a 8.980 denegaciones. De ellas, solo 575 recibieron el estatus de refugiado y el resto de protecci\u00f3n subsidiaria. \u201cAlgunos no pueden llegar a la meta, ya que antes han sido expulsados del programa, quedando completamente desprotegidos ante un entorno que tiende a expulsarlos en vez de integrarlos\u201d, explica el informe.<\/p>\n\n\n\n<div class=\"wp-block-image\"><figure class=\"alignleft is-resized\"><a href=\"https:\/\/amecopress.net\/IMG\/png\/migrantes.png\"><img loading=\"lazy\" decoding=\"async\" src=\"https:\/\/amecopress.net\/local\/cache-vignettes\/L333xH469\/migrantes-88de0.png\" alt=\"PNG\" width=\"237\" height=\"334\"\/><\/a><\/figure><\/div>\n\n\n\n<p class=\"wp-block-paragraph\">La Red Solidaria de Acogida \u2013 red de vecinas, apartidista, autogestionada y feminista- lleva cuatro a\u00f1os trabajando por la defensa de los derechos de las personas en movimiento y denuncia que otra vez en estos d\u00edas \u201cdecenas de familias, en su mayor\u00eda solicitantes de protecci\u00f3n internacional, han tenido que ser rescatadas de la calle por las vecinas y vecinos de Madrid autorganizados ante la ineficiencia e inoperancia de las administraciones competentes\u201d.<\/p>\n\n\n\n<p class=\"wp-block-paragraph\">\u201cLa situaci\u00f3n no es nueva y la respuesta siempre es la misma\u201d, aseguran desde la Red que ha convocado para ma\u00f1ana una concentraci\u00f3n para denunciar que #MadridQuiereAcoger, el Ministerio de Trabajo, Migraciones y Seguridad Social y el Ayuntamiento de Madrid se echan culpas uno al otro, estigmatizan a las personas solicitantes sugiriendo que est\u00e1n \u201cdesbordados\u201d, pero no se plantean en serio mejorar el raqu\u00edtico sistema de acogida del Estado espa\u00f1ol destinado a familias en esta situaci\u00f3n, ni tampoco, en el caso de Madrid, ampliar y mejorar la calidad de las pocas plazas disponibles para las personas en situaci\u00f3n de exclusi\u00f3n social. \u201cLa Comunidad de Madrid ni est\u00e1 ni se la espera, imaginamos a su presidenta, Isabel D\u00edaz Ayuso, tan ocupada en el \u201cconcebido no nacido\u201d, que se ha olvidado de los ni\u00f1os y ni\u00f1as que est\u00e1n aqu\u00ed y ahora\u201d, afirman.<\/p>\n\n\n\n<p class=\"wp-block-paragraph\">\u201cEs necesario cambiar los enfoques centrados en la protecci\u00f3n por otros basados en la defensa de sus derechos\u201d, asegura el informe \u201cAlzando Voces\u201d, y contin\u00faa estableciendo que \u201capoyar el liderazgo de las mujeres migrantes y de sus organizaciones, as\u00ed como favorecer sus oportunidades de empleo, garantizar su acceso a la documentaci\u00f3n y la salud y, en general, una acci\u00f3n integral que incorpore la perspectiva de g\u00e9nero son esenciales\u201d.<\/p>\n\n\n\n<p class=\"wp-block-paragraph\">Junto a esto, el documento lanza un mensaje recogido por una de las mujeres migrantes entrevistadas, compartiendo su difusi\u00f3n en un d\u00eda primordial para combatir la fuerza del discurso pol\u00edtico xen\u00f3fobo y racista. \u201cLa pol\u00edtica de fronteras es absurda, s\u00f3lo tiran el dinero por la ventana. Los que controlan las fronteras est\u00e1n implicados en hacernos viajar a Europa, \u00bfqu\u00e9 business es este? La pol\u00edtica de fronteras tiene un gran impacto en nuestras vidas porque provoca la violaci\u00f3n de nuestros derechos, incluso nos lleva a la muerte\u201d.<\/p>\n\n\n\n<h3 class=\"wp-block-heading\">Encontrarnos<\/h3>\n\n\n\n<p class=\"wp-block-paragraph\">Hay muchos motivos que llevan a la gente a salir de su pa\u00eds. No solo el empuje de la pobreza y la b\u00fasqueda econ\u00f3mica. A veces, se huye de la guerra, o de otras formas de violencia. Tambi\u00e9n hay b\u00fasquedas m\u00e1s intangibles, aspiraciones que mueven los pies al encuentro de nuevos horizontes.<\/p>\n\n\n\n<p class=\"wp-block-paragraph\">Al llegar, estas personas sufren los mismos estereotipos, rumores y discriminaciones que han acompa\u00f1ado tradicionalmente a \u201clos otros\u201d, las personas venidas de otros lugares: \u201cNos quitan el trabajo\u201d, \u201cVienen sin contrato\u201d, \u201cNo respetan nuestra cultura y costumbres\u201d, \u201cSe quedan con las ayudas sociales\u201d, \u201cSaturan los servicios p\u00fablicos\u201d. O incluso: \u201cNos quitan a nuestros maridos\u201d, \u201cEnsucian nuestras calles\u201d. Evidentemente entre las personas inmigrantes hay personas de distinta calidez humana, tambi\u00e9n encontramos incluso algunas que llegaron hace a\u00f1os, se han establecido y tienen sus papeles, y ahora se oponen a la entrada de inmigraci\u00f3n. Igual que hay gente aut\u00f3ctona que se solidariza con las personas llegan, que las ayudan y que creen en la riqueza de la diversidad. No es un tema de bandos.<\/p>\n\n\n\n<p class=\"wp-block-paragraph\">No es f\u00e1cil \u201csoltar\u201d la situaci\u00f3n en el pa\u00eds de origen y arraigarse en el nuevo barrio. Melisa llora cuando nos ense\u00f1a la foto de sus cuatro hijos que dej\u00f3 en su pa\u00eds, en la zona de Centroam\u00e9rica, donde la pobreza y la violencia de las \u2018maras\u2019 complican la m\u00e1s b\u00e1sica existencia. Carmen la est\u00e1 ayudando a conseguir trabajo, uno de esos empleos precarios, desprestigiados y necesarios, como el cuidado de nuestras mayores y ni\u00f1os y ni\u00f1as. Vicky conoci\u00f3 a Carlos y se casaron, despu\u00e9s de ser examinados por unos funcionarios que desconfiaban de su amor y cre\u00edan que era solo un modo de legalizar la situaci\u00f3n de una colombiana sin papeles a trav\u00e9s del matrimonio con un espa\u00f1ol. Daniela participa activamente en una asociaci\u00f3n vecinal pero no puede acompa\u00f1arles en un viaje porque unas leyes le impiden cruzar la frontera. Lu\u00eds estudi\u00f3 en la universidad, en Ecuador, y vino a Madrid a mejorar sus estudios; ha conocido a gente, se le abrieron posibilidades, pero no puede trabajar porque los visados no se lo permiten, y si renuncia a ellos se arriesga a ser expulsado. Norberto es dominicano, despu\u00e9s de a\u00f1os en el barrio de Tetu\u00e1n mont\u00f3 una organizaci\u00f3n social que promueve encuentros multiculturales.<\/p>\n\n\n\n<p class=\"wp-block-paragraph\">Cuando les escuchamos, cuando nos dejamos acariciar por ellos y ellas y les reconocemos su valor, vemos lo que tienen que aportarnos, tambi\u00e9n lo que podemos aportar. Las luchas comunes. Las aspiraciones compartidas. Porque esa mirada que nos separa no es verdadera.<\/p>\n\n\n\n<p class=\"wp-block-paragraph\">Cada ser humano venimos de alg\u00fan lugar. Acaso con un particular equipaje que es tambi\u00e9n social, de nuestras decisiones en el marco de un tiempo y un espacio que nos toc\u00f3 vivir. Pero lo importante es hacia d\u00f3nde vamos. Ojal\u00e1 juntas nos dirijamos hacia la construcci\u00f3n de un nuevo mundo.<\/p>\n","protected":false},"excerpt":{"rendered":"<p> En estos \u00faltimos 20 a\u00f1os las mujeres se desplazan m\u00e1s y que usan estrategias diferenciadas para conseguir sus objetivos migratorios<\/p>\n","protected":false},"author":3,"featured_media":15139,"comment_status":"open","ping_status":"open","sticky":false,"template":"","format":"standard","meta":{"_monsterinsights_skip_tracking":false,"footnotes":""},"categories":[690,53],"tags":[],"class_list":["post-15138","post","type-post","status-publish","format-standard","has-post-thumbnail","category-690","category-internacional"],"_links":{"self":[{"href":"https:\/\/redsemlac.com\/semmexico\/wp-json\/wp\/v2\/posts\/15138","targetHints":{"allow":["GET"]}}],"collection":[{"href":"https:\/\/redsemlac.com\/semmexico\/wp-json\/wp\/v2\/posts"}],"about":[{"href":"https:\/\/redsemlac.com\/semmexico\/wp-json\/wp\/v2\/types\/post"}],"author":[{"embeddable":true,"href":"https:\/\/redsemlac.com\/semmexico\/wp-json\/wp\/v2\/users\/3"}],"replies":[{"embeddable":true,"href":"https:\/\/redsemlac.com\/semmexico\/wp-json\/wp\/v2\/comments?post=15138"}],"version-history":[{"count":0,"href":"https:\/\/redsemlac.com\/semmexico\/wp-json\/wp\/v2\/posts\/15138\/revisions"}],"wp:featuredmedia":[{"embeddable":true,"href":"https:\/\/redsemlac.com\/semmexico\/wp-json\/wp\/v2\/media\/15139"}],"wp:attachment":[{"href":"https:\/\/redsemlac.com\/semmexico\/wp-json\/wp\/v2\/media?parent=15138"}],"wp:term":[{"taxonomy":"category","embeddable":true,"href":"https:\/\/redsemlac.com\/semmexico\/wp-json\/wp\/v2\/categories?post=15138"},{"taxonomy":"post_tag","embeddable":true,"href":"https:\/\/redsemlac.com\/semmexico\/wp-json\/wp\/v2\/tags?post=15138"}],"curies":[{"name":"wp","href":"https:\/\/api.w.org\/{rel}","templated":true}]}}