{"id":15129,"date":"2019-12-17T02:55:48","date_gmt":"2019-12-17T02:55:48","guid":{"rendered":"https:\/\/redsemlac.com\/semmexico\/?p=15129"},"modified":"2023-07-21T15:16:39","modified_gmt":"2023-07-21T20:16:39","slug":"pide-senadora-intervencion-de-la-ceav-en-caso-de-saxofonista","status":"publish","type":"post","link":"https:\/\/redsemlac.com\/semmexico\/pide-senadora-intervencion-de-la-ceav-en-caso-de-saxofonista\/","title":{"rendered":"Pide senadora intervenci\u00f3n de la CEAV en caso de saxofonista"},"content":{"rendered":"\n<p class=\"wp-block-paragraph\"><strong>* Debe ser declarada como v\u00edctima de\nviolaciones a sus derechos humanos: L\u00f3pez Rabad\u00e1n<\/strong><\/p>\n\n\n\n<p class=\"wp-block-paragraph\"><strong>* Mar\u00eda Elena R\u00edos Ortiz, fue atacada\ncon \u00e1cido en septiembre pasado<\/strong><\/p>\n\n\n\n<p class=\"wp-block-paragraph\"><strong>Redacci\u00f3n<\/strong><\/p>\n\n\n\n<p class=\"wp-block-paragraph\">SemM\u00e9xico,\nCd. de M\u00e9xico, 16 diciembre 2019.- La senadora Kenia L\u00f3pez Rabad\u00e1n, presidenta\nde la Comisi\u00f3n de Derechos Humanos en el Senado, solicit\u00f3 a la nueva\nComisionada Ejecutiva de Atenci\u00f3n a V\u00edctimas (CEAV) a que declare como v\u00edctima\nde delito y violaciones graves a sus derechos humanos, a la saxofonista mixteca\nMar\u00eda Elena R\u00edos Ortiz, quien result\u00f3 atacada con \u00e1cido el pasado 9 de\nseptiembre en su natal Huajuapan de Le\u00f3n, Oaxaca.<\/p>\n\n\n\n<p class=\"wp-block-paragraph\">\u201cEl\nEjecutivo Federal tiene conocimiento de estos lamentables hechos, ya que el pasado\n6 de octubre, durante un evento p\u00fablico en la gira realizada por la entidad\noaxaque\u00f1a, Silvia R\u00edos, hermana de la saxofonista, le solicit\u00f3 ayuda para Mar\u00eda\nElena y \u00e9ste se comprometi\u00f3 p\u00fablicamente de que se le brindar\u00eda atenci\u00f3n\nm\u00e9dica\u201d, urgi\u00f3 L\u00f3pez Rabad\u00e1n.<\/p>\n\n\n\n<p class=\"wp-block-paragraph\">Lo\nanterior se dio a conocer luego de que El Heraldo Media Group, publicara una\ncarta dirigida al mandatario federal, de fecha 16 de diciembre, en la que\nSilvia R\u00edos, solicita nuevamente el apoyo del ejecutivo federal para que su\ngobierno asuma el costo de las intervenciones m\u00e9dicas y del tratamiento, as\u00ed\ncomo exige que la Fiscal\u00eda General del Estado realice una investigaci\u00f3n\ntransparente y profunda para la captura y presentaci\u00f3n de los responsables.<\/p>\n\n\n\n<p class=\"wp-block-paragraph\">Toda\nvez que no existe una Comisi\u00f3n Estatal de V\u00edctimas, se solicit\u00f3 con fundamento\nen lo dispuesto en el art\u00edculo 88 Bis de la Ley General de V\u00edctimas, que se\neval\u00fae y otorguen las medidas de ayuda inmediata, las de traslado, las de\nalojamiento y alimentaci\u00f3n, las de protecci\u00f3n y las de asesor\u00eda jur\u00eddica en\nfavor de Mar\u00eda Elena R\u00edos como v\u00edctima directa y de Silvia R\u00edos como v\u00edctima\nindirecta, as\u00ed como la consecuente reparaci\u00f3n integral del da\u00f1o por las\nviolaciones graves a sus derechos humanos, se\u00f1al\u00f3 la presidenta de la Comisi\u00f3n\nde Derechos Humanos del Senado.<\/p>\n\n\n\n<p class=\"wp-block-paragraph\">L\u00f3pez\nRabad\u00e1n, tambi\u00e9n apunt\u00f3 que esta es una lamentable situaci\u00f3n originada por el\nataque que sufri\u00f3 la joven de 26 a\u00f1os, Mar\u00eda Elena R\u00edos Ortiz por un sujeto\ndesconocido que roci\u00f3 \u00e1cido en el rostro y cuerpo de la saxofonista, y que\ndesde hace tres meses ha trastocado su vida personal, profesional y familiar,\nya que han sido objeto de amenazas de muerte y hoy temen por su integridad y\nseguridad.<\/p>\n\n\n\n<p class=\"wp-block-paragraph\">Por \u00faltimo, la legisladora indic\u00f3 que de acuerdo con informaci\u00f3n del Gobierno del Estado de Oaxaca y publicada en medios de informaci\u00f3n, el pasado viernes 13 de diciembre la v\u00edctima lleg\u00f3 a la capital del pa\u00eds para ser atendida en el Centro Nacional de Investigaci\u00f3n y Atenci\u00f3n de Quemados (CENIAQ) del Instituto Nacional de Rehabilitaci\u00f3n. Hasta el momento no ha sido identificado el atacante por parte las autoridades\u00a0 y adem\u00e1s tampoco era conocido por la v\u00edctima.<\/p>\n\n\n\n<p class=\"wp-block-paragraph\">SEM\/sj<\/p>\n","protected":false},"excerpt":{"rendered":"<p>Mar\u00eda Elena R\u00edos Ortiz, fue atacada con \u00e1cido en septiembre pasado<\/p>\n","protected":false},"author":3,"featured_media":15130,"comment_status":"open","ping_status":"open","sticky":false,"template":"","format":"standard","meta":{"_monsterinsights_skip_tracking":false,"footnotes":""},"categories":[690,50],"tags":[],"class_list":["post-15129","post","type-post","status-publish","format-standard","has-post-thumbnail","category-690","category-congreso"],"_links":{"self":[{"href":"https:\/\/redsemlac.com\/semmexico\/wp-json\/wp\/v2\/posts\/15129","targetHints":{"allow":["GET"]}}],"collection":[{"href":"https:\/\/redsemlac.com\/semmexico\/wp-json\/wp\/v2\/posts"}],"about":[{"href":"https:\/\/redsemlac.com\/semmexico\/wp-json\/wp\/v2\/types\/post"}],"author":[{"embeddable":true,"href":"https:\/\/redsemlac.com\/semmexico\/wp-json\/wp\/v2\/users\/3"}],"replies":[{"embeddable":true,"href":"https:\/\/redsemlac.com\/semmexico\/wp-json\/wp\/v2\/comments?post=15129"}],"version-history":[{"count":0,"href":"https:\/\/redsemlac.com\/semmexico\/wp-json\/wp\/v2\/posts\/15129\/revisions"}],"wp:featuredmedia":[{"embeddable":true,"href":"https:\/\/redsemlac.com\/semmexico\/wp-json\/wp\/v2\/media\/15130"}],"wp:attachment":[{"href":"https:\/\/redsemlac.com\/semmexico\/wp-json\/wp\/v2\/media?parent=15129"}],"wp:term":[{"taxonomy":"category","embeddable":true,"href":"https:\/\/redsemlac.com\/semmexico\/wp-json\/wp\/v2\/categories?post=15129"},{"taxonomy":"post_tag","embeddable":true,"href":"https:\/\/redsemlac.com\/semmexico\/wp-json\/wp\/v2\/tags?post=15129"}],"curies":[{"name":"wp","href":"https:\/\/api.w.org\/{rel}","templated":true}]}}