{"id":15123,"date":"2019-12-17T01:27:24","date_gmt":"2019-12-17T01:27:24","guid":{"rendered":"https:\/\/redsemlac.com\/semmexico\/?p=15123"},"modified":"2023-07-21T15:16:39","modified_gmt":"2023-07-21T20:16:39","slug":"jalisco-18","status":"publish","type":"post","link":"https:\/\/redsemlac.com\/semmexico\/jalisco-18\/","title":{"rendered":"Poder Judicial de Jalisco otorga libertad anticipada a feminicidas confesos y condenados"},"content":{"rendered":"\n<ul class=\"wp-block-list\"><li><strong>En menos de una semana, el Poder Judicial de Jalisco concedi\u00f3 la libertad a dos confesos y condenados feminicidas; organizaciones feministas han denunciado que esto vulnera a\u00fan m\u00e1s a las jaliscienses y convierte al estado en \u201cel para\u00edso de los feminicidas\u201d.<\/strong><\/li><\/ul>\n\n\n\n<p class=\"wp-block-paragraph\"><strong>Por Mar\u00eda Fernanda\nLattuada<\/strong><\/p>\n\n\n\n<p class=\"wp-block-paragraph\">SemM\u00e9xico\/Zona Docs. Jalisco. 16 de diciembre 2019.- A Heidi\nJurado Belloc la asesin\u00f3 su esposo el 23 de enero del 2009; sin embargo, \u00e9ste\nfue puesto en libertad, el 13 de diciembre&nbsp;\nde 2019. Eugenio L., sali\u00f3 libre 20 a\u00f1os antes de cumplir su condena que\nera de 38 a\u00f1os, esto al ser acusado por el delito de parricidio, delito donde\n\u00e9l mismo se declar\u00f3 culpable. <\/p>\n\n\n\n<p class=\"wp-block-paragraph\">El parricidio es la privaci\u00f3n de la vida de una persona con\nv\u00ednculo de sangre directo ascendiente, descendiente o un c\u00f3nyuge. <\/p>\n\n\n\n<p class=\"wp-block-paragraph\">El hombre que mand\u00f3 a asesinar a su esposa por la cantidad\nde 200 mil pesos, solicit\u00f3 el beneficio de la libertad anticipada ante el juez\nPrimero de Ejecuci\u00f3n de Penas del Estado de Jalisco, quien consider\u00f3 que\nEugenio era candidato para obtenerla.&nbsp; <\/p>\n\n\n\n<p class=\"wp-block-paragraph\">Fuentes cercanas al caso aseguran que el fallo fue otorgado\npor el juez el viernes (13 de diciembre), \u00faltimo d\u00eda de labores por lo que, a\nla fecha desconocen cu\u00e1les fueron los preceptos legales por los que fue puesto\nen libertad anticipada, ya que por el tipo de condena era imposible conseguir\ndicho beneficio.&nbsp; <\/p>\n\n\n\n<p class=\"wp-block-paragraph\">&nbsp;\u201cDesafortunadamente o\ncasualmente, se hizo la reuni\u00f3n con el juez el viernes, \u00faltimo d\u00eda de labores,\npor las vacaciones. A las 3:45 habl\u00f3 la licenciada del Ministerio P\u00fablico, ya\nse hab\u00eda dado el fallo y pr\u00e1cticamente ya estaba libre. <\/p>\n\n\n\n<p class=\"wp-block-paragraph\">Sin embargo, las oficinas de los juzgados reinician sus\nactividades hasta el 2 de enero de 2020, por lo que deber\u00e1n esperar para\nconocer los argumentos e iniciar el procedimiento de un amparo federal. <\/p>\n\n\n\n<p class=\"wp-block-paragraph\">&nbsp;\u201cVivimos en un pa\u00eds\ntan corrupto que las leyes, literal, se las pasan por el arco del triunfo y con\ndinero hacen lo que quieren [\u2026]&nbsp; el mismo\npatr\u00f3n se est\u00e1 viendo. Descaradamente sucede esto cuando m\u00e1s se lucha contra el\nfeminicidio, es una burla y una cachetada para todos\u201d, agregaron.&nbsp; <\/p>\n\n\n\n<p class=\"wp-block-paragraph\">De este mismo modo, el 12 de diciembre \u2014un d\u00eda antes de\nsalir de vacaciones \u2014, el Poder Judicial de Jalisco dio libertad y absoluci\u00f3n a\nLuis Alberto N., qui\u00e9n hab\u00eda sido sentenciado a 25 a\u00f1os de prisi\u00f3n por el\nasesinato confeso de su expareja Yolanda.&nbsp;\n<\/p>\n\n\n\n<p class=\"wp-block-paragraph\">El Comit\u00e9 de Am\u00e9rica Latina y el Caribe para la defensa de\nlos derechos de las Mujeres (CLADEM), a trav\u00e9s de un comunicado manifestaron su\nindignaci\u00f3n con el Poder Judicial del Estado de Jalisco: \u201cal convertirse en el\npara\u00edso de los feminicidas\u201d.&nbsp; <\/p>\n\n\n\n<p class=\"wp-block-paragraph\">&nbsp;\u201cLa Justicia\nPatriarcal sigue siendo la Justicia que impera en un Estado en donde las\nMujeres no importan. Exigimos una investigaci\u00f3n exhaustiva a los Magistrados\nque dictaron la absoluci\u00f3n del feminicida. [\u2026] A las Mujeres en Jalisco les\nadvertimos, que desde hoy, un feminicida m\u00e1s, goza de plena libertad gracias a\nla Justicia Patriarcal del Poder Judicial.\u201d&nbsp;\n<\/p>\n\n\n\n<p class=\"wp-block-paragraph\">Se presume que hay un tercer caso en el cual el Poder\nJudicial dio libertad a una persona acusada por el delito de feminicidio en la\nsemana previa a la suspensi\u00f3n de labores; sin embargo, se desconocen mayores\ndetalles.&nbsp; <\/p>\n\n\n\n<p class=\"wp-block-paragraph\">#JusticiaParaYolanda&nbsp; <\/p>\n\n\n\n<p class=\"wp-block-paragraph\">#JusticiaParaHeidi <\/p>\n\n\n\n<p class=\"wp-block-paragraph\">#JustciaParaTodas<\/p>\n\n\n\n<p class=\"wp-block-paragraph\">SEM- Zona Docs<\/p>\n","protected":false},"excerpt":{"rendered":"<p>En menos de una semana, el Poder Judicial de Jalisco concedi\u00f3 la libertad a dos confesos y condenados feminicidas; organizaciones feministas han denunciado que esto vulnera a\u00fan m\u00e1s a las jaliscienses y convierte al estado en \u201cel para\u00edso de los feminicidas\u201d.<\/p>\n","protected":false},"author":3,"featured_media":15124,"comment_status":"open","ping_status":"open","sticky":false,"template":"","format":"standard","meta":{"_monsterinsights_skip_tracking":false,"footnotes":""},"categories":[690,56],"tags":[],"class_list":["post-15123","post","type-post","status-publish","format-standard","has-post-thumbnail","category-690","category-redes"],"_links":{"self":[{"href":"https:\/\/redsemlac.com\/semmexico\/wp-json\/wp\/v2\/posts\/15123","targetHints":{"allow":["GET"]}}],"collection":[{"href":"https:\/\/redsemlac.com\/semmexico\/wp-json\/wp\/v2\/posts"}],"about":[{"href":"https:\/\/redsemlac.com\/semmexico\/wp-json\/wp\/v2\/types\/post"}],"author":[{"embeddable":true,"href":"https:\/\/redsemlac.com\/semmexico\/wp-json\/wp\/v2\/users\/3"}],"replies":[{"embeddable":true,"href":"https:\/\/redsemlac.com\/semmexico\/wp-json\/wp\/v2\/comments?post=15123"}],"version-history":[{"count":0,"href":"https:\/\/redsemlac.com\/semmexico\/wp-json\/wp\/v2\/posts\/15123\/revisions"}],"wp:featuredmedia":[{"embeddable":true,"href":"https:\/\/redsemlac.com\/semmexico\/wp-json\/wp\/v2\/media\/15124"}],"wp:attachment":[{"href":"https:\/\/redsemlac.com\/semmexico\/wp-json\/wp\/v2\/media?parent=15123"}],"wp:term":[{"taxonomy":"category","embeddable":true,"href":"https:\/\/redsemlac.com\/semmexico\/wp-json\/wp\/v2\/categories?post=15123"},{"taxonomy":"post_tag","embeddable":true,"href":"https:\/\/redsemlac.com\/semmexico\/wp-json\/wp\/v2\/tags?post=15123"}],"curies":[{"name":"wp","href":"https:\/\/api.w.org\/{rel}","templated":true}]}}