{"id":15118,"date":"2019-12-17T01:17:05","date_gmt":"2019-12-17T01:17:05","guid":{"rendered":"https:\/\/redsemlac.com\/semmexico\/?p=15118"},"modified":"2023-07-21T15:16:39","modified_gmt":"2023-07-21T20:16:39","slug":"nueve-anos-del-asesinato-de-marisela-escobedo","status":"publish","type":"post","link":"https:\/\/redsemlac.com\/semmexico\/nueve-anos-del-asesinato-de-marisela-escobedo\/","title":{"rendered":"Nueve a\u00f1os del asesinato de Marisela Escobedo"},"content":{"rendered":"\n<p class=\"wp-block-paragraph\"><strong>* Tras el asesinato de su hija Rub\u00ed,\nemprendi\u00f3 una campa\u00f1a para detener a su victimario<\/strong><\/p>\n\n\n\n<p class=\"wp-block-paragraph\"><strong>* Frente al palacio de gobierno de\nChihuahua, donde fue asesinada le rinden homenaje<\/strong><\/p>\n\n\n\n<p class=\"wp-block-paragraph\"><strong>Lorena Vaniezcot<\/strong><\/p>\n\n\n\n<p class=\"wp-block-paragraph\">SemM\u00e9xico,\nCd. de M\u00e9xico, 16 diciembre 2019.- Este d\u00eda se cumplen nueve a\u00f1os del asesinato\nde Marisela Escobedo Ortiz a las puertas del Palacio de Gobierno de Chihuahua,\ndonde se encontraba en plant\u00f3n para exigir justicia para su hija, Rub\u00ed Marisol\nFraire Escobedo, luego de que su victimario Sergio Rafael Barraza Bocanegra fue\npuesto en libertad por falta de pruebas.<\/p>\n\n\n\n<p class=\"wp-block-paragraph\">El\nasesinato ocurrido por la noche del 16 de diciembre del a\u00f1o 2010, y fue\ncometido \u2013se sabr\u00eda despu\u00e9s- Jos\u00e9 Enrique Jim\u00e9nez Zavala, alias \u201cel Wicked\u201d, quien huy\u00f3 del\nlugar, detenido en 2012 y encontrado muerto en su celda dos a\u00f1os despu\u00e9s,\npresuntamente asesinado por su compa\u00f1ero de celda.<\/p>\n\n\n\n<p class=\"wp-block-paragraph\">Marisela Escobedo Ortiz\ntom\u00f3 en sus manos la lucha por la justicia para su hija tras el crimen cometido\nen 2008. Aunque Sergio Rafael Barraza Bocanegra hab\u00eda confesado el asesinato de\nsu ex pareja y el lugar donde encontraron el cuerpo, \u00e9ste fue absuelto por\nCatalina Ochoa, Netzahualc\u00f3yotl Z\u00fa\u00f1iga y Rafael Baudin, quienes consideraron\ninsuficientes las pruebas presentadas por el Ministerio P\u00fablico.<\/p>\n\n\n\n<p class=\"wp-block-paragraph\">Las im\u00e1genes de Marisela\nEscobedo Ortiz, tanto en 2009, en el juzgado al momento de escuchar la\nabsoluci\u00f3n del asesino de su hija, su indignaci\u00f3n y su desgarrador grito de\nnegaci\u00f3n, como de su propio asesinato, ocurrido un a\u00f1o despu\u00e9s a las afueras\ndel palacio de gobierno, son el recordatorio viviente de la permanente negaci\u00f3n\nde justicia para las mujeres en M\u00e9xico.<\/p>\n\n\n\n<p class=\"wp-block-paragraph\">Ella convertida en una\ndefensora de derechos humanos, apel\u00f3 para que nuevamente fuera llevado ante la\njusticia, as\u00ed fue como un tribunal de circuito revoc\u00f3 la sentencia y declar\u00f3 y\nsentenci\u00f3 a Barraza Bocanegra nuevamente, pero este sigui\u00f3 pr\u00f3fugo y habr\u00eda\nperdido la vida en un enfrentamiento en noviembre de 2012.<\/p>\n\n\n\n<p class=\"wp-block-paragraph\">Tras el crimen de la\nactivista, el entonces gobernador C\u00e9sar Duarte afirm\u00f3 que solicitar\u00eda la\nseparaci\u00f3n de los jueces que dieron libertad al asesino de Rub\u00ed y quien dijo\n\u201casesin\u00f3 anoche a la se\u00f1ora Marisela\u201d.<\/p>\n\n\n\n<p class=\"wp-block-paragraph\">Convertida\nen una defensora de derechos humanos, hoy en el lugar donde ella fue asesinada\nse levant\u00f3 una Cruz de Clavos y una placa fue colocada en 2011 en la que se\nlee: \u201cAqu\u00ed fue asesinada Marsiela Escobedo Ortiz por exigir justicia en el\nfeminicidio de su hija Rub\u00ed\u201d, a quien este d\u00eda organizaciones civiles le rinden\nhomenaje.<\/p>\n\n\n\n<p class=\"wp-block-paragraph\">SEM\/lv\/sj<\/p>\n","protected":false},"excerpt":{"rendered":"<p>Frente al palacio de gobierno de Chihuahua, donde fue asesinada le rinden homenaje<\/p>\n","protected":false},"author":3,"featured_media":15119,"comment_status":"open","ping_status":"open","sticky":false,"template":"","format":"standard","meta":{"_monsterinsights_skip_tracking":false,"footnotes":""},"categories":[690,47,48],"tags":[],"class_list":["post-15118","post","type-post","status-publish","format-standard","has-post-thumbnail","category-690","category-no-mas-impunidad","category-no-mas-impunidad-no-mas-impunidad"],"_links":{"self":[{"href":"https:\/\/redsemlac.com\/semmexico\/wp-json\/wp\/v2\/posts\/15118","targetHints":{"allow":["GET"]}}],"collection":[{"href":"https:\/\/redsemlac.com\/semmexico\/wp-json\/wp\/v2\/posts"}],"about":[{"href":"https:\/\/redsemlac.com\/semmexico\/wp-json\/wp\/v2\/types\/post"}],"author":[{"embeddable":true,"href":"https:\/\/redsemlac.com\/semmexico\/wp-json\/wp\/v2\/users\/3"}],"replies":[{"embeddable":true,"href":"https:\/\/redsemlac.com\/semmexico\/wp-json\/wp\/v2\/comments?post=15118"}],"version-history":[{"count":0,"href":"https:\/\/redsemlac.com\/semmexico\/wp-json\/wp\/v2\/posts\/15118\/revisions"}],"wp:featuredmedia":[{"embeddable":true,"href":"https:\/\/redsemlac.com\/semmexico\/wp-json\/wp\/v2\/media\/15119"}],"wp:attachment":[{"href":"https:\/\/redsemlac.com\/semmexico\/wp-json\/wp\/v2\/media?parent=15118"}],"wp:term":[{"taxonomy":"category","embeddable":true,"href":"https:\/\/redsemlac.com\/semmexico\/wp-json\/wp\/v2\/categories?post=15118"},{"taxonomy":"post_tag","embeddable":true,"href":"https:\/\/redsemlac.com\/semmexico\/wp-json\/wp\/v2\/tags?post=15118"}],"curies":[{"name":"wp","href":"https:\/\/api.w.org\/{rel}","templated":true}]}}