{"id":15022,"date":"2019-12-13T19:42:37","date_gmt":"2019-12-13T19:42:37","guid":{"rendered":"https:\/\/redsemlac.com\/semmexico\/?p=15022"},"modified":"2023-07-21T15:16:42","modified_gmt":"2023-07-21T20:16:42","slug":"la-onu-en-mexico-saluda-la-votacion-del-senado-para-aprobar-la-ratificacion-del-convenio-189-de-la-oit-sobre-las-y-los-trabajadores-domesticos","status":"publish","type":"post","link":"https:\/\/redsemlac.com\/semmexico\/la-onu-en-mexico-saluda-la-votacion-del-senado-para-aprobar-la-ratificacion-del-convenio-189-de-la-oit-sobre-las-y-los-trabajadores-domesticos\/","title":{"rendered":"La ONU en M\u00e9xico saluda la votaci\u00f3n del Senado para aprobar la ratificaci\u00f3n del Convenio 189 de la OIT sobre las y los trabajadores dom\u00e9sticos"},"content":{"rendered":"\n<p class=\"wp-block-paragraph\"><strong>Redacci\u00f3n<\/strong><\/p>\n\n\n\n<p class=\"wp-block-paragraph\">SemM\u00e9xico. Ciudad de M\u00e9xico, 13 de diciembre de 2019 \u2013 El Sistema de las Naciones Unidas en M\u00e9xico saluda la votaci\u00f3n aprobatoria de la ratificaci\u00f3n del Convenio 189 de la Organizaci\u00f3n Internacional del Trabajo (OIT) efectuada el d\u00eda ayer por el Senado de la Rep\u00fablica.<\/p>\n\n\n\n<p class=\"wp-block-paragraph\">La ratificaci\u00f3n de este Convenio demuestra la voluntad del Estado mexicano por atender la hist\u00f3rica condici\u00f3n de desigualdad y discriminaci\u00f3n vivida por quienes se dedican al trabajo dom\u00e9stico, en su mayor\u00eda mujeres y ni\u00f1as, muchas de las cuales son ind\u00edgenas, migrantes o forman parte de comunidades marginadas. La ratificaci\u00f3n de este Convenio permitir\u00e1 avanzar en la armonizaci\u00f3n legislativa que d\u00e9 pie a la formalizaci\u00f3n de esta actividad laboral.<\/p>\n\n\n\n<figure class=\"wp-block-image\"><img decoding=\"async\" src=\"https:\/\/redsemlac.com\/semmexico\/wp-content\/uploads\/2019\/12\/IMG-20191212-WA0025-542x1024.jpg\" alt=\"\" class=\"wp-image-15023\"\/><\/figure>\n\n\n\n<p class=\"wp-block-paragraph\">\u201cEl Sistema de Naciones Unidas reitera su compromiso con las trabajadoras y los trabajadores dom\u00e9sticos y con el Estado mexicano para acompa\u00f1ar la implementaci\u00f3n efectiva de este Convenio y hace un llamado a las empleadoras y los empleadores para cumplir con los derechos de este sector de la poblaci\u00f3n\u201d dijo el Sr. Antonio Molpeceres, Coordinador residente de la ONU en M\u00e9xico.<\/p>\n\n\n\n<p class=\"wp-block-paragraph\">Adem\u00e1s de reconocer la importante contribuci\u00f3n de las y los trabajadores dom\u00e9sticos a la econom\u00eda de los pa\u00edses, el Convenio 189 de la OIT mandata a los Estados parte a tomar todas las medidas necesarias para asegurar la promoci\u00f3n y la protecci\u00f3n efectivas de los derechos humanos de quienes realizan trabajo dom\u00e9stico, incluyendo el acceso al sistema de seguridad social; la libertad de asociaci\u00f3n y la libertad sindical; la eliminaci\u00f3n de todas las formas de trabajo forzoso u obligatorio; la abolici\u00f3n efectiva del trabajo infantil; la eliminaci\u00f3n de la discriminaci\u00f3n en materia de empleo y ocupaci\u00f3n; la protecci\u00f3n efectiva en contra de cualquier forma de violencia entre otros.<\/p>\n\n\n\n<p class=\"wp-block-paragraph\">Finalmente, el Sistema de las Naciones Unidas en M\u00e1xico reconoce a las organizaciones de la sociedad civil, sobre todo a aquellas integradas por trabajadoras dom\u00e9sticas, por su valiosa incidencia en la ratificaci\u00f3n de este Convenio y por su lucha por la dignificaci\u00f3n de su trabajo.<\/p>\n\n\n\n<p class=\"wp-block-paragraph\">SEM\/GR<\/p>\n","protected":false},"excerpt":{"rendered":"<p>La ratificaci\u00f3n de este Convenio demuestra la voluntad del Estado mexicano por atender la hist\u00f3rica condici\u00f3n de desigualdad y discriminaci\u00f3n vivida por quienes se dedican al trabajo dom\u00e9stico,<\/p>\n","protected":false},"author":3,"featured_media":15024,"comment_status":"open","ping_status":"open","sticky":false,"template":"","format":"standard","meta":{"_monsterinsights_skip_tracking":false,"footnotes":""},"categories":[690,51],"tags":[],"class_list":["post-15022","post","type-post","status-publish","format-standard","has-post-thumbnail","category-690","category-ejecutivo"],"_links":{"self":[{"href":"https:\/\/redsemlac.com\/semmexico\/wp-json\/wp\/v2\/posts\/15022","targetHints":{"allow":["GET"]}}],"collection":[{"href":"https:\/\/redsemlac.com\/semmexico\/wp-json\/wp\/v2\/posts"}],"about":[{"href":"https:\/\/redsemlac.com\/semmexico\/wp-json\/wp\/v2\/types\/post"}],"author":[{"embeddable":true,"href":"https:\/\/redsemlac.com\/semmexico\/wp-json\/wp\/v2\/users\/3"}],"replies":[{"embeddable":true,"href":"https:\/\/redsemlac.com\/semmexico\/wp-json\/wp\/v2\/comments?post=15022"}],"version-history":[{"count":0,"href":"https:\/\/redsemlac.com\/semmexico\/wp-json\/wp\/v2\/posts\/15022\/revisions"}],"wp:featuredmedia":[{"embeddable":true,"href":"https:\/\/redsemlac.com\/semmexico\/wp-json\/wp\/v2\/media\/15024"}],"wp:attachment":[{"href":"https:\/\/redsemlac.com\/semmexico\/wp-json\/wp\/v2\/media?parent=15022"}],"wp:term":[{"taxonomy":"category","embeddable":true,"href":"https:\/\/redsemlac.com\/semmexico\/wp-json\/wp\/v2\/categories?post=15022"},{"taxonomy":"post_tag","embeddable":true,"href":"https:\/\/redsemlac.com\/semmexico\/wp-json\/wp\/v2\/tags?post=15022"}],"curies":[{"name":"wp","href":"https:\/\/api.w.org\/{rel}","templated":true}]}}