{"id":15019,"date":"2019-12-13T02:20:24","date_gmt":"2019-12-13T02:20:24","guid":{"rendered":"https:\/\/redsemlac.com\/semmexico\/?p=15019"},"modified":"2023-07-21T15:16:42","modified_gmt":"2023-07-21T20:16:42","slug":"opinion-260","status":"publish","type":"post","link":"https:\/\/redsemlac.com\/semmexico\/opinion-260\/","title":{"rendered":"Mujeres y Pol\u00edtica"},"content":{"rendered":"\n<h2 class=\"wp-block-heading\">La intangible justicia para las v\u00edctimas <\/h2>\n\n\n\n<p class=\"wp-block-paragraph\"><strong>* Sin justicia prevalecen la mayor\u00eda\nde los casos<\/strong><\/p>\n\n\n\n<p class=\"wp-block-paragraph\"><strong>Soledad Jarqu\u00edn Edgar<\/strong><\/p>\n\n\n\n<p class=\"wp-block-paragraph\">SemM\u00e9xico,\n12 diciembre 2019.- Hoy cuando los poderes legislativos de buena parte del pa\u00eds\nest\u00e1n integrados por mayor\u00edas de mujeres, gracias a la paridad, se han\nenmendado algunas de las planas pendientes en materia de reglamentaci\u00f3n desde\nuna perspectiva de g\u00e9nero, sin embargo, siguen en falta las instituciones\nresponsables de ejecutar esas leyes, con una consecuencia letal: La violencia\ncontra las mujeres no da tregua.<\/p>\n\n\n\n<p class=\"wp-block-paragraph\">En\ncontraparte, resulta interesante c\u00f3mo las v\u00edctimas indirectas de la violencia\nde g\u00e9nero contra las mujeres, es decir, las familias, en espec\u00edfico madres o hermanas,\nse organizan y, lamentablemente, suman m\u00e1s y m\u00e1s cada d\u00eda. Ellas, acompa\u00f1adas o\nno por organizaciones civiles y defensoras de derechos humanos, toman la calle\nante la provocaci\u00f3n indigna de la falta de justicia, ante esa condici\u00f3n que\nasumen las instituciones como las fiscal\u00edas o procuradur\u00edas de sentirse ajenas\nal dolor de las familias, o que con sus actos se muestran incompetentes para la\ntarea que tienen.<\/p>\n\n\n\n<p class=\"wp-block-paragraph\">As\u00ed\nse han gestado muchos movimientos feministas, ahora, gracias a las \u201cbenditas\nredes sociales\u201d en el \u00e1mbito mundial en cosa de horas o quiz\u00e1 d\u00edas, que hacen posibles\nmovimientos como el #MeToo y #UnVioladorEnTuCamino que reflejan la fuerza de\nlas mujeres, pero, sobre todo, sirven para mostrar que seguimos totalmente\nindignadas frente a la ominosa actitud de buena parte de la sociedad y por\nsupuesto de los gobiernos de todos los niveles, responsables de \u201cuna vida sin\nviolencia para las mujeres\u201d.<\/p>\n\n\n\n<p class=\"wp-block-paragraph\">Cierto\nque son apenas un reflejo y se necesita mucho m\u00e1s para terminar con la\nviolencia contra las mujeres. La manifestaci\u00f3n de las mujeres es para muchos,\nprincipalmente hombres, un verdadero dolor de cabeza, porque pareciera que\nsomos las mujeres quienes nos volvemos contra la ley, al tomar la calle, pintar\nlos monumentos o encarar de frente y sin temor alguno a quienes deber\u00edan\ngenerar respuestas claras, eficientes y oportunas para prevenir, sancionar y erradicar\nesa violencia que no se entiende.<\/p>\n\n\n\n<p class=\"wp-block-paragraph\">Es\napenas un reflejo de una rabia que se contiene muchas veces, de tantas\nocasiones de tocar las puertas que no se abren y en cambio se cierran a\u00fan m\u00e1s,\nen esas instituciones que han sido llamadas \u201comisas\u201d y \u201cnegligentes\u201d, y que de\ntanto escucharlo ya no les parece ofensivo, porque tienen a considerar que\nsomos las mujeres las que estamos equivocadas en nuestras percepciones, por no\nconocer la ley, por ignorantes.<\/p>\n\n\n\n<p class=\"wp-block-paragraph\">Y\nas\u00ed todos los d\u00edas, las instituciones y sus representantes, hombres y mujeres,\nse ponen al frente, dando la cara, pero en ese sentido estricto sino como en\ncontraparte, no est\u00e1n por delante, sino en confrontaci\u00f3n, con sus caras lavadas\ny pintadas, sus trajes y vestidos de marca, y esa sabidur\u00eda que les da la\nburocracia, para repetir de manera indolente, desde sus pedestales, las\nbondades de sus acciones, de sus programas, sus alcances\u2026pero nada de eso\nalcanza porque en el fondo prevalece la falta de justicia. Y es que la justicia\ntiene muchos rostros, muchas formas, muchas caracter\u00edsticas y perfiles, muchas\nformas de ser. En M\u00e9xico no la conocemos ni pronta, ni oportuna, ni suficiente\u2026\n<\/p>\n\n\n\n<p class=\"wp-block-paragraph\">Y\nah\u00ed est\u00e1n los medios y las redes sociales donde cada d\u00eda se publican esas\nviolencias, de todo tipo, y todas duelen, parecen historias judiciales\nrepetidas, expedientes similares de suicidio que son feminicidios y a\u00f1os de\nespera de la intangible justicia, porque, aunque algunas la alcanzan despu\u00e9s se\nenfrentan a feminicidas confesos en libertad por malos procesos, por p\u00e9simas\ninvestigaciones, incluso siguen vociferando vergonzosamente que se trata de\ncr\u00edmenes pasionales, protecci\u00f3n a victimarios por razones de poder pol\u00edtico o\necon\u00f3mico, o a investigaciones todav\u00eda sin la perspectiva de g\u00e9nero, sin la\nm\u00ednima humanidad.<\/p>\n\n\n\n<p class=\"wp-block-paragraph\">Desaparici\u00f3n\nde mujeres, ni\u00f1as y ni\u00f1os, feminicidios y violencia en general contra las\nmujeres son reportadas en estos medios cada d\u00eda, sabemos que no todos llegan a\nestos espacios, pero son suficientes para darnos cuentas de la gravedad del\nproblema, uno del que desafortunadamente se siguen haciendo promesas de\natenci\u00f3n, modificaciones de leyes y declaraciones al por mayor, que se quedan\nlejos de ser lo que las v\u00edctimas indirectas siguen esperando:<\/p>\n\n\n\n<p class=\"wp-block-paragraph\">Leslie Wilson, ocho a\u00f1os sin justicia; F\u00e1tima Quintana m\u00e1s de cuatro a\u00f1os sin justicia; Ivonne Jim\u00e9nez seis a\u00f1os sin justicia; Bertha Alvarado 42 a\u00f1os sin justicia; Jesica Sevilla dos a\u00f1os sin justicia; Mar\u00eda de Jes\u00fas Jaimes Zamudio casi cuatro a\u00f1os sin justicia; Gloria Sintia Salda\u00f1a Gonz\u00e1lez tres a\u00f1os sin justicia; Araceli V\u00e1zquez Barranco seis a\u00f1os sin justicia; Ver\u00f3nica Guadalupe Ben\u00edtez Vega m\u00e1s de dos a\u00f1os sin justicia; Leslye Leticia Hern\u00e1ndez Moreno casi un a\u00f1o sin justicia; Olga Nayeli cinco a\u00f1os sin justicia; Gabriela Villarruel cuatro a\u00f1os sin justicia; Alondra Guadalupe Gonz\u00e1lez Arias casi tres a\u00f1os sin justicia; Mar\u00eda del Sol Cruz Jarqu\u00edn a\u00f1o y medio sin justicia; Mayra Abigail Guerrero Mondrag\u00f3n tres a\u00f1os sin justicia; Evangelina Alcal\u00e1 Valero, tres a\u00f1os sin justicia \u2026 <\/p>\n\n\n\n<p class=\"wp-block-paragraph\">Y\ncuando \u201cla justicia\u201d llega no es completa, como sucedi\u00f3 con Eugenia Machuca\nCampos, asesinada en octubre de 2017, cuyo victimario fue favorecido al\nreclasificar de feminicidio a homicidio, lo que permiti\u00f3 que alcanzara 43 a\u00f1os\nde prisi\u00f3n, porque de acuerdo con la autoridad \u201cpodr\u00eda rehacer su vida\u201d. O la\ninterminable justicia como el de Olga Nayeli, asesinada en 2014, por su pareja\nun m\u00e9dico, que est\u00e1 confeso, pero no sentenciado, como sucede con otros muchos\ncasos.<\/p>\n","protected":false},"excerpt":{"rendered":"<p>La intangible justicia para las v\u00edctimas <\/p>\n","protected":false},"author":3,"featured_media":8460,"comment_status":"open","ping_status":"open","sticky":false,"template":"","format":"standard","meta":{"_monsterinsights_skip_tracking":false,"footnotes":""},"categories":[690,96,75],"tags":[],"class_list":["post-15019","post","type-post","status-publish","format-standard","has-post-thumbnail","category-690","category-mujeres-y-politica","category-soledad-jarquin-edgar"],"_links":{"self":[{"href":"https:\/\/redsemlac.com\/semmexico\/wp-json\/wp\/v2\/posts\/15019","targetHints":{"allow":["GET"]}}],"collection":[{"href":"https:\/\/redsemlac.com\/semmexico\/wp-json\/wp\/v2\/posts"}],"about":[{"href":"https:\/\/redsemlac.com\/semmexico\/wp-json\/wp\/v2\/types\/post"}],"author":[{"embeddable":true,"href":"https:\/\/redsemlac.com\/semmexico\/wp-json\/wp\/v2\/users\/3"}],"replies":[{"embeddable":true,"href":"https:\/\/redsemlac.com\/semmexico\/wp-json\/wp\/v2\/comments?post=15019"}],"version-history":[{"count":0,"href":"https:\/\/redsemlac.com\/semmexico\/wp-json\/wp\/v2\/posts\/15019\/revisions"}],"wp:featuredmedia":[{"embeddable":true,"href":"https:\/\/redsemlac.com\/semmexico\/wp-json\/wp\/v2\/media\/8460"}],"wp:attachment":[{"href":"https:\/\/redsemlac.com\/semmexico\/wp-json\/wp\/v2\/media?parent=15019"}],"wp:term":[{"taxonomy":"category","embeddable":true,"href":"https:\/\/redsemlac.com\/semmexico\/wp-json\/wp\/v2\/categories?post=15019"},{"taxonomy":"post_tag","embeddable":true,"href":"https:\/\/redsemlac.com\/semmexico\/wp-json\/wp\/v2\/tags?post=15019"}],"curies":[{"name":"wp","href":"https:\/\/api.w.org\/{rel}","templated":true}]}}