{"id":15009,"date":"2019-12-13T01:18:12","date_gmt":"2019-12-13T01:18:12","guid":{"rendered":"https:\/\/redsemlac.com\/semmexico\/?p=15009"},"modified":"2023-07-21T15:16:43","modified_gmt":"2023-07-21T20:16:43","slug":"michoacan-15","status":"publish","type":"post","link":"https:\/\/redsemlac.com\/semmexico\/michoacan-15\/","title":{"rendered":"En Michoac\u00e1n, 3 mil j\u00f3venes se unen a las ferias de prevenci\u00f3n del embarazo"},"content":{"rendered":"\n<ul class=\"wp-block-list\"><li><strong>En el\nmunicipio de Ocampo, se realiz\u00f3 la sexta feria, con la participaci\u00f3n de m\u00e1s de\n600 j\u00f3venes de bachillerato, secundaria y primaria<\/strong><\/li><\/ul>\n\n\n\n<p class=\"wp-block-paragraph\"><strong>Redacci\u00f3n<\/strong><\/p>\n\n\n\n<p class=\"wp-block-paragraph\">SemM\u00e9xico. Ocampo, Michoac\u00e1n.  12 de diciembre de 2019.- Con cerca de 3 mil estudiantes de bachillerato visitados a la fecha con la Feria Pedag\u00f3gica y L\u00fadica para la Prevenci\u00f3n del Embarazo Adolescente, el Gobierno del Estado refuerzas las acciones encaminadas a abatir esa problem\u00e1tica social. <\/p>\n\n\n\n<p class=\"wp-block-paragraph\">Durante la sexta feria, realizada en el Colegio de\nBachilleres (Cobaem), del municipio de Ocampo, la secretaria de Igualdad\nSustantiva y Desarrollo de las Mujeres (Seimujer), Nuria Gabriela Hern\u00e1ndez\nAbarca, reconoci\u00f3 que el embarazo adolescente es uno de los principales\nfactores que influye en la deserci\u00f3n escolar, la cual incrementa los niveles de\npobreza y, como consecuencia en muchos casos, la violencia por razones de\ng\u00e9nero. <\/p>\n\n\n\n<ul class=\"wp-block-gallery columns-2 is-cropped wp-block-gallery-1 is-layout-flex wp-block-gallery-is-layout-flex\"><li class=\"blocks-gallery-item\"><figure><img decoding=\"async\" src=\"https:\/\/redsemlac.com\/semmexico\/wp-content\/uploads\/2019\/12\/unnamed-29-1024x682.jpg\" alt=\"\" data-id=\"15013\" data-link=\"https:\/\/redsemlac.com\/semmexico\/?attachment_id=15013\" class=\"wp-image-15013\"\/><\/figure><\/li><li class=\"blocks-gallery-item\"><figure><img decoding=\"async\" src=\"https:\/\/redsemlac.com\/semmexico\/wp-content\/uploads\/2019\/12\/unnamed-28-1024x682.jpg\" alt=\"\" data-id=\"15012\" data-link=\"https:\/\/redsemlac.com\/semmexico\/?attachment_id=15012\" class=\"wp-image-15012\"\/><\/figure><\/li><li class=\"blocks-gallery-item\"><figure><img decoding=\"async\" src=\"https:\/\/redsemlac.com\/semmexico\/wp-content\/uploads\/2019\/12\/unnamed-27-1024x683.jpg\" alt=\"\" data-id=\"15011\" data-link=\"https:\/\/redsemlac.com\/semmexico\/?attachment_id=15011\" class=\"wp-image-15011\"\/><\/figure><\/li><\/ul>\n\n\n\n<p class=\"wp-block-paragraph\">Asimismo, el jefe regional de Zit\u00e1cuaro, Carlos Paredes,\nrefrend\u00f3 el compromiso del Gobernador Silvano Aureoles Conejo, de traer a todos\nlos rincones del estado actividades educativas que les permitan conocer sus\nderechos y los riesgos de un embarazo no planeado. <\/p>\n\n\n\n<p class=\"wp-block-paragraph\">Mientras, Gaspar Romero Campos, director del CABAEM, pidi\u00f3 a\nlas y los j\u00f3venes aprovechar la posibilidad que tienen de estudiar, para\nmejorar sus condiciones de vida, \u00abestamos trabajando para mejorar la\ninfraestructura educativa, elevar el nivel educativo, les damos las\nherramientas, pero el compromiso de cumplir sus metas est\u00e1 en ustedes\u00bb. <\/p>\n\n\n\n<p class=\"wp-block-paragraph\">Finalmente, el presidente municipal de Ocampo, Roberto\nArriaga Colin, agradeci\u00f3 el trabajo que se hace desde el Gobierno de Estado, en\natender y prevenir el embarazo adolescente y la violencia contra ni\u00f1as y\nmujeres, por lo que pidi\u00f3 sigan trayendo estas actividades. <\/p>\n\n\n\n<p class=\"wp-block-paragraph\">Las pr\u00f3ximas fechas ser\u00e1n en el municipio de \u00c1lvaro Obreg\u00f3n,\nIndaparapeo, Cop\u00e1ndaro y Cher\u00e1n.<\/p>\n\n\n\n<p class=\"wp-block-paragraph\">SEM\/IL<\/p>\n","protected":false},"excerpt":{"rendered":"<p>En el municipio de Ocampo, se realiz\u00f3 la sexta feria, con la participaci\u00f3n de m\u00e1s de 600 j\u00f3venes de bachillerato, secundaria y primaria<\/p>\n","protected":false},"author":3,"featured_media":15010,"comment_status":"open","ping_status":"open","sticky":false,"template":"","format":"standard","meta":{"_monsterinsights_skip_tracking":false,"footnotes":""},"categories":[690,51],"tags":[],"class_list":["post-15009","post","type-post","status-publish","format-standard","has-post-thumbnail","category-690","category-ejecutivo"],"_links":{"self":[{"href":"https:\/\/redsemlac.com\/semmexico\/wp-json\/wp\/v2\/posts\/15009","targetHints":{"allow":["GET"]}}],"collection":[{"href":"https:\/\/redsemlac.com\/semmexico\/wp-json\/wp\/v2\/posts"}],"about":[{"href":"https:\/\/redsemlac.com\/semmexico\/wp-json\/wp\/v2\/types\/post"}],"author":[{"embeddable":true,"href":"https:\/\/redsemlac.com\/semmexico\/wp-json\/wp\/v2\/users\/3"}],"replies":[{"embeddable":true,"href":"https:\/\/redsemlac.com\/semmexico\/wp-json\/wp\/v2\/comments?post=15009"}],"version-history":[{"count":0,"href":"https:\/\/redsemlac.com\/semmexico\/wp-json\/wp\/v2\/posts\/15009\/revisions"}],"wp:featuredmedia":[{"embeddable":true,"href":"https:\/\/redsemlac.com\/semmexico\/wp-json\/wp\/v2\/media\/15010"}],"wp:attachment":[{"href":"https:\/\/redsemlac.com\/semmexico\/wp-json\/wp\/v2\/media?parent=15009"}],"wp:term":[{"taxonomy":"category","embeddable":true,"href":"https:\/\/redsemlac.com\/semmexico\/wp-json\/wp\/v2\/categories?post=15009"},{"taxonomy":"post_tag","embeddable":true,"href":"https:\/\/redsemlac.com\/semmexico\/wp-json\/wp\/v2\/tags?post=15009"}],"curies":[{"name":"wp","href":"https:\/\/api.w.org\/{rel}","templated":true}]}}