{"id":14997,"date":"2019-12-12T22:21:15","date_gmt":"2019-12-12T22:21:15","guid":{"rendered":"https:\/\/redsemlac.com\/semmexico\/?p=14997"},"modified":"2023-07-21T15:16:43","modified_gmt":"2023-07-21T20:16:43","slug":"hidalgo-3","status":"publish","type":"post","link":"https:\/\/redsemlac.com\/semmexico\/hidalgo-3\/","title":{"rendered":"Aborto en Hidalgo, continuar\u00e1 en la clandestinidad"},"content":{"rendered":"\n<p class=\"wp-block-paragraph\"><strong>* Rechaza diputaci\u00f3n despenalizar el\naborto hasta la semana 12 de gestaci\u00f3n<\/strong><\/p>\n\n\n\n<p class=\"wp-block-paragraph\"><strong>* Mayor\u00eda morenistas quienes votan en\ncontra<\/strong><\/p>\n\n\n\n<p class=\"wp-block-paragraph\"><strong>Luc\u00eda \u00c1ngeles<\/strong><\/p>\n\n\n\n<p class=\"wp-block-paragraph\">SemM\u00e9xico,\nHidalgo, 12 diciembre 2019.- Con 10 votos a favor, 15 en contra y cinco\nabstenciones, se desech\u00f3 la Iniciativa de Interrupci\u00f3n del Embarazo (ILE), en\nel Congreso del Estado de Hidalgo; dicha iniciativa se hab\u00eda convertido en un\nbot\u00edn pol\u00edtico para un peque\u00f1o grupo de legisladores ligados a la Universidad\nAut\u00f3noma del Estado de Hidalgo (UAEH). <\/p>\n\n\n\n<p class=\"wp-block-paragraph\">Minutos\nantes de que iniciar\u00e1 la sesi\u00f3n parlamentaria el coordinador del Grupo de\nMorena, Ricardo Baptista, dijo ante medios de comunicaci\u00f3n: \u201cmi recomendaci\u00f3n\nes que la bajen (la ILE) que no la mantengan, porque se trata de ganar, no de\nperder, y puede perder\u201d, y as\u00ed fue. <\/p>\n\n\n\n<ul class=\"wp-block-gallery columns-3 is-cropped wp-block-gallery-1 is-layout-flex wp-block-gallery-is-layout-flex\"><li class=\"blocks-gallery-item\"><figure><img decoding=\"async\" src=\"https:\/\/redsemlac.com\/semmexico\/wp-content\/uploads\/2019\/12\/WhatsApp-Image-2019-12-12-at-4.01.29-PM-1-768x1024.jpeg\" alt=\"\" data-id=\"14998\" data-link=\"https:\/\/redsemlac.com\/semmexico\/?attachment_id=14998\" class=\"wp-image-14998\"\/><\/figure><\/li><li class=\"blocks-gallery-item\"><figure><img decoding=\"async\" src=\"https:\/\/redsemlac.com\/semmexico\/wp-content\/uploads\/2019\/12\/WhatsApp-Image-2019-12-12-at-4.01.29-PM-768x1024.jpeg\" alt=\"\" data-id=\"14999\" data-link=\"https:\/\/redsemlac.com\/semmexico\/?attachment_id=14999\" class=\"wp-image-14999\"\/><\/figure><\/li><li class=\"blocks-gallery-item\"><figure><img decoding=\"async\" src=\"https:\/\/redsemlac.com\/semmexico\/wp-content\/uploads\/2019\/12\/WhatsApp-Image-2019-12-12-at-4.04.05-PM-1024x682.jpeg\" alt=\"\" data-id=\"15000\" data-link=\"https:\/\/redsemlac.com\/semmexico\/?attachment_id=15000\" class=\"wp-image-15000\"\/><\/figure><\/li><\/ul>\n\n\n\n<figure class=\"wp-block-video aligncenter\"><video height=\"352\" style=\"aspect-ratio: 640 \/ 352;\" width=\"640\" controls src=\"https:\/\/redsemlac.com\/semmexico\/wp-content\/uploads\/2019\/12\/WhatsApp-Video-2019-12-12-at-4.12.28-PM.mp4\"><\/video><\/figure>\n\n\n\n<p class=\"wp-block-paragraph\">Fue\nel diputado por Morena y uno de los principales promoventes de la\niniciativa,&nbsp; V\u00edctor Osmid, el encargado\nde leer el dictamen para dar paso a la votaci\u00f3n; sin embargo, durante la\nlectura fue interrumpido constantemente por tres personas, integrantes de\ngrupos pr\u00f3vida, quienes gritaban consignas como \u201casesinos\u201d, \u201cmujeres raritas\u201d,\n\u201catiendan a los diab\u00e9ticos\u201d, \u201cserpiente\u201d y \u201cte voy a llevar a La Haya\u201d,&nbsp; sus gritos ocasionaban la distracci\u00f3n de los\npresentes, por lo que se le solicit\u00f3 que fuera respetuoso o ser\u00eda desalojado\ndel Congreso.&nbsp; <\/p>\n\n\n\n<p class=\"wp-block-paragraph\">La\nvotaci\u00f3n lleg\u00f3, para despu\u00e9s votar si era regresada a comisiones o desecharla\ndefinitivamente, las y los diputados decidieron desecharla y esta fue la\ntercera vez que en Hidalgo no pasa dicha iniciativa, la diputada Tatiana\n\u00c1ngeles, de Morena, record\u00f3 que esta es la segunda vez que ella apoya la\niniciativa y que tambi\u00e9n es desechada, y que ser\u00e1 Morena quien decida el futuro\nde quienes votaron en contra, pues uno de los principios b\u00e1sicos de su partido,\nera votar a favor de la despenalizaci\u00f3n del aborto. <\/p>\n\n\n\n<p class=\"wp-block-paragraph\">Por\nsu parte, Bertha Miranda Rodr\u00edguez, integrante de Marea Verde asegur\u00f3 que no es\nla primera vez que los derechos de las mujeres se convierten en un bot\u00edn\npol\u00edtico que las y los pol\u00edticos utilizan a su antojo, para sus fines\npersonales. <\/p>\n\n\n\n<p class=\"wp-block-paragraph\">Las\nintegrantes de Marea Verde salieron de la Sala de Plenos enojadas, frustradas,\nalgunas con l\u00e1grimas en los ojos, pero decididas a seguir luchando para que\nalg\u00fan d\u00eda #SeaLey y las mujeres tengan derecho a decidir sobres sus cuerpos.<\/p>\n\n\n\n<figure class=\"wp-block-video alignright\"><video height=\"360\" style=\"aspect-ratio: 198 \/ 360;\" width=\"198\" controls src=\"https:\/\/redsemlac.com\/semmexico\/wp-content\/uploads\/2019\/12\/WhatsApp-Video-2019-12-12-at-4.12.26-PM.mp4\"><\/video><figcaption> Diputada, Roxana Montealegre <\/figcaption><\/figure>\n\n\n\n<p class=\"wp-block-paragraph\">Mientras\nellas sal\u00edan el rostro de la diputada, Roxana Montealegre, quien hab\u00eda\nprometido su apoyo incondicional a esta iniciativa, era de soberbia y se pod\u00eda\nver un gesto de orgullo, de poder, el cual para muchas se interpret\u00f3 como un\ncastigo, para quienes buscaban que se aprobar\u00e1 la iniciativa por no obedecer\nlas \u00f3rdenes y apoyarlos a recuperar la presidencia del Congreso y aceptar sus\ncondiciones para otras iniciativas. <\/p>\n\n\n\n<p class=\"wp-block-paragraph\">Por\n\u00faltimo, Ra\u00fal Baptista dijo \u201cestamos en un mes de presupuesto, para los\nhidalguenses es m\u00e1s importante el presupuesto, el tema hay que tratarlo ya\u201d y\ncon esta declaraci\u00f3n se comprueba lo que ya hab\u00eda dicho Roxana Montealegre\nanteriormente, votar\u00edan a favor de la iniciativa, si apoyaban las iniciativas\nque le dar\u00edan m\u00e1s poder al Grupo Universidad. <\/p>\n\n\n\n<p class=\"wp-block-paragraph\"><strong>\u00bfC\u00f3mo se vot\u00f3? <\/strong><\/p>\n\n\n\n<p class=\"wp-block-paragraph\">Las\ny los diputados del Grupo Morena que votaron en contra fueron: Jorge Mayorga\nOlvera, diputado que ya tuvo una controversia con el partido por el cual lleg\u00f3\nal poder por comparar la muerte de un toro, con la de una mujer; as\u00ed como Noemi\nZitle Rivas, Doralicia Mart\u00ednez Bautista, Mar\u00eda Corina Mart\u00ednez Garc\u00eda, Jos\u00e9\nLuis Mu\u00f1oz Soto, Jos\u00e9 Antonio Hern\u00e1ndez Vera, Humberto Augusto Veras Godoy y Rafael\nGarnica Alonso. <\/p>\n\n\n\n<p class=\"wp-block-paragraph\">Adem\u00e1s\nde los diputados de otros partidos como fueron: Asael Hern\u00e1ndez Cer\u00f3n, Claudia\nLilia Luna Islas, ambos del Partido Acci\u00f3n Nacional (PAN); Areli Maya Monzalvo,\nquien fue expulsada del PAN y ahora busca refugio en las filas del Grupo\nUniversidad, con miras a pertenecer a Morena, el diputado del Partido del\nTrabajo (PT) Miguel \u00c1ngel Pe\u00f1a Flores, y los priistas Jos\u00e9 Luis Espinosa Silva\ny Adela P\u00e9rez Espinoza (PRI) a pesar de que ambos hab\u00edan negociado previamente\nvotar con abstencionismo, y por \u00faltimo el diputado de Nueva Alianza Marcelino\nCarbajal Oliver. <\/p>\n\n\n\n<p class=\"wp-block-paragraph\">Mientras\nquienes se abstuvieron de votar fueron: Ricardo Baptista y Roxana Montealegre\nSalvador, ambos de Morena, y quienes en su momento hab\u00edan respaldado la\niniciativa y apoyado a las mujeres que promovieron la iniciativa. El diputado\npriista Julio Manuel Valera Piedras y los pesistas Viridiana Jajaira Aceves\nCalva y Cris\u00f3foro Rodr\u00edguez Villegas, quienes desde su esquina solo\ncontemplaban la sesi\u00f3n con un semblante de aburrimiento. <\/p>\n\n\n\n<p class=\"wp-block-paragraph\">Por\nsu parte, quienes dieron su respaldo a esta iniciativa fueron: Areli Rub\u00ed\nMiranda Ayala del Partido de la Revoluci\u00f3n Democr\u00e1tica, quien fue una de la\npromoventes, y quienes siguieron con lo estipulado por Morena; Rosalba Calva\nGarc\u00eda, Victor Osmind Guerrero Trejo, Armando Quintanar Trejo, Lucero Ambrocio\nCruz, Lisset Marcelino Tovar, Tatiana P. \u00c1ngeles Moreno y Susana Araceli\n\u00c1ngeles Quezada. La gran sorpresa fueron las priistas Mar\u00eda Luisa P\u00e9rez\nPerusqu\u00eda y Mayka Ortega Eguiluz.<\/p>\n\n\n\n<p class=\"wp-block-paragraph\">SEM\/la\/sj<\/p>\n","protected":false},"excerpt":{"rendered":"<p>Mayor\u00eda morenistas quienes votan en contra<\/p>\n","protected":false},"author":3,"featured_media":15003,"comment_status":"open","ping_status":"open","sticky":false,"template":"","format":"standard","meta":{"_monsterinsights_skip_tracking":false,"footnotes":""},"categories":[690,50],"tags":[],"class_list":["post-14997","post","type-post","status-publish","format-standard","has-post-thumbnail","category-690","category-congreso"],"_links":{"self":[{"href":"https:\/\/redsemlac.com\/semmexico\/wp-json\/wp\/v2\/posts\/14997","targetHints":{"allow":["GET"]}}],"collection":[{"href":"https:\/\/redsemlac.com\/semmexico\/wp-json\/wp\/v2\/posts"}],"about":[{"href":"https:\/\/redsemlac.com\/semmexico\/wp-json\/wp\/v2\/types\/post"}],"author":[{"embeddable":true,"href":"https:\/\/redsemlac.com\/semmexico\/wp-json\/wp\/v2\/users\/3"}],"replies":[{"embeddable":true,"href":"https:\/\/redsemlac.com\/semmexico\/wp-json\/wp\/v2\/comments?post=14997"}],"version-history":[{"count":0,"href":"https:\/\/redsemlac.com\/semmexico\/wp-json\/wp\/v2\/posts\/14997\/revisions"}],"wp:featuredmedia":[{"embeddable":true,"href":"https:\/\/redsemlac.com\/semmexico\/wp-json\/wp\/v2\/media\/15003"}],"wp:attachment":[{"href":"https:\/\/redsemlac.com\/semmexico\/wp-json\/wp\/v2\/media?parent=14997"}],"wp:term":[{"taxonomy":"category","embeddable":true,"href":"https:\/\/redsemlac.com\/semmexico\/wp-json\/wp\/v2\/categories?post=14997"},{"taxonomy":"post_tag","embeddable":true,"href":"https:\/\/redsemlac.com\/semmexico\/wp-json\/wp\/v2\/tags?post=14997"}],"curies":[{"name":"wp","href":"https:\/\/api.w.org\/{rel}","templated":true}]}}