{"id":14984,"date":"2019-12-12T21:16:09","date_gmt":"2019-12-12T21:16:09","guid":{"rendered":"https:\/\/redsemlac.com\/semmexico\/?p=14984"},"modified":"2023-07-21T15:16:43","modified_gmt":"2023-07-21T20:16:43","slug":"trata-de-personas-afecta-involucra-a-la-delincuencia-organizada","status":"publish","type":"post","link":"https:\/\/redsemlac.com\/semmexico\/trata-de-personas-afecta-involucra-a-la-delincuencia-organizada\/","title":{"rendered":"Trata de personas afecta, involucra a la delincuencia organizada"},"content":{"rendered":"\n<p class=\"wp-block-paragraph\"><strong>* Pocas autoridades en M\u00e9xico son\nsensibles para atender la trata<\/strong><\/p>\n\n\n\n<p class=\"wp-block-paragraph\"><strong>* 25 entidades no tienen refugios\nespecializados<\/strong><\/p>\n\n\n\n<p class=\"wp-block-paragraph\"><strong>Elda Montiel<\/strong><\/p>\n\n\n\n<p class=\"wp-block-paragraph\">SemM\u00e9xico, Cd. de M\u00e9xico, 12 diciembre 2019.- La trata de personas es\nel tercer negocio que m\u00e1s recursos deja a la delincuencia organizada, despu\u00e9s\ndel tr\u00e1fico de drogas y de armas, y afecta no solo a las mujeres sino a las\nni\u00f1as y los ni\u00f1os. La tercera parte del total de v\u00edctimas son menores de edad. <\/p>\n\n\n\n<p class=\"wp-block-paragraph\">El senador Miguel Mancera, coordinador del Grupo Parlamentario del\nPRD, se\u00f1al\u00f3 que afortunadamente hoy la trata de personas ya est\u00e1 reconocida en\nel art\u00edculo 19 Constitucional como uno de los delitos que requiere prisi\u00f3n\npreventiva oficiosa. \u201cYa est\u00e1 referida en la Ley Contra la Delincuencia\nOrganizada\u201d.<\/p>\n\n\n\n<p class=\"wp-block-paragraph\">Precis\u00f3 que es importante que tomemos conciencia que la explotaci\u00f3n no\nes s\u00f3lo sexual sino laboral, que involucra a la delincuencia organizada, adem\u00e1s\nque es muy dif\u00edcil detectarlo porque se puede confundir con la prostituci\u00f3n.\nLas propias v\u00edctimas pueden estar convencidas de que est\u00e1n por su voluntad y\nque no hay ning\u00fan tipo ni de enganche ni trabajo forzado.<\/p>\n\n\n\n<p class=\"wp-block-paragraph\">Celebr\u00f3 que desde la sociedad civil se den este tipo de movimientos,\ncomo el que encabeza Rosi Orozco, presidenta de <strong>Comisi\u00f3n Unid@s vs Trata AC<\/strong><strong>, <\/strong>porque ella\nha trabajado con las v\u00edctimas, est\u00e1 en una de las partes en la lucha contra la\ntrata de personas. Demuestra que cuando los seres humanos nos valoramos unos a\notros y entendemos que no importa cu\u00e1l haya sido la historia, podemos escribir\nuna nueva, preciso Mancera.<\/p>\n\n\n\n<p class=\"wp-block-paragraph\">La tambi\u00e9n autora de una Hoja en Blanco, con el que apoya el\nmovimiento mundial<em><strong>&nbsp;<\/strong><\/em><em>#FreedomGame,<\/em>se\u00f1al\u00f3 que los refugios que ya est\u00e1n en siete estados, el 99 por ciento\nde los tratantes est\u00e1n en la c\u00e1rcel. Sin embargo, a\u00f1adi\u00f3 que en 25 estados del\npa\u00eds no hay refugios. Porque cuando se acompa\u00f1a a las v\u00edctimas desde una\nlegislaci\u00f3n a favor de ellas se protege a las personas m\u00e1s vulnerables.<\/p>\n\n\n\n<p class=\"wp-block-paragraph\">Sin embargo, denunci\u00f3 que son pocas las autoridades en M\u00e9xico que\ntienen la sensibilidad para abordar el delito de trata. En el libro Hoja en\nBlanco describe como las autoridades no se involucran y no hacen nada contra\neste delito.<\/p>\n\n\n\n<p class=\"wp-block-paragraph\">El legislador Mancera destac\u00f3 que son pocos los refugios para las\nv\u00edctimas de trata de personas, y el libro tiene que ver con la funci\u00f3n\nlegislativa, porque fue a partir de una realidad que se tom\u00f3 conciencia en los\ndiferentes congresos, en las C\u00e1maras de Senadores y Diputados de la necesidad\nde contar con una legislaci\u00f3n s\u00f3lida y fuerte.<\/p>\n\n\n\n<p class=\"wp-block-paragraph\">Antes la trata de personas no exist\u00eda desde el \u00e1mbito legislativo, se\nten\u00edan otras figuras. Se hablaba de lenocinio. Cuando se puso en el debate\nincluir la trata de personas, hubo muchas voces que dec\u00edan para qu\u00e9, si ya se\ntiene el lenocinio.<\/p>\n\n\n\n<p class=\"wp-block-paragraph\">Manifest\u00f3, Mancera Espinosa, que ha sido una lucha constante, que tambi\u00e9n\nest\u00e1 se\u00f1alada en el nuevo paquete jur\u00eddico, donde se incluy\u00f3 la extensi\u00f3n de\ndominio.&nbsp;<\/p>\n\n\n\n<p class=\"wp-block-paragraph\">El senador Mancera recomend\u00f3 la lectura del libro y destac\u00f3 la\nparticipaci\u00f3n de los amigos de la lucha libre que participan en el combate de\neste fen\u00f3meno delincuencial.<\/p>\n\n\n\n<p class=\"wp-block-paragraph\">Durante la presentaci\u00f3n del libro estuvieron presentes, mujeres que\nhan sido rescatadas, quienes se\u00f1alaron que hoy tienen una nueva oportunidad de\nvida y esperanza, y que tienen la esperanza de que con este libro se har\u00e1 m\u00e1s\nconciencia sobre este mal que da\u00f1a a muchas mujeres, ni\u00f1as y ni\u00f1os. <\/p>\n\n\n\n<p class=\"wp-block-paragraph\">En el evento tambi\u00e9n estuvieron el senador del PRD, Juan Manuel F\u00f3cil\nP\u00e9rez, los luchadores Tinieblas Junior, Pirata Morgan, su hija la luchadora Morgana;\nel hijo de M\u00e1scara Sagrada, Hurac\u00e1n Ram\u00edrez Junior, el cineasta y productor\nEduardo Mart\u00ednez S\u00e1nchez, activistas y representantes de organizaciones\nsociales.<\/p>\n\n\n\n<p class=\"wp-block-paragraph\">SEM\/em\/sj<\/p>\n","protected":false},"excerpt":{"rendered":"<p>25 entidades no tienen refugios especializados<\/p>\n","protected":false},"author":3,"featured_media":14985,"comment_status":"open","ping_status":"open","sticky":false,"template":"","format":"standard","meta":{"_monsterinsights_skip_tracking":false,"footnotes":""},"categories":[690,50],"tags":[],"class_list":["post-14984","post","type-post","status-publish","format-standard","has-post-thumbnail","category-690","category-congreso"],"_links":{"self":[{"href":"https:\/\/redsemlac.com\/semmexico\/wp-json\/wp\/v2\/posts\/14984","targetHints":{"allow":["GET"]}}],"collection":[{"href":"https:\/\/redsemlac.com\/semmexico\/wp-json\/wp\/v2\/posts"}],"about":[{"href":"https:\/\/redsemlac.com\/semmexico\/wp-json\/wp\/v2\/types\/post"}],"author":[{"embeddable":true,"href":"https:\/\/redsemlac.com\/semmexico\/wp-json\/wp\/v2\/users\/3"}],"replies":[{"embeddable":true,"href":"https:\/\/redsemlac.com\/semmexico\/wp-json\/wp\/v2\/comments?post=14984"}],"version-history":[{"count":0,"href":"https:\/\/redsemlac.com\/semmexico\/wp-json\/wp\/v2\/posts\/14984\/revisions"}],"wp:featuredmedia":[{"embeddable":true,"href":"https:\/\/redsemlac.com\/semmexico\/wp-json\/wp\/v2\/media\/14985"}],"wp:attachment":[{"href":"https:\/\/redsemlac.com\/semmexico\/wp-json\/wp\/v2\/media?parent=14984"}],"wp:term":[{"taxonomy":"category","embeddable":true,"href":"https:\/\/redsemlac.com\/semmexico\/wp-json\/wp\/v2\/categories?post=14984"},{"taxonomy":"post_tag","embeddable":true,"href":"https:\/\/redsemlac.com\/semmexico\/wp-json\/wp\/v2\/tags?post=14984"}],"curies":[{"name":"wp","href":"https:\/\/api.w.org\/{rel}","templated":true}]}}