{"id":14981,"date":"2019-12-12T20:58:56","date_gmt":"2019-12-12T20:58:56","guid":{"rendered":"https:\/\/redsemlac.com\/semmexico\/?p=14981"},"modified":"2023-07-21T15:16:43","modified_gmt":"2023-07-21T20:16:43","slug":"oaxaca-106","status":"publish","type":"post","link":"https:\/\/redsemlac.com\/semmexico\/oaxaca-106\/","title":{"rendered":"Suben a Change.org petici\u00f3n de atenci\u00f3n a saxofonista atacada con \u00e1cido"},"content":{"rendered":"\n<p class=\"wp-block-paragraph\"><strong>* Ni atenci\u00f3n m\u00e9dica adecuada ni procuraci\u00f3n de\njusticia<\/strong><\/p>\n\n\n\n<p class=\"wp-block-paragraph\"><strong>* Invitan a firmar la petici\u00f3n<\/strong><\/p>\n\n\n\n<p class=\"wp-block-paragraph\"><strong>Redacci\u00f3n<\/strong><\/p>\n\n\n\n<p class=\"wp-block-paragraph\">SemM\u00e9xico, Oaxaca,\n12 diciembre 2019.- Una petici\u00f3n para que se cumpla con la ley y se d\u00e9 atenci\u00f3n\nm\u00e9dica como corresponde a Mar\u00eda Elena R\u00edos Ortiz, quien fue atacada con \u00e1cido\nen septiembre pasado en Huajuapan de Le\u00f3n, fue lanzada en la plataforma digital\nChange.org en la que se invita a apoyar la petici\u00f3n.<\/p>\n\n\n\n<p class=\"wp-block-paragraph\">En la petici\u00f3n se solicita que atenci\u00f3n\nm\u00e9dica adecuada para Mar\u00eda Elena R\u00edos Ortiz, quien fue atacada por un hombre\ncon \u00e1cido el pasado 11 de septiembre. Ella es saxofonista de 26 a\u00f1os.<\/p>\n\n\n\n<p class=\"wp-block-paragraph\">Se explica que la joven ha sido sometida a\ndolorosas intervenciones quir\u00fargicas en varias ocasiones en el Hospital Civil\nAurelio Valdivieso de la capital de ese Estado donde desafortunadamente no se cuenta ya con los medios necesarios\npara su dif\u00edcil y costoso tratamiento.&nbsp;<\/p>\n\n\n\n<p class=\"wp-block-paragraph\">Adem\u00e1s, se\u00f1ala que las autoridades correspondientes no han respondido a los reclamos de justicia\nde Mar\u00eda Elena&nbsp;y su familia pues a pesar de las declaraciones\nministeriales y pruebas vinculatorias a 90 d\u00edas de la agresi\u00f3n no han ning\u00fan\nindiciado.<\/p>\n\n\n\n<p class=\"wp-block-paragraph\">La petici\u00f3n va dirig\u00eda al gobernador\nde Oaxaca, Alejandro Murat Hinojosa; al Fiscal General del Estado de Oaxaca,\nRub\u00e9n Vasconcelos M\u00e9ndez; a la Secretaria de las Mujeres de Oaxaca, Ana V\u00e1squez\nColmenares Guzm\u00e1n, as\u00ed como al Gobierno Federal.<\/p>\n\n\n\n<p class=\"wp-block-paragraph\">Y se\u00f1ala que en el marco de los Tratados y\nla Ley General de Acceso de las Mujeres a una Vida Libre de Violencia, que en\nsu Art\u00edculo 1 se\u00f1ala: <\/p>\n\n\n\n<p class=\"wp-block-paragraph\">\u00ab<em>La presente ley tiene por objeto establecer la coordinaci\u00f3n\nentre la Federaci\u00f3n, las entidades federativas, el Distrito Federal y los\nmunicipios para prevenir, sancionar y erradicar la violencia contra las\nmujeres, as\u00ed como los principios y modalidades para garantizar su acceso a una\nvida libre de violencia que favorezca su desarrollo y bienestar conforme a los\nprincipios de igualdad y de no discriminaci\u00f3n, as\u00ed como para garantizar la\ndemocracia, el desarrollo integral y sustentable que fortalezca la soberan\u00eda y\nel r\u00e9gimen democr\u00e1tico establecidos en la Constituci\u00f3n Pol\u00edtica de los Estados\nUnidos Mexicanos; cumplan con sus debidas responsabilidades y apoyen a Mar\u00eda\nElena con el traslado a un hospital que cuente con todos los medios para su\ndebida atenci\u00f3n as\u00ed como el esclarecimiento de los hechos y la sanci\u00f3n con todo\nel peso de la Ley a los agresores\u00bb.<\/em><\/p>\n\n\n\n<p class=\"wp-block-paragraph\">En d\u00edas pasados la familia de Mar\u00eda Elena\nR\u00edos Ortiz dio a conocer la inadecuada atenci\u00f3n m\u00e9dica y, peor a\u00fan la falta de\nacceso a la justicia, en la que se inform\u00f3 se tiene identificado al agresor como\nJuan V.C. pol\u00edtico priista y empresario.<\/p>\n\n\n\n<p class=\"wp-block-paragraph\">De igual forma, defensoras de derechos\nhumanos emitieron una carta dirigida al titular del Hospital General Dr.\nAurelio Valdivieso, Ernesto Garz\u00f3n S\u00e1nchez, ante el estado cr\u00edtico de la\nartista oaxaque\u00f1a, que requiere atenci\u00f3n especializada, lo que debi\u00f3 asumir el\npersonal m\u00e9dico de esa instituci\u00f3n y no lo hizo.<\/p>\n\n\n\n<p class=\"wp-block-paragraph\">La carta\npuede ser vista y firmada en: <a href=\"http:\/\/chng.it\/cngzW9Rt\">http:\/\/chng.it\/cngzW9Rt<\/a> <\/p>\n\n\n\n<p class=\"wp-block-paragraph\">SEM\/sj<\/p>\n","protected":false},"excerpt":{"rendered":"<p> Invitan a firmar la petici\u00f3n<\/p>\n","protected":false},"author":3,"featured_media":14982,"comment_status":"open","ping_status":"open","sticky":false,"template":"","format":"standard","meta":{"_monsterinsights_skip_tracking":false,"footnotes":""},"categories":[690,54],"tags":[],"class_list":["post-14981","post","type-post","status-publish","format-standard","has-post-thumbnail","category-690","category-mujeres"],"_links":{"self":[{"href":"https:\/\/redsemlac.com\/semmexico\/wp-json\/wp\/v2\/posts\/14981","targetHints":{"allow":["GET"]}}],"collection":[{"href":"https:\/\/redsemlac.com\/semmexico\/wp-json\/wp\/v2\/posts"}],"about":[{"href":"https:\/\/redsemlac.com\/semmexico\/wp-json\/wp\/v2\/types\/post"}],"author":[{"embeddable":true,"href":"https:\/\/redsemlac.com\/semmexico\/wp-json\/wp\/v2\/users\/3"}],"replies":[{"embeddable":true,"href":"https:\/\/redsemlac.com\/semmexico\/wp-json\/wp\/v2\/comments?post=14981"}],"version-history":[{"count":0,"href":"https:\/\/redsemlac.com\/semmexico\/wp-json\/wp\/v2\/posts\/14981\/revisions"}],"wp:featuredmedia":[{"embeddable":true,"href":"https:\/\/redsemlac.com\/semmexico\/wp-json\/wp\/v2\/media\/14982"}],"wp:attachment":[{"href":"https:\/\/redsemlac.com\/semmexico\/wp-json\/wp\/v2\/media?parent=14981"}],"wp:term":[{"taxonomy":"category","embeddable":true,"href":"https:\/\/redsemlac.com\/semmexico\/wp-json\/wp\/v2\/categories?post=14981"},{"taxonomy":"post_tag","embeddable":true,"href":"https:\/\/redsemlac.com\/semmexico\/wp-json\/wp\/v2\/tags?post=14981"}],"curies":[{"name":"wp","href":"https:\/\/api.w.org\/{rel}","templated":true}]}}