{"id":14978,"date":"2019-12-12T20:43:28","date_gmt":"2019-12-12T20:43:28","guid":{"rendered":"https:\/\/redsemlac.com\/semmexico\/?p=14978"},"modified":"2023-07-21T15:16:43","modified_gmt":"2023-07-21T20:16:43","slug":"ecofeminismo","status":"publish","type":"post","link":"https:\/\/redsemlac.com\/semmexico\/ecofeminismo\/","title":{"rendered":"Alianza feminismo y ecologismo, clave en la lucha contra el cambio clim\u00e1tico"},"content":{"rendered":"\n<p class=\"wp-block-paragraph\"><strong>* Ecofeminismo: es una pr\u00e1ctica\npol\u00edtica y una filosof\u00eda<\/strong><\/p>\n\n\n\n<p class=\"wp-block-paragraph\"><strong>* Revertir el papel de v\u00edctimas que se\nha dado a las mujeres y representarlas como vectores del cambio<\/strong><\/p>\n\n\n\n<p class=\"wp-block-paragraph\"><strong>Gloria L\u00f3pez<\/strong><\/p>\n\n\n\n<p class=\"wp-block-paragraph\">SemM\u00e9xico\/AmecoPress,\nMadrid, 12 diciembre 2019.-&nbsp;Tanto en la COP25 como en el conjunto de\nactos, talleres, conferencias y movilizaciones que se han organizado\ncoincidiendo con su celebraci\u00f3n en Madrid (Cumbre Social por el Clima) la\nperspectiva de las mujeres en la lucha contra el cambio clim\u00e1tico ha ocupado un\nlugar importante y ha contado con la participaci\u00f3n de muchas j\u00f3venes.<\/p>\n\n\n\n<figure class=\"wp-block-image\"><a href=\"https:\/\/amecopress.net\/IMG\/jpg\/ecofeminismo_2.jpg\"><img decoding=\"async\" src=\"https:\/\/amecopress.net\/local\/cache-vignettes\/L530xH750\/ecofeminismo_2-cdb14.jpg\" alt=\"JPEG\"\/><\/a><\/figure>\n\n\n\n<p class=\"wp-block-paragraph\">Que las mujeres se ven afectadas en mayor medida por las consecuencias del cambio clim\u00e1tico es algo que viene denunci\u00e1ndose desde hace a\u00f1os. Tampoco es nuevo un movimiento que pretende que veamos la degradaci\u00f3n ambiental y la desigualdad de g\u00e9nero como dos caras de una misma moneda: el ecofeminismo.<\/p>\n\n\n\n<p class=\"wp-block-paragraph\">Varios foros han propuesto una reflexi\u00f3n sobre la sostenibilidad de la vida con perspectiva de g\u00e9nero. El 7 de diciembre, Marta Pascual, de Feministas por el Clima, coordin\u00f3 un taller titulado \u2018Ecofeminismo para principiantes\u2019, que cont\u00f3 con una amplia participaci\u00f3n. All\u00ed explicaba que el ecofeminismo es una \u201cpr\u00e1ctica pol\u00edtica y una filosof\u00eda\u201d que defiende que \u201cla destrucci\u00f3n de la tierra y el sometimiento de las mujeres y de los pueblos del sur, son pr\u00e1cticas profundamente relacionadas\u201d. Por tanto, \u201cla lucha contra esas pr\u00e1cticas puede hacerse conjuntamente\u201d. \u201cNecesitamos luchar contra esta cultura de la devastaci\u00f3n, de la jerarqu\u00eda y de la apropiaci\u00f3n\u201d, asegur\u00f3, para a\u00f1adir que \u201cmuchas mujeres del mundo lo est\u00e1n haciendo de manera muy valiente, poniendo sus cuerpos y sus vidas en riesgo\u201d.<\/p>\n\n\n\n<figure class=\"wp-block-image\"><a href=\"https:\/\/amecopress.net\/IMG\/jpg\/marta_pascual.jpg\"><img decoding=\"async\" src=\"https:\/\/amecopress.net\/local\/cache-vignettes\/L720xH366\/marta_pascual-88dfa.jpg\" alt=\"JPEG\"\/><\/a><\/figure>\n\n\n\n<p class=\"wp-block-paragraph\">Pero, a pesar de que las mujeres son las m\u00e1s afectadas por el cambio clim\u00e1tico, son tambi\u00e9n las que menos representaci\u00f3n tienen en los \u00f3rganos de poder desde los que se lucha contra este fen\u00f3meno. Si bien en Naciones Unidas reconocen el principio de paridad en la conformaci\u00f3n de los \u00f3rganos de decisi\u00f3n, vemos que esto no se refleja en las COP, marcadas todav\u00eda por una masculinizaci\u00f3n de los espacios de decisi\u00f3n. Por eso son muy importantes los esfuerzos realizados en distintos \u00e1mbitos para incluir la participaci\u00f3n de las mujeres en el dise\u00f1o e implementaci\u00f3n de propuestas orientadas a \u201csalvar el planeta\u201d.<\/p>\n\n\n\n<p class=\"wp-block-paragraph\">El martes la COP25 acogi\u00f3 el panel \u00abMujeres liderando acciones por el clima\u00bb, que cont\u00f3 con la participaci\u00f3n de diversas expertas que argumentaron la necesidad de aunar las luchas contra el cambio clim\u00e1tico y contra la desigualdad entre mujeres y hombres. De hecho, seg\u00fan Bridget Burns, directora de Women\u2019s Environment and Development Organisation (WEDO), \u00abel cambio clim\u00e1tico es un elemento que exacerba las desigualdades\u00bb. La feminista y activista medioambiental asegur\u00f3 que \u00abno hemos llegado a ver los efectos positivos de los principios feministas de una econom\u00eda del cuidado\u00bb.<\/p>\n\n\n\n<figure class=\"wp-block-image\"><a href=\"https:\/\/amecopress.net\/IMG\/jpg\/ecofeminismo-3.jpg\"><img decoding=\"async\" src=\"https:\/\/amecopress.net\/local\/cache-vignettes\/L750xH563\/ecofeminismo-3-56b1e.jpg\" alt=\"JPEG\"\/><\/a><\/figure>\n\n\n\n<p class=\"wp-block-paragraph\">Dorah Marema, experta en g\u00e9nero y cambio clim\u00e1tico, enfatiz\u00f3 que \u00abla mayor\u00eda de la poblaci\u00f3n afectada por el cambio clim\u00e1tico en \u00c1frica son mujeres\u00bb y defendi\u00f3 la importancia de integrar un \u00abnecesario enfoque interseccional\u00bb al afrontar problemas como el recurso del agua.<\/p>\n\n\n\n<p class=\"wp-block-paragraph\">Las reflexiones y enfoques que a\u00fanan la lucha medioambiental con la perspectiva de g\u00e9nero incorpora a las mujeres como sujetos activos y plantea as\u00ed el objetivo de \u00abrevertir el papel de v\u00edctimas que se ha dado a las mujeres y representarlas como vectores del cambio\u00bb, en palabras de Dina Garz\u00f3n Pacheco, integrante de Xenergia, Cooperativa Mujeres con Energ\u00eda y Coordinadora de la Red Ecofeminista.<\/p>\n\n\n\n<p class=\"wp-block-paragraph\">Alicia Puleo, una de las m\u00e1s importantes referentes del Ecofeminismo en el estado espa\u00f1ol, abog\u00f3 por una \u00abnueva mirada sobre la naturaleza\u00bb y defendi\u00f3 que es \u00abel momento de reivindicar los cuidados como plenamente humanos, valiosos e imprescindibles\u00bb. Puleo critic\u00f3 los ataques a Greta Thunberg, -la izquierda le reprocha un discurso blando y la derecha de su absentismo escolar- como parte de la misoginia que atraviesa el sistema patriarcal.<\/p>\n\n\n\n<p class=\"wp-block-paragraph\">Y es que efectivamente, para el ecofeminismo la conexi\u00f3n entre ambas formas de dominaci\u00f3n (degradaci\u00f3n de la naturaleza y la opresi\u00f3n de las mujeres) tienen una ra\u00edz com\u00fan: una estructura de poder patriarcal-capitalista.<\/p>\n\n\n\n<h3 class=\"wp-block-heading\">\u201cPara resolver la crisis clim\u00e1tica se est\u00e1n basando en los mismos valores que la han creado\u201d<\/h3>\n\n\n\n<p class=\"wp-block-paragraph\">Es necesario reclamar y fomentar la participaci\u00f3n activa de las mujeres y proponer nuevas pol\u00edticas \u2013clim\u00e1ticas y de desarrollo\u2013 que contribuyan a transformar las estructuras sociales, productivas, econ\u00f3micas e institucionales de modo que fomenten la igualdad de oportunidades y el desarrollo sostenible. Lo dice la ONU: luchar contra el Cambio clim\u00e1tico pasa por conseguir la igualdad de las mujeres, entre otras cosas.<\/p>\n\n\n\n<p class=\"wp-block-paragraph\">Sin embargo, este enfoque no es el que est\u00e1 primando en la COP25. Lo explic\u00f3 ayer Gisela Torrents en la V Asamblea Plenaria de la Cumbre Social por el Clima, celebrada en la Universidad Complutense de Madrid, en la que participaron numerosas organizaciones ecofeministas.<\/p>\n\n\n\n<figure class=\"wp-block-image\"><a href=\"https:\/\/amecopress.net\/IMG\/jpg\/cop23_y_24.jpg\"><img decoding=\"async\" src=\"https:\/\/amecopress.net\/local\/cache-vignettes\/L525xH560\/cop23_y_24-4121b.jpg\" alt=\"JPEG\"\/><\/a><\/figure>\n\n\n\n<p class=\"wp-block-paragraph\">La crisis clim\u00e1tica es producto de una visi\u00f3n productivista de la naturaleza, socialmente vinculada a valores masculinos. Es una crisis cuyas consecuencias afectan m\u00e1s a las mujeres, tanto en el norte como en el sur del planeta. Frente a esto, no solo es que falten mujeres en Naciones Unidas, en la COP (curiosamente solo est\u00e1n mayormente representadas en las ONGs que participan) y en general en los espacios de decisi\u00f3n para afrontar el cambio clim\u00e1tico, sino que \u201cpara resolver la crisis clim\u00e1tica se est\u00e1n basando en los mismos valores que la han creado\u201d, esto es, \u201ccompetencia entre pa\u00edses, el valor del dinero, la demostraci\u00f3n de qui\u00e9n es m\u00e1s fuerte y tiene m\u00e1s poder\u201d.<\/p>\n\n\n\n<p class=\"wp-block-paragraph\">\u201cLa soluci\u00f3n tiene que ver con trabajar en un cambio de paradigma que ponga la vida en el centro e incluya el principio femenino como motor de cambio y soluci\u00f3n a la crisis clim\u00e1tica\u201d, defendi\u00f3 Gisela Torrents.<\/p>\n\n\n\n<p class=\"wp-block-paragraph\">Ese nuevo paradigma fue desarrollado, con distintos matices y apoyadas en diferentes experiencias, por las mujeres que ayer expusieron su visi\u00f3n y propuestas en la V Asamblea Plenaria de la Cumbre Social por el Clima: la Red Ecofeminista, la Plataforma Feministas por el Clima, Madres por el Clima, Red de Apoyo al Pueblo Mapuche, Modatima, Amigas de la Tierra, AVAM (Asociaci\u00f3n de mujeres artistas de Madrid), Asociaci\u00f3n Nacional de Mujeres Rurales e Ind\u00edgenas, Marcha Mundial de las Mujeres y Laura Z\u00fa\u00f1iga C\u00e1ceres (hija de la activista hondure\u00f1a Berta C\u00e1ceres), entre otras.<\/p>\n\n\n\n<p class=\"wp-block-paragraph\">Todas valoraron la fuerza del \u201ctrabajo en red\u201d y la necesidad de una \u201cmirada interseccional\u201d, es decir, \u201cel cambio de modelo solo se puede afrontar desde una mirada que contemple las diferencias de raza, de etnia, de origen, de clase y tambi\u00e9n la desigualdad de g\u00e9nero\u201d, explicaron desde la Red Ecofemnista, enfatizando el planteamiento de \u201ccambio radical\u201d.<\/p>\n\n\n\n<p class=\"wp-block-paragraph\">Las voces latinoamericanas pusieron nombre a las denuncias. Empezando por el extractivismo de las transnacionales que est\u00e1n destruyendo el planeta y cuyas acciones golpean de manera especial los cuerpos de las mujeres. \u201cExisten m\u00e1s de 300 empresas espa\u00f1olas en territorio mapuche que est\u00e1n destruyendo el ecosistema\u201d, dijo Nelida Molina, exhortando a \u201cdenunciarlas desde aqu\u00ed\u201d.<\/p>\n\n\n\n<figure class=\"wp-block-image\"><a href=\"https:\/\/amecopress.net\/IMG\/jpg\/berta_zuniga_caceres_2.jpg\"><img decoding=\"async\" src=\"https:\/\/amecopress.net\/local\/cache-vignettes\/L750xH421\/berta_zuniga_caceres_2-dc4b4.jpg\" alt=\"JPEG\"\/><\/a><\/figure>\n\n\n\n<p class=\"wp-block-paragraph\">Ese es otro de los objetivos fundamentales del ecofeminismo: visibilizar movimientos de resistencia de mujeres en toda la Tierra que plantan cara a negocios extractivistas de muchos tipos y al orden patriarcal que las ningunea y hace recaer sobre ellas los principales da\u00f1os de la destrucci\u00f3n. Laura Z\u00fa\u00f1iga C\u00e1ceres es una de estas mujeres. Su potente discurso pudo escucharse ayer en la asamblea, compartiendo una cr\u00edtica al \u201ccapitalismo verde\u201d y abogando por profundizar e ir a la ra\u00edz del sistema y de sus abusos: golpes de Estado que se han ido produciendo en distintos pa\u00edses de Latinoam\u00e9rica, respondiendo a los intereses de las transnacionales; extractivismo y militarizaci\u00f3n y en definitiva, legitimizaci\u00f3n de la violencia patriarcal sobre los cuerpos de las mujeres. Es un verdadero \u201cfeminicidio capitalista\u201d, dijo Mafalda Galdames Castro, secretaria general de la Asociaci\u00f3n Nacional de Mujeres Rurales e Ind\u00edgenas de Chile, y \u201cnosotras somos las guardianas de las semillas en el mundo\u201d.<\/p>\n\n\n\n<figure class=\"wp-block-image\"><a href=\"https:\/\/amecopress.net\/IMG\/jpg\/cop25_participacion_mujeres.jpg\"><img decoding=\"async\" src=\"https:\/\/amecopress.net\/local\/cache-vignettes\/L750xH460\/cop25_participacion_mujeres-8d96a.jpg\" alt=\"JPEG\"\/><\/a><\/figure>\n\n\n\n<h3 class=\"wp-block-heading\">Pluralidad y luchas globales<\/h3>\n\n\n\n<p class=\"wp-block-paragraph\">Las activistas resaltaron la pluralidad y el valor de las luchas globales que las mujeres est\u00e1n encabezando y que se articulan como verdadera alternativa. Desde Feministas por el Clima explicaron la intenci\u00f3n de crear una red de organizaciones que contribuya a crear teor\u00eda feminista y a coordinar acciones conjuntas -8M y movilizaciones por el clima previstas para el mes de abril-. Tambi\u00e9n la Marcha Mundial de las Mujeres tiene prevista la quinta acci\u00f3n internacional para el 2020: comenzar\u00e1 el 8 de marzo y durar\u00e1 hasta el 17 octubre. Son lo que Laura Z\u00fa\u00f1iga C\u00e1ceres llama \u201cacciones globales, resistencia de los pueblos\u201d.<\/p>\n\n\n\n<p class=\"wp-block-paragraph\">El ecofeminismo defiende la fuerza de la inteligencia colectiva para modificar el modelo de desarrollo vigente, basado en una raz\u00f3n meramente instrumental y que acarrea la destrucci\u00f3n del ecosistema global. Las reivindicaciones que se han hecho desde el colectivo, en el marco de la cumbre del COP25, implican un decrecimiento, realizado de forma feminista, emp\u00e1tica y seg\u00fan los principios de la ecojusticia. La econom\u00eda feminista y la ecol\u00f3gica defienden que el valor debe estar en la posibilidad de que toda la humanidad tenga una vida digna en un medio natural sano; en ese modelo, la universalizaci\u00f3n de los cuidados es una pieza angular.<\/p>\n\n\n\n<p class=\"wp-block-paragraph\">Las mujeres como sujetos activos y diversos y feminismo y ecologismo en alianza: claves en la lucha contra el cambio clim\u00e1tico.<\/p>\n","protected":false},"excerpt":{"rendered":"<p>Ecofeminismo: es una pr\u00e1ctica pol\u00edtica y una filosof\u00eda<\/p>\n","protected":false},"author":3,"featured_media":14979,"comment_status":"open","ping_status":"open","sticky":false,"template":"","format":"standard","meta":{"_monsterinsights_skip_tracking":false,"footnotes":""},"categories":[690,53],"tags":[],"class_list":["post-14978","post","type-post","status-publish","format-standard","has-post-thumbnail","category-690","category-internacional"],"_links":{"self":[{"href":"https:\/\/redsemlac.com\/semmexico\/wp-json\/wp\/v2\/posts\/14978","targetHints":{"allow":["GET"]}}],"collection":[{"href":"https:\/\/redsemlac.com\/semmexico\/wp-json\/wp\/v2\/posts"}],"about":[{"href":"https:\/\/redsemlac.com\/semmexico\/wp-json\/wp\/v2\/types\/post"}],"author":[{"embeddable":true,"href":"https:\/\/redsemlac.com\/semmexico\/wp-json\/wp\/v2\/users\/3"}],"replies":[{"embeddable":true,"href":"https:\/\/redsemlac.com\/semmexico\/wp-json\/wp\/v2\/comments?post=14978"}],"version-history":[{"count":0,"href":"https:\/\/redsemlac.com\/semmexico\/wp-json\/wp\/v2\/posts\/14978\/revisions"}],"wp:featuredmedia":[{"embeddable":true,"href":"https:\/\/redsemlac.com\/semmexico\/wp-json\/wp\/v2\/media\/14979"}],"wp:attachment":[{"href":"https:\/\/redsemlac.com\/semmexico\/wp-json\/wp\/v2\/media?parent=14978"}],"wp:term":[{"taxonomy":"category","embeddable":true,"href":"https:\/\/redsemlac.com\/semmexico\/wp-json\/wp\/v2\/categories?post=14978"},{"taxonomy":"post_tag","embeddable":true,"href":"https:\/\/redsemlac.com\/semmexico\/wp-json\/wp\/v2\/tags?post=14978"}],"curies":[{"name":"wp","href":"https:\/\/api.w.org\/{rel}","templated":true}]}}