{"id":14899,"date":"2019-12-10T18:29:07","date_gmt":"2019-12-10T18:29:07","guid":{"rendered":"https:\/\/redsemlac.com\/semmexico\/?p=14899"},"modified":"2023-07-21T15:15:26","modified_gmt":"2023-07-21T20:15:26","slug":"el-cambio-climatico-es-la-mayor-amenaza-a-los-derechos-humanos-desde-la-segunda-guerra-mundial-bachelet","status":"publish","type":"post","link":"https:\/\/redsemlac.com\/semmexico\/el-cambio-climatico-es-la-mayor-amenaza-a-los-derechos-humanos-desde-la-segunda-guerra-mundial-bachelet\/","title":{"rendered":"El cambio clim\u00e1tico es la mayor amenaza a los derechos humanos desde la Segunda Guerra Mundial: Bachelet"},"content":{"rendered":"\n<ul class=\"wp-block-list\"><li> <strong>Declaraci\u00f3n de la Alta Comisionada de las Naciones Unidas para los Derechos Humanos, Michelle Bachelet, para el D\u00eda de los Derechos Humanos<\/strong> <\/li><\/ul>\n\n\n\n<p class=\"wp-block-paragraph\"><strong>Redacci\u00f3n<\/strong><\/p>\n\n\n\n<p class=\"wp-block-paragraph\">SemM\u00e9xico\/Naciones Unidas. 10 de diciembre 2019.- A los 71 a\u00f1os de la adopci\u00f3n de la Declaraci\u00f3n Universal de los Derechos Humanos, en el\u00a0<a rel=\"noreferrer noopener\" href=\"https:\/\/www.un.org\/es\/events\/humanrightsday\/\" target=\"_blank\">D\u00eda de los Derechos Humanos<\/a>, que se celebra el 10 de diciembre, la Alta Comisionada de la ONU resalt\u00f3 el papel de los j\u00f3venes en la lucha para defender estas garant\u00edas, en especial ante la crisis clim\u00e1tica.<\/p>\n\n\n\n<p class=\"wp-block-paragraph\">\u201cEste ha sido un a\u00f1o de tremendo activismo, especialmente por parte de los j\u00f3venes. Por eso resulta muy apropiado que este a\u00f1o celebremos el D\u00eda de los Derechos Humanos mientras en Madrid se desarrolla una conferencia crucial de las Naciones Unidas, orientada a defender la justicia clim\u00e1tica. Hemos contra\u00eddo una deuda de gratitud con millones de ni\u00f1os, adolescentes y adultos j\u00f3venes que han venido defendiendo esos valores y protestando de manera cada vez m\u00e1s sonora por la crisis que afronta nuestro planeta.<\/p>\n\n\n\n<p class=\"wp-block-paragraph\">Con raz\u00f3n, estos j\u00f3venes proclaman hoy que es su futuro lo que est\u00e1 en juego, as\u00ed como el de quienes a\u00fan no han nacido. Son ellos los que tendr\u00e1n que sufrir las consecuencias de los actos, o de la inacci\u00f3n, de sus mayores que en la actualidad dirigen los gobiernos y las empresas, los encargados de adoptar las decisiones de las que depende el futuro de los pa\u00edses, las regiones y el planeta en su conjunto.<\/p>\n\n\n\n<p class=\"wp-block-paragraph\">Como es l\u00f3gico, no podemos dejar solos a los j\u00f3venes en la tarea de abordar la emergencia clim\u00e1tica, ni las muchas otras crisis de derechos humanos que en la actualidad generan revueltas simult\u00e1neamente en tantos pa\u00edses del mundo. Tenemos que actuar todos juntos, bas\u00e1ndonos en los principios fundamentales, de manera solidaria y urgente.<\/p>\n\n\n\n<p class=\"wp-block-paragraph\">Podemos y debemos defender los derechos humanos, por los que tanto se ha luchado, y que sostienen la paz, la justicia y el desarrollo sostenible. Un mundo donde estos principios universales estuvieran menoscabados ser\u00eda un mundo en regresi\u00f3n hacia un pasado m\u00e1s oscuro, a una \u00e9poca en que los poderosos pod\u00edan abusar de los indefensos, con poca o ninguna limitaci\u00f3n moral o jur\u00eddica.<\/p>\n\n\n\n<p class=\"wp-block-paragraph\">Sin embargo, entre los m\u00faltiples retos a los que se han enfrentado los derechos humanos desde la Segunda Guerra Mundial, quiz\u00e1s sea la emergencia clim\u00e1tica mundial la que representa una amenaza de mayor magnitud. Desde su repercusi\u00f3n sobre el derecho a la vida, la salud, la alimentaci\u00f3n, el agua y la vivienda, hasta nuestros derechos a vivir sin discriminaci\u00f3n, al desarrollo y la autodeterminaci\u00f3n, sus efectos se sienten ya en todos los \u00e1mbitos.<\/p>\n\n\n\n<p class=\"wp-block-paragraph\">Es nuestro deber velar para que se escuchen las opiniones de los j\u00f3venes. La Declaraci\u00f3n Universal de Derechos Humanos, aprobada por la Asamblea General de las Naciones Unidas el 10 de diciembre de 1948, fue un firme compromiso de los Estados de proteger los derechos de&nbsp;<em>todos<\/em>, lo que comprende la posibilidad de que las generaciones venideras puedan defender su dignidad, su igualdad y sus derechos.<\/p>\n\n\n\n<p class=\"wp-block-paragraph\">Todos los seres humanos tienen derecho a participar en la toma de decisiones que tengan repercusi\u00f3n en sus vidas. Para garantizar una adopci\u00f3n de decisiones m\u00e1s eficaz y fomentar la confianza y la armon\u00eda entre las naciones, los dirigentes de cada sociedad deber\u00edan escuchar las opiniones de sus pueblos y proceder en funci\u00f3n de sus necesidades y exigencias.<\/p>\n\n\n\n<p class=\"wp-block-paragraph\">Nada resume de manera m\u00e1s clara y sucinta estos fines \u2013que son el&nbsp;<em>leitmotiv&nbsp;<\/em>del sistema internacional de derechos humanos- que el art\u00edculo primero de la Declaraci\u00f3n Universal, que audaz e inequ\u00edvocamente estipula que \u201c<em>Todos los seres humanos nacen libres e iguales en dignidad y derechos y, dotados como est\u00e1n de raz\u00f3n y conciencia, deben comportarse fraternalmente los unos con los otros<\/em>\u201c.<\/p>\n\n\n\n<p class=\"wp-block-paragraph\">Ninguna naci\u00f3n, ninguna comunidad quedar\u00e1 al margen de la emergencia clim\u00e1tica, a medida que su intensidad se recrudezca. En la actualidad, ya hemos visto c\u00f3mo los pa\u00edses y las comunidades m\u00e1s vulnerables padecen da\u00f1os terribles. La gente pierde el hogar, los medios de subsistencia y hasta la vida misma. Las desigualdades se agravan y cada vez son m\u00e1s las personas que quedan desplazadas. Es preciso que actuemos con rapidez y con principios, y velar para que limiten lo m\u00e1s posible los perjuicios que esta situaci\u00f3n causa a los seres humanos y al medio ambiente.<\/p>\n\n\n\n<p class=\"wp-block-paragraph\">Los estragos del cambio clim\u00e1tico no se detendr\u00e1n en las fronteras nacionales \u2013y las reacciones fundadas en el nacionalismo hostil o en consideraciones econ\u00f3micas de corto plazo no solo fracasar\u00e1n, sino que adem\u00e1s desgarrar\u00e1n el planeta. La lucha en pro de la justicia clim\u00e1tica y los derechos humanos no es un enfrentamiento pol\u00edtico. No es cuesti\u00f3n de derechas e izquierdas, es un asunto de derechos y agravios.<\/p>\n\n\n\n<p class=\"wp-block-paragraph\">El impulso que ha llevado a millones de personas a protestar y exigir medidas al respecto, no se limita a la preocupaci\u00f3n por la aceleraci\u00f3n de la crisis clim\u00e1tica. En todas las regiones, la gente encuentra motivos para expresarse acerca de las desigualdades y las instituciones opresivas. Me siento inspirada por el valor, la claridad y los principios de todas esas personas, algunas muy j\u00f3venes, que defienden sus derechos pac\u00edficamente, con miras a subsanar los agravios de nuestra \u00e9poca y crear un mundo m\u00e1s libre y m\u00e1s justo. Esas personas encarnan el concepto mismo de derechos humanos.<\/p>\n\n\n\n<p class=\"wp-block-paragraph\">Los responsables pol\u00edticos del mundo entero deben escuchar esos llamamientos. Y, en respuesta, deber\u00edan elaborar medidas pol\u00edticas m\u00e1s eficaces, m\u00e1s basadas en los principios universales.<\/p>\n\n\n\n<p class=\"wp-block-paragraph\">Tenemos derecho a vivir libres de todo tipo de discriminaci\u00f3n. Tenemos derecho a la educaci\u00f3n, la atenci\u00f3n m\u00e9dica, las oportunidades econ\u00f3micas y a un nivel de vida decente. Tenemos \u2013todos nosotros\u2013 derecho a participar en la toma de las decisiones que afectan a nuestras vidas. Esto ata\u00f1e a nuestro futuro, nuestros medios de subsistencia, nuestras libertades, nuestra seguridad y nuestro medio ambiente. Y no solo a nuestro futuro, sino tambi\u00e9n al porvenir de nuestros hijos, nietos y biznietos.<\/p>\n\n\n\n<p class=\"wp-block-paragraph\">Es preciso que nos movilicemos a escala internacional \u2013de manera pac\u00edfica, pero firme\u2014 para promover un mundo de derechos, dignidad y posibilidades para todos. Los responsables pol\u00edticos de 1948 comprendieron claramente ese ideario. \u00bfLo entienden ahora? Exhorto a los dirigentes del mundo a que demuestren una aut\u00e9ntica capacidad de liderazgo y una visi\u00f3n a largo plazo, y a que dejen a un lado los estrechos intereses pol\u00edticos nacionales, en aras del porvenir de todos, incluidos ellos mismos y sus descendientes.\u201d<\/p>\n\n\n\n<p class=\"wp-block-paragraph\">La Declaraci\u00f3n Universal de Derechos Humanos (DUDH) fue aprobada por la Asamblea General de las Naciones Unida en el Palacio de Chaillot, en Par\u00eds, tres a\u00f1os despu\u00e9s del final de la Segunda Guerra Mundial. La Declaraci\u00f3n fue el resultado de un trabajo de 18 meses realizado por un comit\u00e9 de redacci\u00f3n en el que figuraban miembros y asesores del mundo entero.<\/p>\n\n\n\n<p class=\"wp-block-paragraph\">SEM\/IL<\/p>\n","protected":false},"excerpt":{"rendered":"<p>Declaraci\u00f3n de la Alta Comisionada de las Naciones Unidas para los Derechos Humanos, Michelle Bachelet, para el D\u00eda de los Derechos Humanos <\/p>\n","protected":false},"author":3,"featured_media":14900,"comment_status":"open","ping_status":"open","sticky":false,"template":"","format":"standard","meta":{"_monsterinsights_skip_tracking":false,"footnotes":""},"categories":[690,53],"tags":[],"class_list":["post-14899","post","type-post","status-publish","format-standard","has-post-thumbnail","category-690","category-internacional"],"_links":{"self":[{"href":"https:\/\/redsemlac.com\/semmexico\/wp-json\/wp\/v2\/posts\/14899","targetHints":{"allow":["GET"]}}],"collection":[{"href":"https:\/\/redsemlac.com\/semmexico\/wp-json\/wp\/v2\/posts"}],"about":[{"href":"https:\/\/redsemlac.com\/semmexico\/wp-json\/wp\/v2\/types\/post"}],"author":[{"embeddable":true,"href":"https:\/\/redsemlac.com\/semmexico\/wp-json\/wp\/v2\/users\/3"}],"replies":[{"embeddable":true,"href":"https:\/\/redsemlac.com\/semmexico\/wp-json\/wp\/v2\/comments?post=14899"}],"version-history":[{"count":0,"href":"https:\/\/redsemlac.com\/semmexico\/wp-json\/wp\/v2\/posts\/14899\/revisions"}],"wp:featuredmedia":[{"embeddable":true,"href":"https:\/\/redsemlac.com\/semmexico\/wp-json\/wp\/v2\/media\/14900"}],"wp:attachment":[{"href":"https:\/\/redsemlac.com\/semmexico\/wp-json\/wp\/v2\/media?parent=14899"}],"wp:term":[{"taxonomy":"category","embeddable":true,"href":"https:\/\/redsemlac.com\/semmexico\/wp-json\/wp\/v2\/categories?post=14899"},{"taxonomy":"post_tag","embeddable":true,"href":"https:\/\/redsemlac.com\/semmexico\/wp-json\/wp\/v2\/tags?post=14899"}],"curies":[{"name":"wp","href":"https:\/\/api.w.org\/{rel}","templated":true}]}}