{"id":14895,"date":"2019-12-10T18:18:38","date_gmt":"2019-12-10T18:18:38","guid":{"rendered":"https:\/\/redsemlac.com\/semmexico\/?p=14895"},"modified":"2023-07-21T15:15:26","modified_gmt":"2023-07-21T20:15:26","slug":"oaxaca-105","status":"publish","type":"post","link":"https:\/\/redsemlac.com\/semmexico\/oaxaca-105\/","title":{"rendered":"Despenalizaci\u00f3n del aborto y el matrimonio igualitario, Derechos Humanos que conquist\u00f3 Oaxaca"},"content":{"rendered":"\n<ul class=\"wp-block-list\"><li><strong>La\nconquista a estos derechos son productos de movimientos sociales de m\u00e1s de\ncuatro d\u00e9cadas en M\u00e9xico. <\/strong><\/li><\/ul>\n\n\n\n<p class=\"wp-block-paragraph\"><strong>Redacci\u00f3n<\/strong><\/p>\n\n\n\n<p class=\"wp-block-paragraph\">SemM\u00e9xico. San Raymundo Jalpan, Oaxaca. 10 de diciembre 2019.-\nEn el 2019 Oaxaca se convirti\u00f3 en la segunda entidad en despenalizar la\ninterrupci\u00f3n del embarazo, antes de las doce semanas de gestaci\u00f3n, con ello se\ntermina la criminalizaci\u00f3n que las mujeres ten\u00edan al decidir sobre sus cuerpos.\nAs\u00ed lo se\u00f1al\u00f3 la diputada y presidenta de la Comisi\u00f3n de Derechos Humanos en el\nPoder Legislativo, Magaly L\u00f3pez. <\/p>\n\n\n\n<p class=\"wp-block-paragraph\">Con las reformas a los art\u00edculos 321,313, 315 y 316 del\nC\u00f3digo Civil, se establece que el delito de aborto s\u00f3lo se configurar\u00e1 cuando\nse practique despu\u00e9s de las 12 semanas de gestaci\u00f3n, pero se excluir\u00e1 cuando el\nembarazo sea producto de una violaci\u00f3n, de una inseminaci\u00f3n no consentida o se\nponga en riesgo la salud de la madre o el producto.<\/p>\n\n\n\n<p class=\"wp-block-paragraph\">&nbsp;\u201cEs un logro de todas\nlas oaxaque\u00f1as y se da como respuesta a los movimiento sociales de mujeres\nvalientes que durante d\u00e9cadas se han movilizados por sus derechos\u201d, se\u00f1al\u00f3\nL\u00f3pez Dom\u00ednguez. <\/p>\n\n\n\n<p class=\"wp-block-paragraph\">La aprobaci\u00f3n del matrimonio igualitario y el derecho a la\nidentidad de g\u00e9nero, es otro rubro que indica avances en materia de derechos\nhumanos para todas las personas en Oaxaca; la 64 Legislatura logr\u00f3 reformar el\nart\u00edculo 143 del C\u00f3digo Civil, con ello se estable que&nbsp; el matrimonio, ahora, es un contrato civil\ncelebrado entre dos personas, que no necesariamente son un hombre y una mujer. <\/p>\n\n\n\n<p class=\"wp-block-paragraph\">Magaly L\u00f3pez, expres\u00f3 que los logros obtenidos por la actual\n64 Legislatura son el reconocimiento a los derechos conquistados y construidos\npor los movimientos sociales que a lo largo del tiempo han defendido grupos\nsociales. <\/p>\n\n\n\n<p class=\"wp-block-paragraph\">\u201cLos movimiento sociales han conquistado sus derechos, al\nCongreso nos toc\u00f3 darle reconocimiento\u201d, puntualiz\u00f3 L\u00f3pez Dom\u00ednguez.<\/p>\n\n\n\n<p class=\"wp-block-paragraph\">SEM\/IL<\/p>\n","protected":false},"excerpt":{"rendered":"<p>La conquista a estos derechos son productos de movimientos sociales de m\u00e1s de cuatro d\u00e9cadas en M\u00e9xico. <\/p>\n","protected":false},"author":3,"featured_media":14896,"comment_status":"open","ping_status":"open","sticky":false,"template":"","format":"standard","meta":{"_monsterinsights_skip_tracking":false,"footnotes":""},"categories":[690,50],"tags":[],"class_list":["post-14895","post","type-post","status-publish","format-standard","has-post-thumbnail","category-690","category-congreso"],"_links":{"self":[{"href":"https:\/\/redsemlac.com\/semmexico\/wp-json\/wp\/v2\/posts\/14895","targetHints":{"allow":["GET"]}}],"collection":[{"href":"https:\/\/redsemlac.com\/semmexico\/wp-json\/wp\/v2\/posts"}],"about":[{"href":"https:\/\/redsemlac.com\/semmexico\/wp-json\/wp\/v2\/types\/post"}],"author":[{"embeddable":true,"href":"https:\/\/redsemlac.com\/semmexico\/wp-json\/wp\/v2\/users\/3"}],"replies":[{"embeddable":true,"href":"https:\/\/redsemlac.com\/semmexico\/wp-json\/wp\/v2\/comments?post=14895"}],"version-history":[{"count":0,"href":"https:\/\/redsemlac.com\/semmexico\/wp-json\/wp\/v2\/posts\/14895\/revisions"}],"wp:featuredmedia":[{"embeddable":true,"href":"https:\/\/redsemlac.com\/semmexico\/wp-json\/wp\/v2\/media\/14896"}],"wp:attachment":[{"href":"https:\/\/redsemlac.com\/semmexico\/wp-json\/wp\/v2\/media?parent=14895"}],"wp:term":[{"taxonomy":"category","embeddable":true,"href":"https:\/\/redsemlac.com\/semmexico\/wp-json\/wp\/v2\/categories?post=14895"},{"taxonomy":"post_tag","embeddable":true,"href":"https:\/\/redsemlac.com\/semmexico\/wp-json\/wp\/v2\/tags?post=14895"}],"curies":[{"name":"wp","href":"https:\/\/api.w.org\/{rel}","templated":true}]}}