{"id":14892,"date":"2019-12-10T18:09:49","date_gmt":"2019-12-10T18:09:49","guid":{"rendered":"https:\/\/redsemlac.com\/semmexico\/?p=14892"},"modified":"2023-07-21T15:15:26","modified_gmt":"2023-07-21T20:15:26","slug":"presupuesto-para-oaxaca-debe-incorporar-perspectiva-de-genero-elisa-zepeda","status":"publish","type":"post","link":"https:\/\/redsemlac.com\/semmexico\/presupuesto-para-oaxaca-debe-incorporar-perspectiva-de-genero-elisa-zepeda\/","title":{"rendered":"Presupuesto para Oaxaca debe incorporar perspectiva de g\u00e9nero: Elisa Zepeda"},"content":{"rendered":"\n<ul class=\"wp-block-list\"><li><strong>Necesario refrendar el compromiso por el cumplimiento de los derechos de las mujeres, advierte  diputada<\/strong>.<\/li><\/ul>\n\n\n\n<p class=\"wp-block-paragraph\"><strong>Redacci\u00f3n<\/strong><\/p>\n\n\n\n<p class=\"wp-block-paragraph\">SemM\u00e9xico. San Raymundo Jalpan, Oaxaca. &nbsp;10 de diciembre 2019.- Es necesario incorporar\nla perspectiva de g\u00e9nero en los procesos de planificaci\u00f3n, presupuestaci\u00f3n,\nejecuci\u00f3n, seguimiento y evaluaci\u00f3n de programas p\u00fablicos para lograr la\nigualdad entre mujeres y hombres, as\u00ed lo reconoci\u00f3 la diputada y presidenta de\nla Comisi\u00f3n de Administraci\u00f3n y Procuraci\u00f3n de Justicia de la LXIV Legislatura\nde Oaxaca, Elisa Zepeda Lagunas. <\/p>\n\n\n\n<p class=\"wp-block-paragraph\">La legisladora puntualiz\u00f3 que es necesario la\ntransversalizaci\u00f3n de la perspectiva de g\u00e9nero en los presupuestos p\u00fablicos,\nplanteados para los tres niveles de Gobierno. <\/p>\n\n\n\n<p class=\"wp-block-paragraph\">Cabe se\u00f1alar que actualmente el congreso local analiza la\npropuesta del paquete fiscal que remiti\u00f3 el ejecutivo oaxaque\u00f1o, en ello se\nencuentra el plan de ingresos y egresos del 2020 para Oaxaca.<\/p>\n\n\n\n<p class=\"wp-block-paragraph\">&nbsp;\u201cLa lucha por los\nderechos y el accesos de las mujeres a una vida libre de violencia se debe\nrefrendar en la inversi\u00f3n a pol\u00edticas p\u00fablicas que aminoren el escenario\nviolento en el que viven las mujeres\u201d. Se\u00f1al\u00f3 Zepeda Lagunas. <\/p>\n\n\n\n<p class=\"wp-block-paragraph\">La diputada tambi\u00e9n manifest\u00f3 que la disposici\u00f3n actual de\nla 64 Legislatura es incidir en la transformaci\u00f3n de Oaxaca y evitar claudicar\ncontra&nbsp; la visi\u00f3n patriarcal que a\u00fan\npredomina en la priorizaci\u00f3n de pol\u00edticas p\u00fablicas. <\/p>\n\n\n\n<p class=\"wp-block-paragraph\">&nbsp;\u201cAl estar integrado el Poder Legislativo en su mayor\u00eda por mujeres, debemos ser nosotras las vigilantes de que los recursos p\u00fablicos se encaminen a combatir&nbsp; la brecha de injusticia y desigualdad que sufren las mujeres\u201d, se\u00f1al\u00f3. <\/p>\n\n\n\n<p class=\"wp-block-paragraph\">SEM\/IL<\/p>\n","protected":false},"excerpt":{"rendered":"<p>Necesario refrendar el compromiso por el cumplimiento de los derechos de las mujeres, advierte la diputada.<\/p>\n","protected":false},"author":3,"featured_media":10371,"comment_status":"open","ping_status":"open","sticky":false,"template":"","format":"standard","meta":{"_monsterinsights_skip_tracking":false,"footnotes":""},"categories":[690,50],"tags":[],"class_list":["post-14892","post","type-post","status-publish","format-standard","has-post-thumbnail","category-690","category-congreso"],"_links":{"self":[{"href":"https:\/\/redsemlac.com\/semmexico\/wp-json\/wp\/v2\/posts\/14892","targetHints":{"allow":["GET"]}}],"collection":[{"href":"https:\/\/redsemlac.com\/semmexico\/wp-json\/wp\/v2\/posts"}],"about":[{"href":"https:\/\/redsemlac.com\/semmexico\/wp-json\/wp\/v2\/types\/post"}],"author":[{"embeddable":true,"href":"https:\/\/redsemlac.com\/semmexico\/wp-json\/wp\/v2\/users\/3"}],"replies":[{"embeddable":true,"href":"https:\/\/redsemlac.com\/semmexico\/wp-json\/wp\/v2\/comments?post=14892"}],"version-history":[{"count":0,"href":"https:\/\/redsemlac.com\/semmexico\/wp-json\/wp\/v2\/posts\/14892\/revisions"}],"wp:featuredmedia":[{"embeddable":true,"href":"https:\/\/redsemlac.com\/semmexico\/wp-json\/wp\/v2\/media\/10371"}],"wp:attachment":[{"href":"https:\/\/redsemlac.com\/semmexico\/wp-json\/wp\/v2\/media?parent=14892"}],"wp:term":[{"taxonomy":"category","embeddable":true,"href":"https:\/\/redsemlac.com\/semmexico\/wp-json\/wp\/v2\/categories?post=14892"},{"taxonomy":"post_tag","embeddable":true,"href":"https:\/\/redsemlac.com\/semmexico\/wp-json\/wp\/v2\/tags?post=14892"}],"curies":[{"name":"wp","href":"https:\/\/api.w.org\/{rel}","templated":true}]}}