{"id":14889,"date":"2019-12-10T17:56:50","date_gmt":"2019-12-10T17:56:50","guid":{"rendered":"https:\/\/redsemlac.com\/semmexico\/?p=14889"},"modified":"2023-07-21T15:15:26","modified_gmt":"2023-07-21T20:15:26","slug":"el-dnsp-2019-deja-fuera-el-analisis-de-violencia-abuso-y-tortura-que-viven-las-mujeres-encarceladas-en-mexico","status":"publish","type":"post","link":"https:\/\/redsemlac.com\/semmexico\/el-dnsp-2019-deja-fuera-el-analisis-de-violencia-abuso-y-tortura-que-viven-las-mujeres-encarceladas-en-mexico\/","title":{"rendered":"El DNSP 2019 deja fuera el an\u00e1lisis de violencia, abuso y tortura que viven las mujeres encarceladas en M\u00e9xico"},"content":{"rendered":"\n<ul class=\"wp-block-list\"><li><strong>Insuficientes\ny sesgados los datos sobre las mujeres privadas de su libertad en centros penitenciarios:\nASILEGAL<\/strong><\/li><li><strong>Se\u00f1ala que\nlas mujeres privadas de libertad es un tema de extrema urgencia y un sector\nsumamente vulnerable.<\/strong><\/li><\/ul>\n\n\n\n<p class=\"wp-block-paragraph\"><strong>Elda Montiel<\/strong><strong><\/strong><\/p>\n\n\n\n<p class=\"wp-block-paragraph\">SemM\u00e9xico.\nCiudad de M\u00e9xico. 10 de diciembre 2019.- ASILEGAL considera que la introducci\u00f3n\ndel apartado sobre las mujeres privadas de su libertad en el Diagn\u00f3stico\nNacional de Supervisi\u00f3n Penitenciaria (DNSP) 2019 es estigmatizante e insuficiente,\nya que la \u00fanica referencia de g\u00e9nero es la de la maternidad invisibilizando\notras situaciones de las mujeres. <\/p>\n\n\n\n<p class=\"wp-block-paragraph\">Celebra\npor una parte, que se haya incluido un apartado espec\u00edfico respecto a las mujeres\nprivadas de su libertad, pero lamenta que la informaci\u00f3n sea \u00fanicamente\ncorrespondiente al estado de los centros a los que pertenecen, y no agota, ni\nde cerca, la informaci\u00f3n necesaria para atacar los problemas que les acontecen\ndentro, ni los que las llevan a tener conflicto con la ley penal.<\/p>\n\n\n\n<p class=\"wp-block-paragraph\">Cuando\nla informaci\u00f3n recabada por el Centro ProDH (2015) ha registrado que en nuestro\npa\u00eds gran parte de los casos de tortura a mujeres se dan cuando se encuentran\nprivadas de la libertad<strong>.<\/strong><\/p>\n\n\n\n<p class=\"wp-block-paragraph\">De acuerdo a los\nindicadores m\u00e1s importantes notados en el diagn\u00f3stico de Centro ProDH, como son:\nlos altos niveles de vulnerabilidad al momento de la detenci\u00f3n, la violencia\nsexual ejercida con el fin de conseguir bienes b\u00e1sicos de cualquier \u00edndole o\nprotecci\u00f3n y, entre otras cosas, la prostituci\u00f3n, hostigamiento y humillaci\u00f3n\ndentro de los centros del pa\u00eds, por lo que es imprescindible que se brinde\ninformaci\u00f3n detallada y profunda con las capacidades que tiene la CNDH para\ngenerar estos diagn\u00f3sticos.<\/p>\n\n\n\n<p class=\"wp-block-paragraph\">As\u00ed\nLegal destaca la importancia que tiene la publicaci\u00f3n del DNSP que se publica\ncada a\u00f1o y que para las organizaciones de la sociedad civil preocupadas con el\nestado del respeto a los derechos humanos de las personas privadas de libertad\nles permite generar m\u00e1s informaci\u00f3n, an\u00e1lisis y conversaci\u00f3n con respecto al\nfuturo y presente del sistema penitenciario mexicano.<\/p>\n\n\n\n<p class=\"wp-block-paragraph\">Se\u00f1ala que\nlas mujeres privadas de libertad es un tema de extrema urgencia y un sector\nsumamente vulnerable que, social e institucionalmente, ha sido negligido\ndurante a\u00f1os, y si bien en el Diagn\u00f3stico se presenta como un rasgo positivo la\ncreaci\u00f3n de cinco nuevos centros femeniles, tambi\u00e9n puede se\u00f1alar que se est\u00e1n\nusando m\u00e1s medidas privativas de libertad para las mujeres en conflicto con la\nley penal.<\/p>\n\n\n\n<p class=\"wp-block-paragraph\">En su\nan\u00e1lisis, ASILEGAL, destaca que se pueden ver datos como: el n\u00famero de personas\nen relaci\u00f3n con la capacidad del centro, la calificaci\u00f3n general de los\ncentros, cu\u00e1ntos menores de edad viven con sus madres privadas de libertad y,\nfinalmente, cu\u00e1ntas mujeres se encuentran privadas de libertad en el pa\u00eds. <\/p>\n\n\n\n<p class=\"wp-block-paragraph\">Dentro\nde \u00e9stos, el \u00fanico dato que refiere a situaciones \u00fanicamente posibles a raz\u00f3n\nde g\u00e9nero, es la relaci\u00f3n de mujeres que viven con sus hijos dentro de los\ncentros del pa\u00eds, por lo que, si el \u00fanico an\u00e1lisis hecho por razones de g\u00e9nero\nes referente a la maternidad, esto quiere decir que el estigma de solamente\ncomprender a las mujeres como madres sigue vivo. Resultando en que las muchas\notras situaciones estamentales que viven las mujeres, sean invisibilizadas,\nignoradas y desatendidas.<\/p>\n\n\n\n<p class=\"wp-block-paragraph\">La organizaci\u00f3n\nno gubernamental que asesora a mujeres en reclusi\u00f3n en defensa de sus derechos\nhumanos, demanda a la CNDH no bajar el dedo del rengl\u00f3n de analizar los\npatrones de criminalizaci\u00f3n, as\u00ed como el d\u00e9ficit bilateral que se ha generado\ncon respecto a la informaci\u00f3n sobre grupos vulnerables privados de libertad.<\/p>\n\n\n\n<p class=\"wp-block-paragraph\">Reclaman\nque, sin la Encuesta Nacional de la Poblaci\u00f3n Privada de Libertad, cancelada\n\u201ctemporalmente\u201d a inicios del a\u00f1o, pero sin ser llevada a cabo desde 2017, no\nhay una recopilaci\u00f3n sistem\u00e1tica y profunda sobre c\u00f3mo las personas privadas de\nlibertad experimentan, en su propia voz, el estado del sistema penitenciario.<\/p>\n\n\n\n<p class=\"wp-block-paragraph\">Finalmente,\nASILEGAL, destaca que la deuda hist\u00f3rica que se tiene con las mujeres mexicanas\ncon respecto a garantizar sus derechos humanos b\u00e1sicos no se saldar\u00e1 si no\nsomos conscientes de d\u00f3nde, precisamente, se generan la mayor cantidad de\nabusos a su integridad. <\/p>\n\n\n\n<p class=\"wp-block-paragraph\">Saber\ncu\u00e1ntas mujeres se encuentran privadas de libertad es un paso, pero el\ncompromiso detallado en la introducci\u00f3n del apartado del DNSP no ser\u00e1 verdadero\nhasta que se haga un an\u00e1lisis completo y sistem\u00e1tico del universo de violencia,\nabuso y tortura en el que, por razones tambi\u00e9n importantes de detallar, se\nencuentran: el sistema penitenciario mexicano.<\/p>\n\n\n\n<p class=\"wp-block-paragraph\">SEM\/em\/IL<\/p>\n","protected":false},"excerpt":{"rendered":"<p>Insuficientes y sesgados los datos sobre las mujeres privadas de su libertad en centros penitenciarios: ASILEGAL<\/p>\n","protected":false},"author":3,"featured_media":14890,"comment_status":"open","ping_status":"open","sticky":false,"template":"","format":"standard","meta":{"_monsterinsights_skip_tracking":false,"footnotes":""},"categories":[690,51],"tags":[],"class_list":["post-14889","post","type-post","status-publish","format-standard","has-post-thumbnail","category-690","category-ejecutivo"],"_links":{"self":[{"href":"https:\/\/redsemlac.com\/semmexico\/wp-json\/wp\/v2\/posts\/14889","targetHints":{"allow":["GET"]}}],"collection":[{"href":"https:\/\/redsemlac.com\/semmexico\/wp-json\/wp\/v2\/posts"}],"about":[{"href":"https:\/\/redsemlac.com\/semmexico\/wp-json\/wp\/v2\/types\/post"}],"author":[{"embeddable":true,"href":"https:\/\/redsemlac.com\/semmexico\/wp-json\/wp\/v2\/users\/3"}],"replies":[{"embeddable":true,"href":"https:\/\/redsemlac.com\/semmexico\/wp-json\/wp\/v2\/comments?post=14889"}],"version-history":[{"count":0,"href":"https:\/\/redsemlac.com\/semmexico\/wp-json\/wp\/v2\/posts\/14889\/revisions"}],"wp:featuredmedia":[{"embeddable":true,"href":"https:\/\/redsemlac.com\/semmexico\/wp-json\/wp\/v2\/media\/14890"}],"wp:attachment":[{"href":"https:\/\/redsemlac.com\/semmexico\/wp-json\/wp\/v2\/media?parent=14889"}],"wp:term":[{"taxonomy":"category","embeddable":true,"href":"https:\/\/redsemlac.com\/semmexico\/wp-json\/wp\/v2\/categories?post=14889"},{"taxonomy":"post_tag","embeddable":true,"href":"https:\/\/redsemlac.com\/semmexico\/wp-json\/wp\/v2\/tags?post=14889"}],"curies":[{"name":"wp","href":"https:\/\/api.w.org\/{rel}","templated":true}]}}