{"id":14885,"date":"2019-12-10T17:25:16","date_gmt":"2019-12-10T17:25:16","guid":{"rendered":"https:\/\/redsemlac.com\/semmexico\/?p=14885"},"modified":"2023-07-21T15:15:26","modified_gmt":"2023-07-21T20:15:26","slug":"10-de-diciembre-dia-de-los-derechos-humanos","status":"publish","type":"post","link":"https:\/\/redsemlac.com\/semmexico\/10-de-diciembre-dia-de-los-derechos-humanos\/","title":{"rendered":"10 de diciembre: D\u00eda de los Derechos Humanos"},"content":{"rendered":"\n<blockquote style=\"text-align:right\" class=\"wp-block-quote is-layout-flow wp-block-quote-is-layout-flow\"><p><em> En definitiva, \u00bfd\u00f3nde empiezan los derechos humanos universales? En peque\u00f1os lugares, cerca de casa; en lugares tan pr\u00f3ximos y tan peque\u00f1os que no aparecen en ning\u00fan mapa. (&#8230;) Si esos derechos no significan nada en estos lugares, tampoco significan nada en ninguna otra parte. Sin una acci\u00f3n ciudadana coordinada para defenderlos en nuestro entorno, nuestra voluntad de progreso en el resto del mundo ser\u00e1 en vano.<\/em><\/p><cite> Eleanor Roosevelt  <\/cite><\/blockquote>\n\n\n\n<h5 class=\"wp-block-heading\">\u00a1J\u00f3venes por los Derechos Humanos!&nbsp;<\/h5>\n\n\n\n<p class=\"wp-block-paragraph\">SemM\u00e9xico\/Naciones Unidas. 10 de diciembre 2019.- El D\u00eda de los Derechos Humanos se celebra cada 10 de diciembre, coincidiendo con la fecha en que la Asamblea General adopt\u00f3 la Declaraci\u00f3n Universal de Derechos Humanos, en 1948. Se trata de un documento hist\u00f3rico que proclam\u00f3 los derechos inalienables inherentes a todos los seres humanos, sin importar su raza, color, religi\u00f3n, sexo, idioma, opiniones pol\u00edticas o de otra \u00edndole, origen nacional o social, propiedades, lugar de nacimiento, ni ninguna otra condici\u00f3n. Es el documento m\u00e1s traducido del mundo y est\u00e1 disponible en m\u00e1s de 500 idiomas.<\/p>\n\n\n\n<p class=\"wp-block-paragraph\">Despu\u00e9s de un a\u00f1o marcado por la celebraci\u00f3n&nbsp;del 30\u00ba aniversario de la&nbsp;<a href=\"https:\/\/www.unicef.org\/es\/convencion-derechos-nino\">Convenci\u00f3n sobre los Derechos del Ni\u00f1o&nbsp;<\/a>en noviembre de 2019, nuestro plan es aprovechar esa energ\u00eda ya generada y destacar el papel de liderazgo de la juventud en los movimientos colectivos como fuente de inspiraci\u00f3n para un futuro mejor.<\/p>\n\n\n\n<p class=\"wp-block-paragraph\">Bajo el paraguas del&nbsp;llamamiento gen\u00e9rico&nbsp;\u00abDefender los Derechos Humanos\u00bb, nuestro objetivo es celebrar el potencial de los j\u00f3venes como agentes constructivos del cambio, ampliar sus voces e involucrar a una amplia gama de audiencias globales en la promoci\u00f3n y protecci\u00f3n de estos&nbsp;derechos. La campa\u00f1a, dirigida por la&nbsp;<a href=\"https:\/\/www.ohchr.org\/SP\/Pages\/Home.aspx\">Oficina del Alto Comisionado para los Derechos Humanos (ACNUDH)<\/a>, est\u00e1 dise\u00f1ada para alentar, reactivar y mostrar c\u00f3mo los j\u00f3venes de todo el mundo defienden los derechos humanos y muestran su oposici\u00f3n al racismo, el discurso de odio, la intimidaci\u00f3n, la discriminaci\u00f3n y el cambio clim\u00e1tico, entre muchas otras tem\u00e1ticas.<\/p>\n\n\n\n<h5 class=\"wp-block-heading\">\u00bfPor qu\u00e9 los j\u00f3venes?<\/h5>\n\n\n\n<ul class=\"wp-block-list\"><li><strong>La participaci\u00f3n de la juventud&nbsp;es esencial para lograr un desarrollo sostenible para todos<\/strong><br>La participaci\u00f3n en la vida p\u00fablica es un principio fundamental de los Derechos Humanos. Los j\u00f3venes buscan participar en todas las decisiones que tienen un impacto directo e indirecto sobre su bienestar y debemos escuchar sus opiniones&nbsp;para poder tomar decisiones m\u00e1s efectivas y sostenibles para todos.<\/li><li><strong>Los j\u00f3venes&nbsp;pueden desempe\u00f1ar un papel crucial en el cambio positivo<\/strong><br>La juventud&nbsp;siempre ha&nbsp;sido la principal&nbsp;impulsora&nbsp;de la transformaci\u00f3n pol\u00edtica, econ\u00f3mica y social. Son los j\u00f3venes los que est\u00e1n a la vanguardia de las movilizaciones de base por&nbsp;un cambio positivo y aportan nuevas ideas y soluciones para conseguir un&nbsp;mundo mejor.<\/li><li><strong>Empoderar a los j\u00f3venes para conocerlos mejor y reclamar sus derechos generar\u00e1 beneficios a nivel mundial<\/strong><br>Los j\u00f3venes a menudo est\u00e1n marginados y tienen dificultades para acceder y disfrutar de sus derechos debido a su edad. Debemos defenderlos y empoderarlos. S\u00f3lo de esa manera seremos capaces de conocer mejor a los j\u00f3venes e incluirlos en un debate que generar\u00e1 beneficios a nivel mundial.<\/li><\/ul>\n\n\n\n<h5 class=\"wp-block-heading\">Los Derechos Humanos y los Objetivos de Desarrollo Sostenible<\/h5>\n\n\n\n<p class=\"wp-block-paragraph\">Los Derechos Humanos son el epicentro de los Objetivos de Desarrollo Sostenible (ODS), ya que sin\u00a0dignidad humana no podemos impulsar el desarrollo sostenible. Los derechos humanos est\u00e1n impulsados \u200b\u200bpor el progreso de\u00a0todos los ODS, y los ODS est\u00e1n impulsados \u200b\u200bpor los avances en los derechos humanos. Ambos est\u00e1n interconectados. DescubrE\u00a0c\u00f3mo las agencias de la ONU se esfuerzan por priorizar los derechos humanos en cada uno de sus trabajos.<\/p>\n\n\n\n<h2 class=\"wp-block-heading\">Los Derechos Humanos y los Objetivos de Desarrollo Sostenible<\/h2>\n\n\n\n<p class=\"wp-block-paragraph\">Los Derechos Humanos son el epicentro de los Objetivos de Desarrollo Sostenible (ODS), ya que sin&nbsp;dignidad humana no podemos impulsar el desarrollo sostenible. Los derechos humanos est\u00e1n impulsados \u200b\u200bpor el progreso de&nbsp;todos los ODS, y los ODS est\u00e1n impulsados \u200b\u200bpor los avances en los derechos humanos. Ambos est\u00e1n interconectados. DescubrE&nbsp;c\u00f3mo las agencias de la ONU se esfuerzan por priorizar los derechos humanos en cada uno de sus trabajos.<\/p>\n\n\n\n<h5 class=\"wp-block-heading\">Nunca se es demasiado joven para cambiar el mundo<\/h5>\n\n\n\n<ul class=\"wp-block-list\"><li>La participaci\u00f3n de los j\u00f3venes es esencial en la consecuci\u00f3n de un desarrollo sostenible.<\/li><li>La juventud puede jugar un papel crucial para conseguir impactos positivos.<\/li><li>Empoderar a los j\u00f3venes para conocerlos mejor y reclamar sus derechos generar\u00e1 beneficios a nivel mundial.<\/li><\/ul>\n\n\n\n<figure class=\"wp-block-image\"><img decoding=\"async\" src=\"https:\/\/redsemlac.com\/semmexico\/wp-content\/uploads\/2019\/12\/NACIONES-2-1024x1024.jpg\" alt=\"\" class=\"wp-image-14886\"\/><\/figure>\n\n\n\n<h5 class=\"wp-block-heading\">#DefiendeLosDerechosHumanos<\/h5>\n\n\n\n<ul class=\"wp-block-list\"><li>Los Derechos Humanos son relevantes para todos nosotros, todos los d\u00edas.<\/li><li>La humanidad est\u00e1 enraizada en estos valores universales.<\/li><li>La igualdad, la justicia y la libertad previenen la violencia y mantienen la paz.<\/li><li>Todos correremos un gran riesgo el d\u00eda en que&nbsp;olvidemos la existencia de estos valores humanos.<\/li><li>La Declaraci\u00f3n Universal de Derechos Humanos nos empodera a todos.<\/li><li>Necesitamos defender nuestros derechos y los de los dem\u00e1s.<\/li><\/ul>\n\n\n\n<p class=\"wp-block-paragraph\"><a href=\"https:\/\/www.un.org\/en\/observances\/human-rights-day\/resources#2019campaignmaterials\">Todo el material de la campa\u00f1a 2019 est\u00e1 disponible aqu\u00ed<\/a><\/p>\n","protected":false},"excerpt":{"rendered":"<p>En definitiva, \u00bfd\u00f3nde empiezan los derechos humanos universales? En peque\u00f1os lugares, cerca de casa; en lugares tan pr\u00f3ximos y tan peque\u00f1os que no aparecen en ning\u00fan mapa. (&#8230;) Si esos derechos no significan nada en estos lugares, tampoco significan nada en ninguna otra parte. Sin una acci\u00f3n ciudadana coordinada para defenderlos en nuestro entorno, nuestra [&hellip;]<\/p>\n","protected":false},"author":3,"featured_media":14887,"comment_status":"open","ping_status":"open","sticky":false,"template":"","format":"standard","meta":{"_monsterinsights_skip_tracking":false,"footnotes":""},"categories":[690,53],"tags":[],"class_list":["post-14885","post","type-post","status-publish","format-standard","has-post-thumbnail","category-690","category-internacional"],"_links":{"self":[{"href":"https:\/\/redsemlac.com\/semmexico\/wp-json\/wp\/v2\/posts\/14885","targetHints":{"allow":["GET"]}}],"collection":[{"href":"https:\/\/redsemlac.com\/semmexico\/wp-json\/wp\/v2\/posts"}],"about":[{"href":"https:\/\/redsemlac.com\/semmexico\/wp-json\/wp\/v2\/types\/post"}],"author":[{"embeddable":true,"href":"https:\/\/redsemlac.com\/semmexico\/wp-json\/wp\/v2\/users\/3"}],"replies":[{"embeddable":true,"href":"https:\/\/redsemlac.com\/semmexico\/wp-json\/wp\/v2\/comments?post=14885"}],"version-history":[{"count":0,"href":"https:\/\/redsemlac.com\/semmexico\/wp-json\/wp\/v2\/posts\/14885\/revisions"}],"wp:featuredmedia":[{"embeddable":true,"href":"https:\/\/redsemlac.com\/semmexico\/wp-json\/wp\/v2\/media\/14887"}],"wp:attachment":[{"href":"https:\/\/redsemlac.com\/semmexico\/wp-json\/wp\/v2\/media?parent=14885"}],"wp:term":[{"taxonomy":"category","embeddable":true,"href":"https:\/\/redsemlac.com\/semmexico\/wp-json\/wp\/v2\/categories?post=14885"},{"taxonomy":"post_tag","embeddable":true,"href":"https:\/\/redsemlac.com\/semmexico\/wp-json\/wp\/v2\/tags?post=14885"}],"curies":[{"name":"wp","href":"https:\/\/api.w.org\/{rel}","templated":true}]}}