{"id":14882,"date":"2019-12-10T17:05:35","date_gmt":"2019-12-10T17:05:35","guid":{"rendered":"https:\/\/redsemlac.com\/semmexico\/?p=14882"},"modified":"2023-07-21T15:15:26","modified_gmt":"2023-07-21T20:15:26","slug":"la-violencia-machista-afecta-el-bienestar-de-las-mujeres-rurales","status":"publish","type":"post","link":"https:\/\/redsemlac.com\/semmexico\/la-violencia-machista-afecta-el-bienestar-de-las-mujeres-rurales\/","title":{"rendered":"La violencia machista afecta el bienestar de las mujeres rurales"},"content":{"rendered":"\n<ul class=\"wp-block-list\"><li><strong>D\u00eda 16 de\nAcci\u00f3n: No m\u00e1s violencia<\/strong><\/li><li><strong>\u00bfC\u00f3mo\nafecta la violencia de g\u00e9nero a las mujeres rurales?<\/strong><\/li><\/ul>\n\n\n\n<p class=\"wp-block-paragraph\"><strong>Por Lirians Gordillo\nPi\u00f1a <\/strong><\/p>\n\n\n\n<p class=\"wp-block-paragraph\">SemM\u00e9xico\/SEMLac. 10 de diciembre 2019.- La violencia\nmachista teje una compleja madeja que afecta a las mujeres rurales. Distintas\nformas de maltrato se acent\u00faan y solapan en una cultura patriarcal que contin\u00faa\nsosteniendo la subordinaci\u00f3n femenina. M\u00e1s all\u00e1 de las lesiones f\u00edsicas, existe\nuna falta de bienestar y estr\u00e9s estrechamente relacionados con la cultura\npatriarcal y la violencia machista. Es por ello que la psic\u00f3loga Marien\nGonz\u00e1lez T\u00e9llez, investigadora en la provincia Las Tunas, insiste en relacionar\nsalud con contexto social y cultura patriarcal.<\/p>\n\n\n\n<p class=\"wp-block-paragraph\"><strong>\u00bfC\u00f3mo afecta la\nviolencia de g\u00e9nero a las mujeres rurales? \u00bfQu\u00e9 consecuencias tiene para su\nbienestar?<\/strong><\/p>\n\n\n\n<p class=\"wp-block-paragraph\">A pesar de los dis\u00edmiles esfuerzos que se realizan para\ncambiar la situaci\u00f3n de la mujer en el sector rural, todav\u00eda persisten\nproblemas; se establecen las relaciones de poder que sostienen la violencia de\ng\u00e9nero.<\/p>\n\n\n\n<p class=\"wp-block-paragraph\">Las distinciones desigualitarias sit\u00faan a la mujer rural en\nuna situaci\u00f3n de subordinaci\u00f3n materializada en costumbres, tradiciones y\nactitudes profundamente arraigadas en la sociedad, marcando un estilo de vida\npermeado por la priorizaci\u00f3n del espacio y necesidades masculinas.<\/p>\n\n\n\n<p class=\"wp-block-paragraph\">En mayor medida existen situaciones de violencia\npsicol\u00f3gica, que en la mayor\u00eda de los casos no son perceptibles por las\nmujeres, debido a la educaci\u00f3n patriarcal en que se nos ense\u00f1a a pensar, actuar\ny hasta sentir; aunque estas formas de violencia pueden ser la base para llegar\na la agresi\u00f3n f\u00edsica.<\/p>\n\n\n\n<p class=\"wp-block-paragraph\">Existe una base patriarcal que sostiene estas relaciones y\nsituaciones de maltrato. Los obst\u00e1culos fundamentales para el empoderamiento de\nla mujer rural est\u00e1n en la sobrecarga de responsabilidades dom\u00e9sticas;\nelementos que laceran la salud y el bienestar de ellas desde la presencia de\ndesigualdades que conforman situaciones estresantes.<\/p>\n\n\n\n<p class=\"wp-block-paragraph\">El maltrato genera estr\u00e9s y existen diferentes v\u00edas mediante\nlas cuales el estr\u00e9s puede provocar diversas enfermedades. El efecto del estr\u00e9s\nsobre el sistema nervioso, endocrino e inmunol\u00f3gico es directo. Por otra parte,\npueden aparecer efectos indirectos, si se modifican las pr\u00e1cticas de salud que\nincrementan ciertos riesgos.<\/p>\n\n\n\n<p class=\"wp-block-paragraph\">El estr\u00e9s puede estar asociado al aumento de ingesti\u00f3n de\nsustancias alcoh\u00f3licas, el tabaquismo, el uso de f\u00e1rmacos e incidencia de\ntrastornos del sue\u00f1o, los cuales incrementan el riesgo de contraer enfermedades\no agravar las existentes. Por lo que el estr\u00e9s tiene efectos directos e\nindirectos sobre las enfermedades.<\/p>\n\n\n\n<p class=\"wp-block-paragraph\"><strong>\u00bfCrees que el\ncontexto rural marca particularidades en esta situaci\u00f3n? \u00bfPor qu\u00e9?<\/strong><\/p>\n\n\n\n<p class=\"wp-block-paragraph\">S\u00ed, es evidente que cada espacio socializador caracteriza\nlas relaciones que se establecen entre las personas que lo conforman. Incluye\nla influencia de la cultura, los medios de producci\u00f3n, las opciones de empleo y\nrecreaci\u00f3n en estas comunidades o contextos.<\/p>\n\n\n\n<p class=\"wp-block-paragraph\">Todos ellos denotan formas de subjetivar la realidad y otorgan\nsentidos subjetivos a hombres y mujeres y las relaciones que \u201cdeben ser\nestablecidas\u201d; en esta din\u00e1mica se acent\u00faan rasgos machistas y se invisibilizan\nlas potencialidades femeninas.<\/p>\n\n\n\n<p class=\"wp-block-paragraph\">Es necesario recordar que no solo el hecho de las dobles y\ntriples jornadas laborales de las mujeres rurales constan como factores que\nafectan su salud, sino tambi\u00e9n las relaciones que se establecen en este \u00e1mbito.\nEn la mujer rural, el estr\u00e9s se intensifica, entre otras cosas, por la falta de\noportunidades y las reglas de una sociedad que a\u00fan la mantiene sometida a la\nvoluntad del hombre.<\/p>\n\n\n\n<p class=\"wp-block-paragraph\">En la zona oriental de Cuba, pese a no tener el tono tan\nprecario que presentan las mujeres del \u00e1rea de Am\u00e9rica Latina, existen\ndesaf\u00edos. En trabajos de diagn\u00f3sticos realizados por la Asociaci\u00f3n Productora\nde Animales (ACPA), de conjunto con la C\u00e1tedra de la Mujer y proyectos de\ninvestigaci\u00f3n pertenecientes a la Universidad de Las Tunas, se obtuvieron\nresultados alarmantes.<\/p>\n\n\n\n<p class=\"wp-block-paragraph\">Las condiciones de vida de comunidades rurales se\ncaracterizan por escasos medios de transporte para el acceder a ellas, sin\nexistencia de electrificaci\u00f3n; el agua que se consume es de pozos, lo que\nimplica que deba ser cargada hasta el hogar, actividad que por lo general\nrealizan las mujeres por \u201ctener m\u00e1s tiempo disponible\u201d; se utiliza la cocina de\nle\u00f1a, es por ello que los beneficios de la revoluci\u00f3n energ\u00e9tica, ollas y\nhornillas no pueden ser utilizadas por las mujeres de estos lugares.<\/p>\n\n\n\n<p class=\"wp-block-paragraph\">Su jornada de trabajo en el campo va acompa\u00f1ada de una\nsobrecarga de trabajo dom\u00e9stico en peque\u00f1os sitios de tierras, enfrent\u00e1ndose a\ncondiciones materiales mucho m\u00e1s precarias que en el medio urbano; cuentan con\npoca ayuda familiar y asumen hasta una triple jornada de trabajo, dado su rol\nde madre y esposa. Esta situaci\u00f3n genera una desigualdad de oportunidades para\nla incorporaci\u00f3n a los procesos productivos, organizativos y una valoraci\u00f3n de\nsobrecarga f\u00edsica y ps\u00edquica para ellas.<\/p>\n\n\n\n<p class=\"wp-block-paragraph\">Desde la perspectiva de g\u00e9nero, estos indicadores desde el\n\u00e1mbito comunitario evidencian claras situaciones potenciadoras de estr\u00e9s. La\nrealidad de las mujeres rurales condiciona una vida marcada por el desgaste,\ndebido a las desigualdades, la violencia, la carencia y la inaccesibilidad a\nrecursos materiales y espirituales que le brindan el tan esgrimido bienestar.\nEs por ello que se necesita visualizar el brillo de cada mujer en el espacio en\nque se encuentre y crear para todas las posibilidades de crecer.<\/p>\n\n\n\n<p class=\"wp-block-paragraph\"><strong>\u00bfQu\u00e9 acciones\npropondr\u00edas para una respuesta a la violencia de g\u00e9nero en los contextos\nrurales?<\/strong><\/p>\n\n\n\n<p class=\"wp-block-paragraph\">Tratando esta violencia de g\u00e9nero desde esta perspectiva\nsalutog\u00e9nica y en relaci\u00f3n con elementos del estr\u00e9s que favorecen y causan\nenfermedades y maneras de enfermar para hombres y mujeres, es pertinente la\nsoluci\u00f3n adaptada a las propias caracter\u00edsticas de estos espacios rurales.<\/p>\n\n\n\n<p class=\"wp-block-paragraph\">Desde mi visi\u00f3n personal, pese que la violencia f\u00edsica se\ntrate de ocultarla en gran cantidad de casos, es mayormente visible, lo que\nfavorece su tratamiento y atenci\u00f3n por los diversos sistemas de salud o\nsistemas sociales dispuestos en nuestro pa\u00eds. Pero no sucede de igual manera\ncon esa violencia que se invisibiliza por esos mismos aprendizajes en los\nespacios familiares, incluso educativos, que instituyen comportamientos y\nacciones basadas en estereotipos y normas apegadas a la configuraci\u00f3n masculina\nde poder. Ese tipo de violencia es m\u00e1s solapada y en ocasiones no se descubre o\n\u201cconvenientemente\u201d no se hace consiente.<\/p>\n\n\n\n<p class=\"wp-block-paragraph\">Tiene que ver con los accesos a informaci\u00f3n, opciones de\nespacios recreativos, disponibilidad de tiempo, construcci\u00f3n de equidad\nfamiliar y reconfiguraci\u00f3n de roles familiares, as\u00ed como la distribuci\u00f3n de\ntareas y l\u00edmites, acceso a espacios de salud, educaci\u00f3n sexual y reproductiva,\npensada desde la diversidad e incluyendo personas con necesidades especiales,\norientaciones e identidad de g\u00e9nero diferentes, construcci\u00f3n de subjetividades\ngrupales y sociales menos discriminatorias.<\/p>\n\n\n\n<p class=\"wp-block-paragraph\">Las acciones m\u00e1s espec\u00edficas ir\u00edan encaminadas a desarrollar\nmayores intervenciones comunitarias desde la perspectiva de g\u00e9nero, facilitar\nespacios de inclusi\u00f3n para la diversidad &#8211;ya sea culturales, recreativos,\nlaborales o de salud&#8211;; crear talleres educativos y de aprendizajes, favorecer\nencuentros con especialistas, que la coeducaci\u00f3n comience por personas\ndecisoras; favorecer oportunidades de trabajo para mujeres pensadas desde sus\ncaracter\u00edsticas y del lugar donde viven, que permitan mayores ingresos\npersonales; intencionar una inyecci\u00f3n de capital en estas zonas para la\nconstrucci\u00f3n de infraestructura de desarrollo local.<\/p>\n\n\n\n<p class=\"wp-block-paragraph\">Desde la perspectiva m\u00e1s global, las acciones para la\ndisminuci\u00f3n de estas formas de violencia ir\u00edan encaminadas a la desconstrucci\u00f3n\ny desaprendizajes de cada manifestaci\u00f3n de poder irracional masculino.<\/p>\n","protected":false},"excerpt":{"rendered":"<p>D\u00eda 16 de Acci\u00f3n: No m\u00e1s violencia<\/p>\n","protected":false},"author":3,"featured_media":14883,"comment_status":"open","ping_status":"open","sticky":false,"template":"","format":"standard","meta":{"_monsterinsights_skip_tracking":false,"footnotes":""},"categories":[690,53],"tags":[],"class_list":["post-14882","post","type-post","status-publish","format-standard","has-post-thumbnail","category-690","category-internacional"],"_links":{"self":[{"href":"https:\/\/redsemlac.com\/semmexico\/wp-json\/wp\/v2\/posts\/14882","targetHints":{"allow":["GET"]}}],"collection":[{"href":"https:\/\/redsemlac.com\/semmexico\/wp-json\/wp\/v2\/posts"}],"about":[{"href":"https:\/\/redsemlac.com\/semmexico\/wp-json\/wp\/v2\/types\/post"}],"author":[{"embeddable":true,"href":"https:\/\/redsemlac.com\/semmexico\/wp-json\/wp\/v2\/users\/3"}],"replies":[{"embeddable":true,"href":"https:\/\/redsemlac.com\/semmexico\/wp-json\/wp\/v2\/comments?post=14882"}],"version-history":[{"count":0,"href":"https:\/\/redsemlac.com\/semmexico\/wp-json\/wp\/v2\/posts\/14882\/revisions"}],"wp:featuredmedia":[{"embeddable":true,"href":"https:\/\/redsemlac.com\/semmexico\/wp-json\/wp\/v2\/media\/14883"}],"wp:attachment":[{"href":"https:\/\/redsemlac.com\/semmexico\/wp-json\/wp\/v2\/media?parent=14882"}],"wp:term":[{"taxonomy":"category","embeddable":true,"href":"https:\/\/redsemlac.com\/semmexico\/wp-json\/wp\/v2\/categories?post=14882"},{"taxonomy":"post_tag","embeddable":true,"href":"https:\/\/redsemlac.com\/semmexico\/wp-json\/wp\/v2\/tags?post=14882"}],"curies":[{"name":"wp","href":"https:\/\/api.w.org\/{rel}","templated":true}]}}