{"id":14872,"date":"2019-12-10T00:48:55","date_gmt":"2019-12-10T00:48:55","guid":{"rendered":"https:\/\/redsemlac.com\/semmexico\/?p=14872"},"modified":"2023-07-21T15:15:26","modified_gmt":"2023-07-21T20:15:26","slug":"oaxaca-104","status":"publish","type":"post","link":"https:\/\/redsemlac.com\/semmexico\/oaxaca-104\/","title":{"rendered":"Loxicha, sin justicia, dice Juan Sosa Maldonado"},"content":{"rendered":"\n<p class=\"wp-block-paragraph\"><strong>* Env\u00eda carta a la embajadora mexicana\nen Espa\u00f1a y narra su condici\u00f3n de refugiado pol\u00edtico<\/strong><\/p>\n\n\n\n<p class=\"wp-block-paragraph\"><strong>* Anuncia una huelga de hambre<\/strong><\/p>\n\n\n\n<p class=\"wp-block-paragraph\"><strong>Soledad Jarqu\u00edn Edgar<\/strong><\/p>\n\n\n\n<p class=\"wp-block-paragraph\">SemM\u00e9xico,\nReino de Espa\u00f1a, 9 diciembre 2019.- Previo al 71 aniversario de la Declaraci\u00f3n\nUniversal de los Derechos Humanos, Juan Sosa Maldonado, defensor exiliado,\ndemand\u00f3 hoy en una carta enviada a la embajadora de M\u00e9xico en ese pa\u00eds, Roberta\nLajous Vargas, se investigue y castigue a los responsables de la represi\u00f3n en\nla regi\u00f3n de los Loxichas en 1996, impune hasta nuestros d\u00edas.<\/p>\n\n\n\n<p class=\"wp-block-paragraph\">En\nla carta, donde anuncia que prepara una huelga de hambre, tambi\u00e9n demanda\ninvestigaci\u00f3n y castigo a quienes son responsables de la desaparici\u00f3n forzada\nde la que fue objeto y la consecuente tortura y prisi\u00f3n pol\u00edtica, persecuci\u00f3n e\nintento de ejecuci\u00f3n extrajudicial que lo oblig\u00f3 al \u201cindescriptible sufrimiento\ndel destierro pol\u00edtico\u201d.<\/p>\n\n\n\n<p class=\"wp-block-paragraph\">Adem\u00e1s,\nde solicitar que de manera inmediata se tomen providencias para resolver la\ncr\u00edtica situaci\u00f3n por la que atraviesa, \u00e9l y su familia y en la que se\u00f1ala\n\u201cobservando a mis hijos temblar de fr\u00edo o ingeni\u00e1rselas para comer, con mi\nesposa enferma por el estr\u00e9s por la larga noche de persecuci\u00f3n y desamparo,\nextra\u00f1ando a nuestros seres queridos, compa\u00f1eros y amigos que se han quedado\nall\u00e1 muy lejos en nuestra amada patria, extra\u00f1ando nuestro c\u00e1lido hogar al que\nsabemos no podemos volver, con la viva memoria de lo que ha sido una vida de\npermanentes penurias pero con plena conciencia de cu\u00e1les son los or\u00edgenes de la\ntragedia que desgarra a nuestro pa\u00eds con m\u00e1s de 100 personas asesinadas\ndiariamente, con la persecuci\u00f3n y ataque permanente a periodistas y defensoras\ny defensores de Derechos Humanos\u201d.<\/p>\n\n\n\n<figure class=\"wp-block-image\"><img loading=\"lazy\" decoding=\"async\" width=\"685\" height=\"598\" src=\"https:\/\/redsemlac.com\/semmexico\/wp-content\/uploads\/2019\/12\/juan-sosa-1.png\" alt=\"\" class=\"wp-image-14873\"\/><\/figure>\n\n\n\n<p class=\"wp-block-paragraph\">En\nla carta, de tres p\u00e1ginas, Sosa Maldonado explica a Lajous Vargas su vida\natravesada por la pobreza, no resuelto por el devenir de los gobiernos\nfederales ni estatales, narra la represi\u00f3n a los pueblos ind\u00edgenas y se\u00f1ala\nc\u00f3mo gobernantes como Vicente Fox, Felipe Calder\u00f3n, Enrique Pe\u00f1a Nieto tienen\nen su historial actos de violencia pol\u00edtica, persecuci\u00f3n y muerte.<\/p>\n\n\n\n<p class=\"wp-block-paragraph\">Refiere\nlos tres a\u00f1os que vivi\u00f3 prisi\u00f3n pol\u00edtica (1998-2001), alejado de su familia,\nsufriendo tortura f\u00edsica, luego de 25 d\u00edas de desaparici\u00f3n forzada, como\nresultado de la represi\u00f3n a los pueblos Loxichas, asentados en la sierra sur de\nOaxaca, durante el gobierno de Di\u00f3doro Carrasco Altamirano.<\/p>\n\n\n\n<p class=\"wp-block-paragraph\">Refiere\nque habiendo conocido el sufrimiento de los ind\u00edgenas, \u201ccon miedo permanente a\nla represi\u00f3n del Estado decid\u00ed defender y acompa\u00f1ar la b\u00fasqueda de justicia y\nlibertad de los presos pol\u00edticos y de conciencia de la Regi\u00f3n Loxicha\u201d. Y m\u00e1s\ntarde, tambi\u00e9n se sum\u00f3 a la defensa que emprendieron organizaciones de la\nsociedad civil y el magisterio en 2006 en Oaxaca que desat\u00f3 \u201cuna espiral de\nviolencia\u201d.<\/p>\n\n\n\n<p class=\"wp-block-paragraph\">As\u00ed\nel 16 de octubre de 2013, fue v\u00edctima de otro atentado del Estado del que\nescap\u00f3 abandonando el pa\u00eds. Su condici\u00f3n de refugiados pol\u00edticos no le ha\ngarantizado escapar del \u201codio y la exclusi\u00f3n\u201d y de un estado de indefensi\u00f3n\nante la falta de pol\u00edticas de pleno respeto a los derechos humanos en este pa\u00eds\ny en tantos otros de la Uni\u00f3n Europea.<\/p>\n\n\n\n<p class=\"wp-block-paragraph\">\u201cEngrosamos\nla lista de millones sin empleo y acceso a una vida digna: Durante los m\u00e1s de\ncinco a\u00f1os que llevamos aqu\u00ed, no hemos conocido lo que es tener calefacci\u00f3n en\ncasa y no tiritar de fr\u00edo en el crudo invierno, tampoco hemos podido asegurar\nuna alimentaci\u00f3n completa y variada o contar con los medios necesarios para una\nbuena educaci\u00f3n par a nuestros hijos\u201d.<\/p>\n\n\n\n<p class=\"wp-block-paragraph\">Por\nello, Sosa Maldonado puntualiza que su larga experiencia en la exigencia de\njusticia y libertad, en la defensa de los derechos humanos de pueblos y\ncomunidades ind\u00edgenas, convierte la esperanza de respuesta y acci\u00f3n en\ndesconfianza a ser por lo menos escuchado y anuncia una huelga de hambre.<\/p>\n\n\n\n<p class=\"wp-block-paragraph\">SEM\/sj<\/p>\n","protected":false},"excerpt":{"rendered":"<p>Anuncia una huelga de hambre<\/p>\n","protected":false},"author":3,"featured_media":14874,"comment_status":"open","ping_status":"open","sticky":false,"template":"","format":"standard","meta":{"_monsterinsights_skip_tracking":false,"footnotes":""},"categories":[690,52],"tags":[],"class_list":["post-14872","post","type-post","status-publish","format-standard","has-post-thumbnail","category-690","category-hombres"],"_links":{"self":[{"href":"https:\/\/redsemlac.com\/semmexico\/wp-json\/wp\/v2\/posts\/14872","targetHints":{"allow":["GET"]}}],"collection":[{"href":"https:\/\/redsemlac.com\/semmexico\/wp-json\/wp\/v2\/posts"}],"about":[{"href":"https:\/\/redsemlac.com\/semmexico\/wp-json\/wp\/v2\/types\/post"}],"author":[{"embeddable":true,"href":"https:\/\/redsemlac.com\/semmexico\/wp-json\/wp\/v2\/users\/3"}],"replies":[{"embeddable":true,"href":"https:\/\/redsemlac.com\/semmexico\/wp-json\/wp\/v2\/comments?post=14872"}],"version-history":[{"count":0,"href":"https:\/\/redsemlac.com\/semmexico\/wp-json\/wp\/v2\/posts\/14872\/revisions"}],"wp:featuredmedia":[{"embeddable":true,"href":"https:\/\/redsemlac.com\/semmexico\/wp-json\/wp\/v2\/media\/14874"}],"wp:attachment":[{"href":"https:\/\/redsemlac.com\/semmexico\/wp-json\/wp\/v2\/media?parent=14872"}],"wp:term":[{"taxonomy":"category","embeddable":true,"href":"https:\/\/redsemlac.com\/semmexico\/wp-json\/wp\/v2\/categories?post=14872"},{"taxonomy":"post_tag","embeddable":true,"href":"https:\/\/redsemlac.com\/semmexico\/wp-json\/wp\/v2\/tags?post=14872"}],"curies":[{"name":"wp","href":"https:\/\/api.w.org\/{rel}","templated":true}]}}