{"id":14869,"date":"2019-12-10T00:42:46","date_gmt":"2019-12-10T00:42:46","guid":{"rendered":"https:\/\/redsemlac.com\/semmexico\/?p=14869"},"modified":"2023-07-21T15:15:26","modified_gmt":"2023-07-21T20:15:26","slug":"oaxaca-103","status":"publish","type":"post","link":"https:\/\/redsemlac.com\/semmexico\/oaxaca-103\/","title":{"rendered":"Personal m\u00e9dico debe cumplir la ley en materia de aborto en Oaxaca"},"content":{"rendered":"\n<p class=\"wp-block-paragraph\"><strong>* La\nobjeci\u00f3n de conciencia no es institucional<\/strong><\/p>\n\n\n\n<p class=\"wp-block-paragraph\"><strong>*\nSalud de Oaxaca se\u00f1ala que hacen falta recursos<\/strong><\/p>\n\n\n\n<p class=\"wp-block-paragraph\"><strong>Patricia\nBrise\u00f1o<\/strong><\/p>\n\n\n\n<p class=\"wp-block-paragraph\">SemM\u00e9xico, Oaxaca, 9 diciembre 2019.- Las\nreformas al C\u00f3digo Penal que despenalizan el aborto en Oaxaca hasta la 12\nsemana, sigue siendo motivo de an\u00e1lisis: por un lado, feministas aseguran que\nla normatividad internacional obliga al Estado mexicano a garantizar el derecho\na decidir de las mujeres, adem\u00e1s de advertir que la objeci\u00f3n de conciencia no\nes institucional, sino individual.<\/p>\n\n\n\n<p class=\"wp-block-paragraph\">Esto, tras las declaraciones del titular de\nSalud en Oaxaca, Donato Casas Escamilla, quien asegur\u00f3 que la dependencia no\ntiene la infraestructura, ni los recursos para atender los eventuales casos de\naborto, tras las reformas al c\u00f3digo penal aprobada por la 64 legislatura local\nen septiembre de este a\u00f1o y promulgada por el gobernador del Estado en octubre\npasado.<\/p>\n\n\n\n<p class=\"wp-block-paragraph\">Casas Escamilla, asegur\u00f3 en conferencia de\nprensa, que los hospitales no cuentan con el equipo ni insumos para su pr\u00e1ctica,\nni el personal m\u00e9dico est\u00e1 capacitado, por lo que la dependencia a su cargo\nprev\u00e9 demandar una partida presupuestal extraordinaria para atender las\ncarencias mencionadas.<\/p>\n\n\n\n<p class=\"wp-block-paragraph\">La intenci\u00f3n del gobierno del estado es poner\nel tema (del aborto) sobre la mesa ante la Federaci\u00f3n, y que sea \u00e9sta la que se\nencargue de suministrar los insumos y equipo para cumplir con la nueva\nnormativa en Oaxaca.<\/p>\n\n\n\n<p class=\"wp-block-paragraph\">Ante la pregunta al titular de Salud en\nOaxaca sobre la negativa de m\u00e9dicos, hombres y mujeres, a realizar abortos\ndentro del periodo que se\u00f1ala la reforma del pasado 25 de septiembre, el\nfuncionario estatal afirm\u00f3: \u201cseremos respetuosos de quienes no practiquen los\naborto en \u00e1mbito privado\u201d, aunque en el sector p\u00fablico, \u201chace m\u00e1s de 20 a\u00f1os se\npractican abortos en caso de violaci\u00f3n, peligro de la madre o el\nproducto\u00bb.<\/p>\n\n\n\n<p class=\"wp-block-paragraph\">En ese sentido, Pilar Muriedas de Consorcio\npara el Di\u00e1logo Parlamentario y la Equidad Oaxaca, se\u00f1al\u00f3 que si bien hay\nobjeci\u00f3n de conciencia de personal m\u00e9dico, no debe haber objeci\u00f3n de hospitales\ndel sector salud, pues el Estado debe garantizar el derecho a la interrupci\u00f3n\nlegal del embarazo hasta la 12 semana.<\/p>\n\n\n\n<p class=\"wp-block-paragraph\">En ese mismo sentido, Laura Susana Ch\u00eda\nP\u00e9rez, feminista defensora de los derechos humanos de las mujeres, apunt\u00f3 que\nesta postura m\u00e9dica no considera, sobre todo aquellos que forman parte y cobran\nen instituciones p\u00fablicas de salud lo que al respecto dice la Comisi\u00f3n Econ\u00f3mica\npara Am\u00e9rica Latina y el Caribe (CEPAL) en relaci\u00f3n a la violencia obst\u00e9trica: <\/p>\n\n\n\n<p class=\"wp-block-paragraph\"><em>\u201cEl\ncontrol de los derechos sexuales y reproductivos de las mujeres es un medio\npara mantener el poder y el control masculino y subordinaci\u00f3n de las mujeres, y\nconstituye una forma de discriminaci\u00f3n que, cuando se lleva adelante con la\nintervenci\u00f3n de los encargados de proveer la atenci\u00f3n de salud (p\u00fablicos o\nprivados), puede implicar el ejercicio de violencia institucional contra\nmujeres.<\/em><\/p>\n\n\n\n<p class=\"wp-block-paragraph\"><em>\u201cLa\nviolencia obst\u00e9trica, asociada al proceso natural de embarazo y del parto,\nimprime un mensaje poderoso de subordinaci\u00f3n de las mujeres en raz\u00f3n de su\nmaternidad. Esta subordinaci\u00f3n ya no se da solo en el \u00e1mbito privado\u2026..(\n)..sino que adem\u00e1s puede ser impuesta por las instituciones y los operadores\ndel sistema, con ocasi\u00f3n de la atenci\u00f3n a la salud. Sin embargo, la violencia obst\u00e9trica\nno solo se relaciona con la experiencia del parto: incluye otros aspectos\nvinculados con los derechos sexuales y reproductivos, como la anticoncepci\u00f3n,\nla planificaci\u00f3n familiar, el aborto y la menopausia\u201d<\/em>.<\/p>\n\n\n\n<p class=\"wp-block-paragraph\">Muriedas se\u00f1al\u00f3 que es necesario identificar\nquien debe capacitar al personal de salud hospitalario en cuanto a la pr\u00e1ctica\nlegal del aborto y consider\u00f3 una opci\u00f3n al sector salud que opera en la Ciudad\nde M\u00e9xico, donde ya existe una larga experiencia de 12 a\u00f1os y donde funcionan\nbien los hospitales y centros de salud que est\u00e1n destinados a realizar la ILE.<\/p>\n\n\n\n<p class=\"wp-block-paragraph\">Tambi\u00e9n agreg\u00f3 que la preocupaci\u00f3n\npresupuestal deber\u00eda consultar al gobierno CDMX. En realidad, no se trata de un\npresupuesto elevad\u00edsimo, pues la gran mayor\u00eda de las interrupciones se realizan\ncon medicamentos, incluso asegur\u00f3 que en Oaxaca esta es una pr\u00e1ctica.<\/p>\n\n\n\n<p class=\"wp-block-paragraph\">Ch\u00eda Perez record\u00f3 que la interrupci\u00f3n legal\ndel embarazo es una deuda con la igualdad, en especial con las mujeres\nind\u00edgenas, rurales, adolescentes, en pobreza multidimensional, pobreza extrema,\ncon discapacidades f\u00edsicas,&nbsp; derivado de\nnormas y estereotipos de g\u00e9nero, la viven violencia sexual y en consecuencia\nmuchas veces el \u201carreglo de matrimonios infantiles, un abanico de desigualdades\nque ocurre en Oaxaca, donde el 51.8 por ciento de la poblaci\u00f3n son mujeres.<\/p>\n\n\n\n<p class=\"wp-block-paragraph\">De acuerdo con la reforma aprobada por la 64\nLegislatura del Congreso del Estado, el 25 de septiembre pasado, evita la\ncriminalizaci\u00f3n de las mujeres que deciden ser o no madres, lo que ubica a\nOaxaca como la segunda entidad del pa\u00eds en despenalizar el aborto, despu\u00e9s de\nla Ciudad de M\u00e9xico.<\/p>\n\n\n\n<p class=\"wp-block-paragraph\">Agreg\u00f3 que existe una enorme invisibilidad de\nla violencia en los espacios institucionales, como la violencia obst\u00e9trica, y\nque de acuerdo con la misma CEPAL a\u00fan persiste un d\u00e9ficit de respuestas\np\u00fablicas en torno al abordaje integral de la violencia.<\/p>\n\n\n\n<p class=\"wp-block-paragraph\">Cita que el mismo organismo internacional\nse\u00f1ala que el no identificar, por parte del Estado, el significado econ\u00f3mico de\nla violencia que se ejerce contra las mujeres, ni tener la medici\u00f3n de la\nmagnitud de este fen\u00f3meno en la poblaci\u00f3n de mujeres y la sociedad, dif\u00edcilmente\npodr\u00e1 este visibilizar los costos econ\u00f3micos individuales, ni podr\u00e1 hacer un\nestimado del costo de las pol\u00edticas p\u00fablicas, ni podr\u00e1 tener una perspectiva\nque permita tomar decisiones y promover soluciones.<\/p>\n","protected":false},"excerpt":{"rendered":"<p>La objeci\u00f3n de conciencia no es institucional<\/p>\n","protected":false},"author":3,"featured_media":14870,"comment_status":"open","ping_status":"open","sticky":false,"template":"","format":"standard","meta":{"_monsterinsights_skip_tracking":false,"footnotes":""},"categories":[690,54],"tags":[],"class_list":["post-14869","post","type-post","status-publish","format-standard","has-post-thumbnail","category-690","category-mujeres"],"_links":{"self":[{"href":"https:\/\/redsemlac.com\/semmexico\/wp-json\/wp\/v2\/posts\/14869","targetHints":{"allow":["GET"]}}],"collection":[{"href":"https:\/\/redsemlac.com\/semmexico\/wp-json\/wp\/v2\/posts"}],"about":[{"href":"https:\/\/redsemlac.com\/semmexico\/wp-json\/wp\/v2\/types\/post"}],"author":[{"embeddable":true,"href":"https:\/\/redsemlac.com\/semmexico\/wp-json\/wp\/v2\/users\/3"}],"replies":[{"embeddable":true,"href":"https:\/\/redsemlac.com\/semmexico\/wp-json\/wp\/v2\/comments?post=14869"}],"version-history":[{"count":0,"href":"https:\/\/redsemlac.com\/semmexico\/wp-json\/wp\/v2\/posts\/14869\/revisions"}],"wp:featuredmedia":[{"embeddable":true,"href":"https:\/\/redsemlac.com\/semmexico\/wp-json\/wp\/v2\/media\/14870"}],"wp:attachment":[{"href":"https:\/\/redsemlac.com\/semmexico\/wp-json\/wp\/v2\/media?parent=14869"}],"wp:term":[{"taxonomy":"category","embeddable":true,"href":"https:\/\/redsemlac.com\/semmexico\/wp-json\/wp\/v2\/categories?post=14869"},{"taxonomy":"post_tag","embeddable":true,"href":"https:\/\/redsemlac.com\/semmexico\/wp-json\/wp\/v2\/tags?post=14869"}],"curies":[{"name":"wp","href":"https:\/\/api.w.org\/{rel}","templated":true}]}}