{"id":14866,"date":"2019-12-10T00:32:36","date_gmt":"2019-12-10T00:32:36","guid":{"rendered":"https:\/\/redsemlac.com\/semmexico\/?p=14866"},"modified":"2023-07-21T15:15:27","modified_gmt":"2023-07-21T20:15:27","slug":"oaxaca-102","status":"publish","type":"post","link":"https:\/\/redsemlac.com\/semmexico\/oaxaca-102\/","title":{"rendered":"Propone Legislatura de Oaxaca operaci\u00f3n de \u201ctaxis rosas\u201d para mujeres"},"content":{"rendered":"\n<p class=\"wp-block-paragraph\"><strong>* No habr\u00e1 m\u00e1s concesiones, aclara;\nser\u00edan operados por mujeres<\/strong><\/p>\n\n\n\n<p class=\"wp-block-paragraph\"><strong>* Una medida de prevenci\u00f3n de delitos\nde g\u00e9nero por la AVGM<\/strong><\/p>\n\n\n\n<p class=\"wp-block-paragraph\"><strong>Patricia Brise\u00f1o<\/strong><\/p>\n\n\n\n<p class=\"wp-block-paragraph\">SemM\u00e9xico,\nOaxaca, 9 diciembre 2019.- Para asegurar la integridad f\u00edsica y la vida de las\noaxaque\u00f1as, la 64 Legislatura del Estado pidi\u00f3 a la Secretar\u00eda de Movilidad de\nOaxaca (Semovi) impulsar entre sus pol\u00edticas p\u00fablicas, la autorizaci\u00f3n para que\ncirculen \u201ctaxis pintados de color rosa\u201d.<\/p>\n\n\n\n<p class=\"wp-block-paragraph\">En\nsesi\u00f3n ordinaria, diputadas y diputados proponen que el programa consista en la\nadecuaci\u00f3n de veh\u00edculos de servicio de alquiler, y que \u00e9stos sean operados por\nmujeres para mujeres, como una acci\u00f3n afirmativa a m\u00e1s de a\u00f1o de la\ndeclaratoria de Alerta de Violencia de G\u00e9nero contra las Mujeres en 40\nmunicipios de Oaxaca.<\/p>\n\n\n\n<p class=\"wp-block-paragraph\">Taxis\nRosas no contempla el otorgamiento de m\u00e1s concesiones, sino que funcionar\u00eda con\nlas ya existentes, refiri\u00f3 el exhorto un\u00e1nime.<\/p>\n\n\n\n<p class=\"wp-block-paragraph\">Siguieren\nconsiderar en una primera fase, un programa piloto en el municipio de Oaxaca de\nJu\u00e1rez, en coordinaci\u00f3n con los sitios de taxis ya existentes, \u201cpara que dentro\nde su flota vehicular consideren un porcentaje para que sean operadas por\nmujeres para uso de mujeres\u201d. <\/p>\n\n\n\n<p class=\"wp-block-paragraph\">De\nacuerdo a la Encuesta Nacional sobre Din\u00e1mica de las Relaciones en los Hogares\ny en la Encuesta Nacional de Victimizaci\u00f3n y Percepci\u00f3n sobre Seguridad\nP\u00fablica, existe una cifra negra en las denuncias que se presentan ante las\nautoridades, \u201csobre todo en los casos de violencia sexual, acoso sexual y robo,\nmuchos de ellos suceden en el transporte p\u00fablico\u201d, y es deber de los gobiernos\ngarantizar el acceso a la justicia, a la no impunidad, pero sobre todo a la\nseguridad.<\/p>\n\n\n\n<p class=\"wp-block-paragraph\">Finalmente,\nconsideran que las autoridades, en el \u00e1mbito de su competencia, tienen la\nobligaci\u00f3n de promover, respetar, proteger y garantizar los derechos humanos de\nla poblaci\u00f3n, entre ellos el derecho de acceso de las mujeres a una vida libre\nde violencia.<\/p>\n\n\n\n<p class=\"wp-block-paragraph\">SEM\/pb\/sj<\/p>\n","protected":false},"excerpt":{"rendered":"<p> Una medida de prevenci\u00f3n de delitos de g\u00e9nero por la AVGM<\/p>\n","protected":false},"author":3,"featured_media":14867,"comment_status":"open","ping_status":"open","sticky":false,"template":"","format":"standard","meta":{"_monsterinsights_skip_tracking":false,"footnotes":""},"categories":[690,50],"tags":[],"class_list":["post-14866","post","type-post","status-publish","format-standard","has-post-thumbnail","category-690","category-congreso"],"_links":{"self":[{"href":"https:\/\/redsemlac.com\/semmexico\/wp-json\/wp\/v2\/posts\/14866","targetHints":{"allow":["GET"]}}],"collection":[{"href":"https:\/\/redsemlac.com\/semmexico\/wp-json\/wp\/v2\/posts"}],"about":[{"href":"https:\/\/redsemlac.com\/semmexico\/wp-json\/wp\/v2\/types\/post"}],"author":[{"embeddable":true,"href":"https:\/\/redsemlac.com\/semmexico\/wp-json\/wp\/v2\/users\/3"}],"replies":[{"embeddable":true,"href":"https:\/\/redsemlac.com\/semmexico\/wp-json\/wp\/v2\/comments?post=14866"}],"version-history":[{"count":0,"href":"https:\/\/redsemlac.com\/semmexico\/wp-json\/wp\/v2\/posts\/14866\/revisions"}],"wp:featuredmedia":[{"embeddable":true,"href":"https:\/\/redsemlac.com\/semmexico\/wp-json\/wp\/v2\/media\/14867"}],"wp:attachment":[{"href":"https:\/\/redsemlac.com\/semmexico\/wp-json\/wp\/v2\/media?parent=14866"}],"wp:term":[{"taxonomy":"category","embeddable":true,"href":"https:\/\/redsemlac.com\/semmexico\/wp-json\/wp\/v2\/categories?post=14866"},{"taxonomy":"post_tag","embeddable":true,"href":"https:\/\/redsemlac.com\/semmexico\/wp-json\/wp\/v2\/tags?post=14866"}],"curies":[{"name":"wp","href":"https:\/\/api.w.org\/{rel}","templated":true}]}}