{"id":14860,"date":"2019-12-09T21:29:52","date_gmt":"2019-12-09T21:29:52","guid":{"rendered":"https:\/\/redsemlac.com\/semmexico\/?p=14860"},"modified":"2023-07-21T15:15:27","modified_gmt":"2023-07-21T20:15:27","slug":"morelos-20","status":"publish","type":"post","link":"https:\/\/redsemlac.com\/semmexico\/morelos-20\/","title":{"rendered":"Acepta Jos\u00e9 Mart\u00ednez Cruz invitaci\u00f3n para formar parte de la CNDH"},"content":{"rendered":"\n<p class=\"wp-block-paragraph\"><strong>* Deja su cargo en la <\/strong><strong>Comisi\u00f3n\nIndependiente de Derechos Humanos de Morelos<\/strong><\/p>\n\n\n\n<p class=\"wp-block-paragraph\"><strong>* Es un reconocimiento a su labor de 40 a\u00f1os como defensor <\/strong><\/p>\n\n\n\n<p class=\"wp-block-paragraph\"><strong>Redacci\u00f3n<\/strong><\/p>\n\n\n\n<p class=\"wp-block-paragraph\">SemM\u00e9xico, Cuernavaca, Mor., 9 diciembre 2019.- Jos\u00e9 Mart\u00ednez Cruz ha aceptado la invitaci\u00f3n para formar parte de la CNDH, que hoy preside Rosario Piedra Ibarra, por lo que dejar\u00e1 el cargo como coordinador de Comunicaci\u00f3n de la Comisi\u00f3n Independiente de Derechos Humanos de Morelos (CIDHM).<\/p>\n\n\n\n<p class=\"wp-block-paragraph\">As\u00ed la inform\u00f3 el organismo\nen un bolet\u00edn de prensa, en el que califican como un significativo cambio para\ntransformar de fondo la CNDH a favor de la defensa de los derechos humanos. Sin\nduda, se\u00f1alan se trata de un reconocimiento a la labor realizada desde hace m\u00e1s\nde 40 a\u00f1os en esta tarea.<\/p>\n\n\n\n<p class=\"wp-block-paragraph\">Mart\u00ednez Cruz ha participado\ndesde 1977 en el Frente Pro Defensa de los Derechos Humanos de Morelos; en 1978\nen el Frente Nacional Contra la Represi\u00f3n con el Comit\u00e9 Eureka, junto a Rosario\nIbarra de Piedra y otras mujeres y familiares de hombres y mujeres que han sido\ndetenidas, perseguidas, desaparecidas y exiliadas pol\u00edticas.<\/p>\n\n\n\n<p class=\"wp-block-paragraph\">Tambi\u00e9n desde hace 30 a\u00f1os\nha formado parte de la Comisi\u00f3n Independiente de Derechos Humanos de Morelos A.C.,\ncomo Coordinador de Comunicaci\u00f3n, y destacando por su labor como miembro\nfundador.<\/p>\n\n\n\n<p class=\"wp-block-paragraph\">La CIDHM saluda, dice, este esfuerzo de poner todos\nlos recursos de la CNDH para actuar sin omisiones, ni simulaciones y sin\nsubordinaci\u00f3n al poder, sino como un verdadero \u00f3rgano aut\u00f3nomo como lo\nestablece la Constituci\u00f3n pero que hasta la fecha no se hab\u00eda llevado a cabo\ncomo lo esperaban todas las personas que han sido victimadas y como lo exige la\ninmensa mayor\u00eda de la sociedad.<\/p>\n\n\n\n<p class=\"wp-block-paragraph\">Aclaran que la organizaci\u00f3n\ndefensora que trabaja en Morelos seguir\u00e1 desempe\u00f1ando sus actividades de manera\nindependiente, \u201ccomo lo hemos hecho a lo largo de \u00e9stos 30 a\u00f1os de lucha, con\nnuestra postura aut\u00f3noma y cr\u00edtica, misma que consideramos que hoy m\u00e1s que\nnunca es necesaria para impulsar la participaci\u00f3n consciente y organizada de la\nsociedad frente a todo tipo de violaci\u00f3n a los Derechos Humanos que se cometan\npor parte de las autoridades de cualquier Gobierno, y que no haya ambig\u00fcedad\nalguna ni confusi\u00f3n sobre el papel que a cada quien nos corresponde asumir para\ndemostrar la congruencia que hemos demandado y exigido a quienes asumen una\nresponsabilidad p\u00fablica\u201d.<\/p>\n\n\n\n<p class=\"wp-block-paragraph\">SEM\/sj<\/p>\n","protected":false},"excerpt":{"rendered":"<p>Es un reconocimiento a su labor de 40 a\u00f1os como defensor <\/p>\n","protected":false},"author":3,"featured_media":14861,"comment_status":"open","ping_status":"open","sticky":false,"template":"","format":"standard","meta":{"_monsterinsights_skip_tracking":false,"footnotes":""},"categories":[690,52],"tags":[],"class_list":["post-14860","post","type-post","status-publish","format-standard","has-post-thumbnail","category-690","category-hombres"],"_links":{"self":[{"href":"https:\/\/redsemlac.com\/semmexico\/wp-json\/wp\/v2\/posts\/14860","targetHints":{"allow":["GET"]}}],"collection":[{"href":"https:\/\/redsemlac.com\/semmexico\/wp-json\/wp\/v2\/posts"}],"about":[{"href":"https:\/\/redsemlac.com\/semmexico\/wp-json\/wp\/v2\/types\/post"}],"author":[{"embeddable":true,"href":"https:\/\/redsemlac.com\/semmexico\/wp-json\/wp\/v2\/users\/3"}],"replies":[{"embeddable":true,"href":"https:\/\/redsemlac.com\/semmexico\/wp-json\/wp\/v2\/comments?post=14860"}],"version-history":[{"count":0,"href":"https:\/\/redsemlac.com\/semmexico\/wp-json\/wp\/v2\/posts\/14860\/revisions"}],"wp:featuredmedia":[{"embeddable":true,"href":"https:\/\/redsemlac.com\/semmexico\/wp-json\/wp\/v2\/media\/14861"}],"wp:attachment":[{"href":"https:\/\/redsemlac.com\/semmexico\/wp-json\/wp\/v2\/media?parent=14860"}],"wp:term":[{"taxonomy":"category","embeddable":true,"href":"https:\/\/redsemlac.com\/semmexico\/wp-json\/wp\/v2\/categories?post=14860"},{"taxonomy":"post_tag","embeddable":true,"href":"https:\/\/redsemlac.com\/semmexico\/wp-json\/wp\/v2\/tags?post=14860"}],"curies":[{"name":"wp","href":"https:\/\/api.w.org\/{rel}","templated":true}]}}