{"id":14853,"date":"2019-12-09T21:04:43","date_gmt":"2019-12-09T21:04:43","guid":{"rendered":"https:\/\/redsemlac.com\/semmexico\/?p=14853"},"modified":"2023-07-21T15:15:27","modified_gmt":"2023-07-21T20:15:27","slug":"cuba-por-respuestas-efectivas-frente-a-violencia-machista","status":"publish","type":"post","link":"https:\/\/redsemlac.com\/semmexico\/cuba-por-respuestas-efectivas-frente-a-violencia-machista\/","title":{"rendered":"Cuba: Por respuestas efectivas frente a violencia machista"},"content":{"rendered":"\n<p class=\"wp-block-paragraph\"><strong>* A\u00fan sin aplicar algunos\u00a0protocolos\u00a0ya elaborados<\/strong><\/p>\n\n\n\n<p class=\"wp-block-paragraph\"><strong>* Falta pensar en mecanismos de\nprotecci\u00f3n efectiva<\/strong><\/p>\n\n\n\n<p class=\"wp-block-paragraph\"><strong>Sara M\u00e1s<br>\n<\/strong>SemM\u00e9xico\/SEMlac,\nLa Habana, 9 diciembre 2019.- Un viejo reclamo de especialistas y activistas se\nvolvi\u00f3 a reiterar durante las actividades de la Jornada Cubana por la No\nViolencia hacia las Mujeres: que se implemente un&nbsp;<a href=\"http:\/\/www.redsemlac-cuba.net\/violencia\/v%C3%ADctimas-de-violencia-necesitan-atenci%C3%B3n-integral.html\" target=\"_blank\" rel=\"noreferrer noopener\">sistema integral e integrado<\/a>&nbsp;frente a la\nviolencia machista.<\/p>\n\n\n\n<p class=\"wp-block-paragraph\">Participantes en el III Simposio de violencia de g\u00e9nero, prostituci\u00f3n, turismo sexual y trata de personas, organizado por el Centro Nacional de Educaci\u00f3n Sexual (Cenesex) del 2 al 4 de noviembre, se\u00f1alaron tambi\u00e9n la necesidad de contar con una\u00a0<a rel=\"noreferrer noopener\" href=\"http:\/\/www.redsemlac-cuba.net\/especiales\/violencia-encrucijadas-de-la-ley.html\" target=\"_blank\">ley integral para la prevenci\u00f3n y atenci\u00f3n de la violencia de g\u00e9nero<\/a>, un concepto que actualmente no se contempla en las normas jur\u00eddicas cubanas.<br> <\/p>\n\n\n\n<p class=\"wp-block-paragraph\">\u00abNos faltan espacios especializados de actuaci\u00f3n\u00bb, dijo la soci\u00f3loga Iyamira Hern\u00e1ndez Pita, integrante de la Sociedad Cubana Multidisciplinaria par le Estudio de la Sexualidad (Socumes).<\/p>\n\n\n\n<p class=\"wp-block-paragraph\">La especialista reconoci\u00f3 que se cuenta con una\u00a0<a rel=\"noreferrer noopener\" href=\"http:\/\/www.redsemlac-cuba.net\/violencia\/especialistas-llegan-a-consenso-sobre-violencia-de-g%C3%A9nero.html\" target=\"_blank\">sistematizaci\u00f3n te\u00f3rica<\/a>\u00a0y resultados con representatividad acerca de lo que ocurre en el pa\u00eds, as\u00ed como acciones pr\u00e1cticas de capacitaci\u00f3n, sensibilizaci\u00f3n y\u00a0consejer\u00eda.<\/p>\n\n\n\n<p class=\"wp-block-paragraph\">Sin embargo, a\u00fan no se aplican algunos\u00a0<a rel=\"noreferrer noopener\" href=\"http:\/\/www.redsemlac-cuba.net\/violencia\/necesarios-protocolos-contra-violencia-machista.html\" target=\"_blank\">protocolos<\/a>\u00a0ya elaborados y se carece de espacios especializados de actuaci\u00f3n, que incluyan la atenci\u00f3n de sobrevivientes y agresores.<\/p>\n\n\n\n<p class=\"wp-block-paragraph\">Activistas y especialistas propusieron desarrollar investigaciones de mayor magnitud en este campo, incluidos los casos de muerte de mujeres por actos violentos, a la par de ir implementando mecanismos legales y de atenci\u00f3n efectivos para el acompa\u00f1amiento de mujeres en situaciones de violencia.<\/p>\n\n\n\n<p class=\"wp-block-paragraph\">Tambi\u00e9n insistieron en que debe\u00a0<a rel=\"noreferrer noopener\" href=\"http:\/\/www.redsemlac-cuba.net\/violencia\/urge-capacitaci%C3%B3n-para-no-revictimizar.html\" target=\"_blank\">especializarse el personal m\u00e9dico, jur\u00eddico, de la polic\u00eda y de acompa\u00f1amiento<\/a>\u00a0a los casos de violencia, para evitar la revictimizaci\u00f3n desde las instituciones y espacios sociales, y brindar un manejo adecuado.<\/p>\n\n\n\n<p class=\"wp-block-paragraph\">Una variante sugerida fue la de valorar la posibilidad de sacar al agresor del escenario donde comete el maltrato, por lo general la vivienda que comparte con su pareja y familia, en lugar de llevarlas a ellas a casas de acogida, opci\u00f3n que a\u00fan no existe en Cuba.<\/p>\n\n\n\n<p class=\"wp-block-paragraph\">\u00abHace falta pensar en mecanismos de protecci\u00f3n efectiva que no revictimicen a las mujeres\u00bb, coment\u00f3\u00a0<a rel=\"noreferrer noopener\" href=\"http:\/\/directoriogenero.redsemlac-cuba.net\/mariela-castro-espin-la-habana-1962\/\" target=\"_blank\">Mariela Castro, directora del Cenesex<\/a>.<\/p>\n\n\n\n<p class=\"wp-block-paragraph\">Una estrategia de este tipo debe tener en cuenta la articulaci\u00f3n entre mujeres, organizaciones, profesionales y actores en los territorios, una pr\u00e1ctica que ha valido para llevar adelante experiencias de formaci\u00f3n, capacitaci\u00f3n y atenci\u00f3n, sostuvo la psic\u00f3loga\u00a0<a rel=\"noreferrer noopener\" href=\"http:\/\/directoriogenero.redsemlac-cuba.net\/beatriz-torres-rodriguez\/\" target=\"_blank\">Beatriz Torres, presidenta de la Socumes<\/a>.<\/p>\n\n\n\n<p class=\"wp-block-paragraph\">\u00abQueda mucho por avanzar desde la mirada de g\u00e9nero en espacios de decisi\u00f3n pol\u00edtica\u00bb, agreg\u00f3\u00a0<a rel=\"noreferrer noopener\" href=\"http:\/\/directoriogenero.redsemlac-cuba.net\/ada-caridad-alfonso-rodriguez-1955\/\" target=\"_blank\">Ada Alfonso, especialista del Cenesex<\/a>, partidaria de hacer llegar hasta esos niveles los resultados de las investigaciones, consensos y propuestas desarrollados.<\/p>\n\n\n\n<p class=\"wp-block-paragraph\">Para la coordinadora de los temas de violencia en el Programa Nacional de Educaci\u00f3n y Salud Sexual (<a rel=\"noreferrer noopener\" href=\"http:\/\/www.redsemlac-cuba.net\/sociedad-cultura\/educaci%C3%B3n-integral-de-la-sexualidad,-un-tema-de-derechos.html\" target=\"_blank\">PRONESS<\/a>), se impone sostener en el tiempo la capacitaci\u00f3n en una respuesta integral e integrada a la violencia de g\u00e9nero.<\/p>\n\n\n\n<p class=\"wp-block-paragraph\">Con ella coincide Ania Molinet, de la Fiscal\u00eda General de la Rep\u00fablica, quien indic\u00f3 que no se tiene percepci\u00f3n sobre la importancia de este tema en todos los espacios que hace falta.<\/p>\n\n\n\n<p class=\"wp-block-paragraph\">Otros desaf\u00edos permanentes, a juicio de especialistas y activistas, es la promoci\u00f3n de una educaci\u00f3n que contribuya a deconstruir la ideolog\u00eda y la cultura patriarcales, adem\u00e1s de la capacitaci\u00f3n y sensibilizaci\u00f3n de actores clave.<\/p>\n\n\n\n<p class=\"wp-block-paragraph\">Uno de los acuerdos del encuentro es que la primera reuni\u00f3n en 2020 del grupo t\u00e9cnico sobre violencia de g\u00e9nero, prostituci\u00f3n, turismo sexual y trata de personas retome todos los protocolos ya elaborados en el pa\u00eds para prevenir y atender la violencia de g\u00e9nero, con vistas a exigir y promover su aplicaci\u00f3n.<\/p>\n\n\n\n<p class=\"wp-block-paragraph\">Durante\nel III Simposio de violencia de g\u00e9nero, prostituci\u00f3n, turismo sexual y trata de\npersonas se conocieron las experiencias de otros pa\u00edses como M\u00e9xico y Ecuador,\nambos con un recorrido y estrategias particulares frente a los feminicidios\ny la violencia contra las mujeres.<\/p>\n\n\n\n<p class=\"wp-block-paragraph\">SEM-SEMlac\/sm<\/p>\n","protected":false},"excerpt":{"rendered":"<p>Falta pensar en mecanismos de protecci\u00f3n efectiva<\/p>\n","protected":false},"author":3,"featured_media":14854,"comment_status":"open","ping_status":"open","sticky":false,"template":"","format":"standard","meta":{"_monsterinsights_skip_tracking":false,"footnotes":""},"categories":[690,53],"tags":[],"class_list":["post-14853","post","type-post","status-publish","format-standard","has-post-thumbnail","category-690","category-internacional"],"_links":{"self":[{"href":"https:\/\/redsemlac.com\/semmexico\/wp-json\/wp\/v2\/posts\/14853","targetHints":{"allow":["GET"]}}],"collection":[{"href":"https:\/\/redsemlac.com\/semmexico\/wp-json\/wp\/v2\/posts"}],"about":[{"href":"https:\/\/redsemlac.com\/semmexico\/wp-json\/wp\/v2\/types\/post"}],"author":[{"embeddable":true,"href":"https:\/\/redsemlac.com\/semmexico\/wp-json\/wp\/v2\/users\/3"}],"replies":[{"embeddable":true,"href":"https:\/\/redsemlac.com\/semmexico\/wp-json\/wp\/v2\/comments?post=14853"}],"version-history":[{"count":0,"href":"https:\/\/redsemlac.com\/semmexico\/wp-json\/wp\/v2\/posts\/14853\/revisions"}],"wp:featuredmedia":[{"embeddable":true,"href":"https:\/\/redsemlac.com\/semmexico\/wp-json\/wp\/v2\/media\/14854"}],"wp:attachment":[{"href":"https:\/\/redsemlac.com\/semmexico\/wp-json\/wp\/v2\/media?parent=14853"}],"wp:term":[{"taxonomy":"category","embeddable":true,"href":"https:\/\/redsemlac.com\/semmexico\/wp-json\/wp\/v2\/categories?post=14853"},{"taxonomy":"post_tag","embeddable":true,"href":"https:\/\/redsemlac.com\/semmexico\/wp-json\/wp\/v2\/tags?post=14853"}],"curies":[{"name":"wp","href":"https:\/\/api.w.org\/{rel}","templated":true}]}}