{"id":14850,"date":"2019-12-09T20:59:32","date_gmt":"2019-12-09T20:59:32","guid":{"rendered":"https:\/\/redsemlac.com\/semmexico\/?p=14850"},"modified":"2023-07-21T15:15:27","modified_gmt":"2023-07-21T20:15:27","slug":"cuba-ninas-las-mas-afectadas-por-la-violencia-sexual-en-ambito-familiar","status":"publish","type":"post","link":"https:\/\/redsemlac.com\/semmexico\/cuba-ninas-las-mas-afectadas-por-la-violencia-sexual-en-ambito-familiar\/","title":{"rendered":"Cuba: Ni\u00f1as las m\u00e1s afectadas por la violencia sexual, en \u00e1mbito familiar"},"content":{"rendered":"\n<p class=\"wp-block-paragraph\"><strong>* Visibiliza estudio la violencia\nsexual, que aboga por desnaturalizar esos\nil\u00edcitos<\/strong><\/p>\n\n\n\n<p class=\"wp-block-paragraph\"><strong>* Las mujeres padecen victimizaci\u00f3n sexual durante m\u00e1s a\u00f1os de su vida<\/strong><\/p>\n\n\n\n<p class=\"wp-block-paragraph\"><strong>Sara M\u00e1s<\/strong><\/p>\n\n\n\n<p class=\"wp-block-paragraph\">SemM\u00e9xico\/SEMlac,\nLa Habana, 9 diciembre 2019.- Las ni\u00f1as son las principales afectadas por\nla&nbsp;<a href=\"http:\/\/www.redsemlac-cuba.net\/violencia\/parafilias-y-acoso-sexual-callejero-%C2%BFviolencia-machista.html\" target=\"_blank\" rel=\"noreferrer noopener\">violencia sexual<\/a>&nbsp;a manos de\nvictimarios hombres cercanos al \u00e1mbito familiar, alerta un estudio que\ninvestiga el tema desde el \u00e1mbito jur\u00eddico en Cuba y aboga por visibilizar y\ndesnaturalizar este tipo de actos.<\/p>\n\n\n\n<p class=\"wp-block-paragraph\"><br>\nLos delitos sexuales m\u00e1s frecuentes son los&nbsp;<a href=\"http:\/\/www.redsemlac-cuba.net\/violencia\/abuso-sexual-infantil,-cuesti%C3%B3n-de-justicia.html\" target=\"_blank\" rel=\"noreferrer noopener\">abusos lascivos y las violaciones<\/a>, indica la investigaci\u00f3n\n\u00abRetos socio-jur\u00eddicos para afrontar la violencia sexual en Cuba\u00bb,\ndel jurista L\u00e1zaro Ramos Portal, presentada en el III Simposio de violencia de\ng\u00e9nero, prostituci\u00f3n, turismo sexual y trata de personas que, del 2 al 4 de\nnoviembre, organiza el Centro Nacional de Educaci\u00f3n Sexual (Cenesex), como\nparte de la Jornada Cubana por la No Violencia hacia las Mujeres.<br>\n<br>\n<\/p>\n\n\n\n<p class=\"wp-block-paragraph\">El\nprimer reto es encontrar resultados estad\u00edsticos que muestren la dimensi\u00f3n del\nfen\u00f3meno de la&nbsp;<a href=\"http:\/\/www.redsemlac-cuba.net\/violencia\/violencia-sexual-impactos-ocultos.html\" target=\"_blank\" rel=\"noreferrer noopener\">violencia sexual&nbsp;<\/a>en Cuba, reconoci\u00f3 el\nprofesor de la Facultad de Derecho de la Universidad de La Habana, quien bas\u00f3\nsu trabajo en el an\u00e1lisis de 938 sentencias publicadas por el Tribunal Supremo\nentre 1974 y 2016.<\/p>\n\n\n\n<p class=\"wp-block-paragraph\"><br>\nDel total de sentencias publicadas, 113 conten\u00edan 166 delitos de car\u00e1cter\nsexual (14 %), incluidos abusos lascivos, corrupci\u00f3n de menores, abusos\ndeshonestos, estupro, proxenetismo y rapto, algunos derogados ya por la ley.<\/p>\n\n\n\n<p class=\"wp-block-paragraph\"><br>\nDe 180 v\u00edctimas directas de delitos de violencia sexual, la mayor\u00eda (81,1 %)\ncorrespondi\u00f3 al sexo femenino y 18,9 por ciento era del sexo masculino, ambos\ngrupos con edades promedio muy similares: 12,1 a\u00f1os y 11,9 a\u00f1os,\nrespectivamente.<\/p>\n\n\n\n<p class=\"wp-block-paragraph\"><br>\nSin embargo, las mujeres padecen victimizaci\u00f3n sexual durante m\u00e1s a\u00f1os de su\nvida, de acuerdo con los resultados del estudio. \u00abEllas permanecen pr\u00e1cticamente\nexpuestas durante toda su vida\u00bb, subray\u00f3 Ramos Portal.<\/p>\n\n\n\n<p class=\"wp-block-paragraph\">El\nestudio advierte que al momento de los hechos 77,4 por ciento de las mujeres\nv\u00edctimas eran menores de 16 a\u00f1os y 22,6 por ciento superaba esa edad. Entre los\nhombres v\u00edctimas, en tanto, solo dos eran mayores de 16 a\u00f1os y padec\u00edan de\nenfermedad mental.<\/p>\n\n\n\n<p class=\"wp-block-paragraph\"><br>\nAdem\u00e1s de la mayor\u00eda femenina de las v\u00edctimas, el profesor destac\u00f3 los v\u00ednculos\nentre v\u00edctimas y victimarios, as\u00ed como sus diferencias generacionales, por lo\nque tambi\u00e9n \u00abpueden apreciarse relaciones de poder y asimetr\u00eda con bases\nen la dependencia econ\u00f3mica y la subordinaci\u00f3n patriarcal\u00bb, precis\u00f3.<\/p>\n\n\n\n<p class=\"wp-block-paragraph\"><br>\nEn 75 por ciento de los hechos exist\u00eda una relaci\u00f3n previa entre v\u00edctimas y\nvictimarios, de los siguientes tipo; vecindad (31, 9 %), familiares o de\nexparejas (31, 9 %), amistad con la v\u00edctima o sus familiares (17 %), entre\nmaestro y alumna (17 %), y entre doctor y paciente (2,1 %).<\/p>\n\n\n\n<p class=\"wp-block-paragraph\"><br>\nLa investigaci\u00f3n constat\u00f3 tambi\u00e9n marcadas diferencias etarias, pues las\nv\u00edctimas ten\u00edan menor edad que los acusados en 98,3 por ciento de los delitos,\nlo que habla de un poder que parte de una desigualdad generacional, opin\u00f3 el\njurista.<\/p>\n\n\n\n<p class=\"wp-block-paragraph\"><br>\nEn cuanto a los miembros de la familia que cometieron estos delitos, se\ncomportaron en este orden: madre hacia hijas (20 %), sobre la pareja (20 %) y\npadrastros (20 %), seguidos por otros miembros de la familia (m\u00e1s de 15 %),\npadres sobre hijas (m\u00e1s de 14 %) y t\u00edos sobre sobrinas (10 %).<br>\n<strong><br>\nDatos ocultos<\/strong><\/p>\n\n\n\n<p class=\"wp-block-paragraph\"><br>\nAl tener como objeto de estudio las sentencias publicadas, quedaba por explorar\n\u00abla parte oculta del iceberg\u00bb, sostuvo Ramos Portal, lo que lo motiv\u00f3\na desarrollar una encuesta de victimizaci\u00f3n sexual que permitiera conocer los\ndelitos sexuales ocultos que no se denuncian o no entran a un proceso penal.<\/p>\n\n\n\n<p class=\"wp-block-paragraph\">Como\nresultado, muchas m\u00e1s mujeres que hombres aceptaron que hab\u00edan sufrido\nviolencia sexual, la mayor\u00eda (68 %) con una antig\u00fcedad de m\u00e1s de cinco a\u00f1os y\n13 por ciento de los casos para unas y otros estaba ocurriendo justo cuando se\naplicaba la encuesta. \u00abHab\u00eda un silencio total en relaci\u00f3n con estos\neventos\u00bb, sostuvo el estudioso.<\/p>\n\n\n\n<p class=\"wp-block-paragraph\"><br>\nEl principal horario de incendia de estos hechos es el nocturno, luego la\ntarde, la ma\u00f1ana y, por \u00faltimo, la madrugada, lo que refuerza la relaci\u00f3n entre\nv\u00edctimas y victimarios, as\u00ed como el lugar donde suceden estos actos, como la\ncasa de la v\u00edctima, del agresor y donde ambos conviven.<\/p>\n\n\n\n<p class=\"wp-block-paragraph\"><br>\nLa encuesta arroj\u00f3, adem\u00e1s, que m\u00e1s del 70 por ciento de los hechos no se dan a\nconocer; es decir, el nivel de denuncia es muy bajo: solo uno de cada cuatro,\naproximadamente.<\/p>\n\n\n\n<p class=\"wp-block-paragraph\"><br>\n\u00abEl motivo fundamental es el miedo a la represalia, algo que ocurre cuando\nexiste un conocimiento entre v\u00edctima y victimario\u00bb, valor\u00f3 el profesor.\nTambi\u00e9n emergieron, en menor escala, la verg\u00fcenza de acudir ante las\nautoridades, los prejuicios, el desconocimiento y la pena ante la familia.<\/p>\n\n\n\n<p class=\"wp-block-paragraph\">Como\nconsecuencias de la violencia sexual aparecen primero el miedo y la\ninseguridad, los trastornos psicol\u00f3gicos y las lesiones. Tambi\u00e9n las conductas\nsuicidas, la infertilidad, el CIH-sida y el embarazo.<\/p>\n\n\n\n<p class=\"wp-block-paragraph\"><br>\nEntre otras recomendaciones, el autor del estudio plantea la necesidad de hacer\nvisible el delito sexual, desnaturalizar esa violencia y desarrollar un proceso\nsistem\u00e1tico de&nbsp;<a href=\"http:\/\/www.redsemlac-cuba.net\/violencia\/violencias,-%C2%BFqu%C3%A9-hacer-de-cara-a-las-leyes.html\" target=\"_blank\" rel=\"noreferrer noopener\">conocimiento sobre violencia y\ncriminalidad con enfoque de g\u00e9nero<\/a>.<\/p>\n\n\n\n<p class=\"wp-block-paragraph\"><br>\nSugiere sustituir la descripci\u00f3n en el C\u00f3digo Penal de delitos contra el normal\ndesarrollo de las relaciones sexuales, la infancia y la juventud, por delitos contra\nlos derechos sexuales y reproductivos, y propone promulgar una&nbsp;<a href=\"http:\/\/www.redsemlac-cuba.net\/violencia\/apuesta-por-una-ley-integral-de-g%C3%A9nero.html\" target=\"_blank\" rel=\"noreferrer noopener\">ley integral&nbsp;<\/a>para tratar a violencia\nen todas sus variantes, desde un enfoque restaurativo.<\/p>\n\n\n\n<p class=\"wp-block-paragraph\"><br>\nEntre otros&nbsp;<a href=\"http:\/\/www.redsemlac-cuba.net\/violencia\/especialistas-exponen-deficiencias-en-tratamiento-a-la-violencia-sexual.html\" target=\"_blank\" rel=\"noreferrer noopener\">desaf\u00edos<\/a>, profesionales de\ndiversas disciplinas se\u00f1alaron la adecuada preparaci\u00f3n de los operadores del\nDerecho, contar con informaci\u00f3n estad\u00edstica de calidad para poder trabajar en\nla prevenci\u00f3n y la articulaci\u00f3n d especialistas de diversas disciplinas.<\/p>\n\n\n\n<p class=\"wp-block-paragraph\">SEM-SEMlac\/sm<\/p>\n","protected":false},"excerpt":{"rendered":"<p>Las mujeres padecen victimizaci\u00f3n sexual durante m\u00e1s a\u00f1os de su vida<\/p>\n","protected":false},"author":3,"featured_media":14851,"comment_status":"open","ping_status":"open","sticky":false,"template":"","format":"standard","meta":{"_monsterinsights_skip_tracking":false,"footnotes":""},"categories":[690,53],"tags":[],"class_list":["post-14850","post","type-post","status-publish","format-standard","has-post-thumbnail","category-690","category-internacional"],"_links":{"self":[{"href":"https:\/\/redsemlac.com\/semmexico\/wp-json\/wp\/v2\/posts\/14850","targetHints":{"allow":["GET"]}}],"collection":[{"href":"https:\/\/redsemlac.com\/semmexico\/wp-json\/wp\/v2\/posts"}],"about":[{"href":"https:\/\/redsemlac.com\/semmexico\/wp-json\/wp\/v2\/types\/post"}],"author":[{"embeddable":true,"href":"https:\/\/redsemlac.com\/semmexico\/wp-json\/wp\/v2\/users\/3"}],"replies":[{"embeddable":true,"href":"https:\/\/redsemlac.com\/semmexico\/wp-json\/wp\/v2\/comments?post=14850"}],"version-history":[{"count":0,"href":"https:\/\/redsemlac.com\/semmexico\/wp-json\/wp\/v2\/posts\/14850\/revisions"}],"wp:featuredmedia":[{"embeddable":true,"href":"https:\/\/redsemlac.com\/semmexico\/wp-json\/wp\/v2\/media\/14851"}],"wp:attachment":[{"href":"https:\/\/redsemlac.com\/semmexico\/wp-json\/wp\/v2\/media?parent=14850"}],"wp:term":[{"taxonomy":"category","embeddable":true,"href":"https:\/\/redsemlac.com\/semmexico\/wp-json\/wp\/v2\/categories?post=14850"},{"taxonomy":"post_tag","embeddable":true,"href":"https:\/\/redsemlac.com\/semmexico\/wp-json\/wp\/v2\/tags?post=14850"}],"curies":[{"name":"wp","href":"https:\/\/api.w.org\/{rel}","templated":true}]}}