{"id":14842,"date":"2019-12-09T20:28:02","date_gmt":"2019-12-09T20:28:02","guid":{"rendered":"https:\/\/redsemlac.com\/semmexico\/?p=14842"},"modified":"2023-07-21T15:15:27","modified_gmt":"2023-07-21T20:15:27","slug":"inicia-la-lucha-organizada-por-la-igualdad-salarial-entre-mujeres-y-hombres","status":"publish","type":"post","link":"https:\/\/redsemlac.com\/semmexico\/inicia-la-lucha-organizada-por-la-igualdad-salarial-entre-mujeres-y-hombres\/","title":{"rendered":"Inicia la lucha organizada por la Igualdad Salarial entre mujeres y hombres"},"content":{"rendered":"\n<p class=\"wp-block-paragraph\"><strong>*Legisladoras forman una\nCoalici\u00f3n plural para reformas integrales y nacionales<\/strong><\/p>\n\n\n\n<p class=\"wp-block-paragraph\"><strong>* Se comprometen a vigilar\npol\u00edticas p\u00fablicas y a conseguir el trabajo decente<\/strong><\/p>\n\n\n\n<p class=\"wp-block-paragraph\"><strong>Sara Lovera<\/strong><\/p>\n\n\n\n<p class=\"wp-block-paragraph\">SemM\u00e9xico, Cd. de M\u00e9xico, 9 diciembre 2019.- Un grupo plural de diputadas\ny senadoras se constituyeron en una coalici\u00f3n para trabajar a favor de la\nigualdad salarial entre mujeres y hombres, luego de constatar que hay una\nenorme y acuciante necesidad de igualdad y trabajo decente para las\ntrabajadoras y la urgencia de cerrar la brecha salarial persistente, negando en\nla pr\u00e1ctica el principio de a igual trabajo igual salario.<\/p>\n\n\n\n<p class=\"wp-block-paragraph\">Asimismo, firmaron una Declaraci\u00f3n por la Igualdad Salarial y se comprometieron\na impulsar iniciativas legislativas para reformar integralmente el marco\njur\u00eddico federal y de las entidades federativas para la igualdad de\nremuneraci\u00f3n y de oportunidades, para las trabajadoras de este pa\u00eds.<\/p>\n\n\n\n<p class=\"wp-block-paragraph\">Lo har\u00e1n con una visi\u00f3n de g\u00e9nero y trabajar\u00e1n para que se incorporen,\ntransversalmente en M\u00e9xico, los convenios, contenidos y las recomendaciones de\nla Organizaci\u00f3n Internacional del Trabajo (OIT) sobre trabajo digno y decente, tanto\nen la legislaci\u00f3n y como en las pol\u00edticas p\u00fablicas. Vigilar\u00e1n que as\u00ed se haga. La igualdad\nsalarial implica tambi\u00e9n el disfrute de prestaciones y servicios de seguridad\nsocial, asistencia y cuidados, del que hoy carecen millones de trabajadoras.<\/p>\n\n\n\n<p class=\"wp-block-paragraph\">Se abocar\u00e1n a mostrar estudios, estad\u00edsticas y resoluciones nacionales e\ninternacionales; impulsar\u00e1n pol\u00edticas p\u00fablicas y a vigilarlas, especialmente el\navance para las trabajadoras del hogar; la conciliaci\u00f3n con la vida familiar y\nlaboral.<\/p>\n\n\n\n<p class=\"wp-block-paragraph\">Estas doce legisladoras, que acudieron a la convocatoria de la senadora\nPatricia Mercado Castro, coinciden en que la desigualdad salarial es una entre\nmuchas desigualdades para las trabajadoras, lo que constituye actos de\ndiscriminaci\u00f3n, individuales y colectivos, que se interponen en el camino hacia\nla igualdad sustantiva e impiden materializar los derechos humanos que M\u00e9xico\nha reconocido en su orden jur\u00eddico.<\/p>\n\n\n\n<p class=\"wp-block-paragraph\">El documento de cinco\nconsideraciones y ocho compromisos firmados por las <em>integrantes de esta coalici\u00f3n<\/em>: Senadoras Nancy de la Sierra Ar\u00e1mburo,\nPartido del Trabajo; Patricia Mercado Castro, Ver\u00f3nica Delgadillo Garc\u00eda e Indira\nKempis Mart\u00ednez, Movimiento Ciudadano; &nbsp;Alejandra Lagunes Soto Partido Verde; &nbsp;Kenya L\u00f3pez Rabad\u00e1n, Partido Acci\u00f3n Nacional; Martha\nLuc\u00eda Micher Camarena, Morena; Vanessa Rubio M\u00e1rquez e Irma Mar\u00eda Ter\u00e1n\nVillalobos, Partido Revolucionario Institucional, y Diputadas: Annia Sarah\u00ed\nG\u00f3mez C\u00e1rdenas y Martha Elisa Gonz\u00e1lez Estrada, del Partido Acci\u00f3n Nacional, y Silvia\nLorena Villavicencio Ayala, Morena.<\/p>\n\n\n\n<p class=\"wp-block-paragraph\"><strong>Sus consideraciones<\/strong>:<\/p>\n\n\n\n<p class=\"wp-block-paragraph\">1. Reconocemos el\ndesaf\u00edo que representan en M\u00e9xico la violencia laboral y la brecha salarial de\ng\u00e9nero, as\u00ed como otras manifestaciones de desigualdad entre hombres y mujeres\nen el \u00e1mbito laboral, como son el reparto desigual de las tareas del hogar, la\ninsuficiencia de instrumentos para hacer compatible el trabajo con el embarazo,\nla maternidad y el cuidado de personas, las posibilidades de ascenso, de\ncontinuaci\u00f3n de carreras profesionales o de formaci\u00f3n, entre otras. <\/p>\n\n\n\n<p class=\"wp-block-paragraph\">2. Consideramos que\nestas desigualdades constituyen actos de discriminaci\u00f3n, individuales y\ncolectivos, que se interponen en el camino hacia la igualdad sustantiva e\nimpiden materializar los derechos humanos que M\u00e9xico ha reconocido en su orden\njur\u00eddico.<\/p>\n\n\n\n<p class=\"wp-block-paragraph\">3. Coincidimos en\nla necesidad de adoptar, adicionalmente a los principios de igualdad de\noportunidades y de trato, la igualdad de remuneraci\u00f3n por trabajo de igual\nvalor como un componente del trabajo digno y decente, que implica tambi\u00e9n el\ndisfrute de prestaciones y servicios de seguridad social, asistencia y\ncuidados.<\/p>\n\n\n\n<p class=\"wp-block-paragraph\">4. Nos planteamos la\ntarea de contribuir a que el pa\u00eds valore las contribuciones de las mujeres a la\neconom\u00eda, y lo exprese en t\u00e9rminos de financiamiento, oportunidades, pol\u00edticas\nde bienestar y de retribuci\u00f3n, as\u00ed como de fomentar la corresponsabilidad: de\nhombres y mujeres en el reparto de tareas de cuidado y del hogar, y de todos\nlos sectores en el \u00e1mbito del trabajo.<\/p>\n\n\n\n<p class=\"wp-block-paragraph\"><strong>Sus acciones y compromisos&nbsp;&nbsp;&nbsp;&nbsp;&nbsp;&nbsp;&nbsp;&nbsp;&nbsp;&nbsp;&nbsp;&nbsp;&nbsp;&nbsp;&nbsp;&nbsp;&nbsp;&nbsp;&nbsp;&nbsp;&nbsp;&nbsp;&nbsp;&nbsp;&nbsp;&nbsp;&nbsp; <\/strong><\/p>\n\n\n\n<p class=\"wp-block-paragraph\">5. Entendemos la\nigualdad sustantiva como prioritaria en la construcci\u00f3n de una sociedad\ndemocr\u00e1tica, por lo cual nos comprometemos a impulsar:<\/p>\n\n\n\n<ul class=\"wp-block-list\"><li>La incorporaci\u00f3n transversal en M\u00e9xico de convenios, contenidos y las\nrecomendaciones de la Organizaci\u00f3n Internacional del Trabajo sobre trabajo\ndigno y decente en la legislaci\u00f3n y las pol\u00edticas p\u00fablicas, as\u00ed como las\nmejores pr\u00e1cticas en la materia a nivel internacional.<\/li><\/ul>\n\n\n\n<ul class=\"wp-block-list\"><li>La aprobaci\u00f3n de las iniciativas legislativas para reformar\nintegralmente el marco jur\u00eddico federal y de las entidades federativas para\navanzar en la igualdad de remuneraci\u00f3n y de oportunidades, con una visi\u00f3n de\ng\u00e9nero.<\/li><\/ul>\n\n\n\n<ul class=\"wp-block-list\"><li>La vigilancia de estos principios en el desarrollo de las pol\u00edticas\np\u00fablicas en la materia, en particular la inspecci\u00f3n laboral, la contrataci\u00f3n\ncolectiva, la justicia laboral, la promoci\u00f3n del empleo, la formaci\u00f3n, los\nservicios de seguridad social, cuidado y asistencia, as\u00ed como en los programas\nsociales dedicados a las mujeres y las familias. <\/li><\/ul>\n\n\n\n<ul class=\"wp-block-list\"><li>La continuaci\u00f3n progresiva de la legislaci\u00f3n y las pol\u00edticas sobre los\nderechos de las personas trabajadoras del hogar, que han dado pasos importantes\nen la actual legislatura del Congreso de la Uni\u00f3n y en la administraci\u00f3n\np\u00fablica federal.<\/li><\/ul>\n\n\n\n<ul class=\"wp-block-list\"><li>El di\u00e1logo de las autoridades y los sectores empresarial y sindical,\nlas organizaciones de la sociedad civil y la academia, para promover acciones\ndirigidas a la conciliaci\u00f3n entre trabajo y familia, al acceso de las mujeres a\ncargos directivos y a la ampliaci\u00f3n de los servicios de seguridad social,\nasistencia y cuidado. <\/li><\/ul>\n\n\n\n<ul class=\"wp-block-list\"><li>Los proyectos para reunir datos, estad\u00edsticas, informaci\u00f3n y estudios\nen esta materia en espec\u00edfico, a fin de contar con elementos que den cuenta de\nlas dimensiones de la desigualdad entre mujeres y hombres.<\/li><\/ul>\n\n\n\n<ul class=\"wp-block-list\"><li>La realizaci\u00f3n de actividades que permitan el intercambio de puntos de\nvista, diagn\u00f3sticos y propuestas, as\u00ed como la formaci\u00f3n de alianzas ciudadanas\nque apunten al empoderamiento econ\u00f3mico y al ejercicio efectivo de derechos de\nlas mujeres.<\/li><\/ul>\n\n\n\n<ul class=\"wp-block-list\"><li>El apoyo a todos los esfuerzos, p\u00fablicos, privados y sociales, para\nlograr una mayor calidad de vida en las familias, donde la corresponsabilidad\nentre hombres y mujeres en las tareas del hogar y las actividades de cuidado\nsea una base indispensable de la convivencia.<\/li><\/ul>\n\n\n\n<p class=\"wp-block-paragraph\">SEM\/sl\/sj<\/p>\n","protected":false},"excerpt":{"rendered":"<p>Legisladoras forman una Coalici\u00f3n plural para reformas integrales y nacionales<\/p>\n","protected":false},"author":3,"featured_media":14843,"comment_status":"open","ping_status":"open","sticky":false,"template":"","format":"standard","meta":{"_monsterinsights_skip_tracking":false,"footnotes":""},"categories":[690,50],"tags":[],"class_list":["post-14842","post","type-post","status-publish","format-standard","has-post-thumbnail","category-690","category-congreso"],"_links":{"self":[{"href":"https:\/\/redsemlac.com\/semmexico\/wp-json\/wp\/v2\/posts\/14842","targetHints":{"allow":["GET"]}}],"collection":[{"href":"https:\/\/redsemlac.com\/semmexico\/wp-json\/wp\/v2\/posts"}],"about":[{"href":"https:\/\/redsemlac.com\/semmexico\/wp-json\/wp\/v2\/types\/post"}],"author":[{"embeddable":true,"href":"https:\/\/redsemlac.com\/semmexico\/wp-json\/wp\/v2\/users\/3"}],"replies":[{"embeddable":true,"href":"https:\/\/redsemlac.com\/semmexico\/wp-json\/wp\/v2\/comments?post=14842"}],"version-history":[{"count":0,"href":"https:\/\/redsemlac.com\/semmexico\/wp-json\/wp\/v2\/posts\/14842\/revisions"}],"wp:featuredmedia":[{"embeddable":true,"href":"https:\/\/redsemlac.com\/semmexico\/wp-json\/wp\/v2\/media\/14843"}],"wp:attachment":[{"href":"https:\/\/redsemlac.com\/semmexico\/wp-json\/wp\/v2\/media?parent=14842"}],"wp:term":[{"taxonomy":"category","embeddable":true,"href":"https:\/\/redsemlac.com\/semmexico\/wp-json\/wp\/v2\/categories?post=14842"},{"taxonomy":"post_tag","embeddable":true,"href":"https:\/\/redsemlac.com\/semmexico\/wp-json\/wp\/v2\/tags?post=14842"}],"curies":[{"name":"wp","href":"https:\/\/api.w.org\/{rel}","templated":true}]}}