{"id":14839,"date":"2019-12-09T19:24:44","date_gmt":"2019-12-09T19:24:44","guid":{"rendered":"https:\/\/redsemlac.com\/semmexico\/?p=14839"},"modified":"2023-07-21T15:15:27","modified_gmt":"2023-07-21T20:15:27","slug":"ofrece-proigualdad-un-cambio-de-vida-a-las-mujeres-en-cinco-anos","status":"publish","type":"post","link":"https:\/\/redsemlac.com\/semmexico\/ofrece-proigualdad-un-cambio-de-vida-a-las-mujeres-en-cinco-anos\/","title":{"rendered":"Ofrece PROIGUALDAD un cambio de vida a las mujeres en cinco a\u00f1os"},"content":{"rendered":"\n<p class=\"wp-block-paragraph\"><strong>* Lineamientos muy generales, considera prioritario favorecer el\naborto legal en todo el pa\u00eds<\/strong><\/p>\n\n\n\n<p class=\"wp-block-paragraph\"><strong>* No toca el tema de recursos y reconoce que el 80 % de trabajadoras\nno tiene guarder\u00eda<\/strong><\/p>\n\n\n\n<p class=\"wp-block-paragraph\"><strong>* Trabaja y publicita el empoderamiento econ\u00f3mico donde se redujo el\npresupuesto 27 %<\/strong><\/p>\n\n\n\n<p class=\"wp-block-paragraph\"><strong>* A\u00fan se discute con 43 dependencias, grado de responsabilidad y\ncompromiso<\/strong><\/p>\n\n\n\n<p class=\"wp-block-paragraph\"><strong>* En violencia sostiene que se atender\u00e1 con urgencia, pero lo\nconsidera dif\u00edcil y sin apoyo social<\/strong><\/p>\n\n\n\n<p class=\"wp-block-paragraph\"><strong>* Las mujeres piden empleo, seguridad y aborto.<\/strong><\/p>\n\n\n\n<p class=\"wp-block-paragraph\"><strong>Sara Lovera<\/strong><\/p>\n\n\n\n<p class=\"wp-block-paragraph\">SemM\u00e9xico, Cd. de M\u00e9xico, 9 diciembre 2019.- El\nPrograma Nacional de Igualdad de Oportunidades y No Discriminaci\u00f3n contra las\nMujeres (PROIGUALDAD), que se conocer\u00e1 con detalle en enero, prev\u00e9 impulsar el\ncumplimiento en todo el pa\u00eds de la Norma 046 para realizar legalmente abortos\nen caso de violaci\u00f3n sexual, tanto como garantizar \u00e9ste en condiciones seguras\ny gratuitas.<\/p>\n\n\n\n<p class=\"wp-block-paragraph\">Atender\u00e1 \u201curgentemente\u201d a la violencia de g\u00e9nero que\ncobra la vida de nueve mujeres diariamente, dos mil 220 casos de trata y nueve\nmil 500 mujeres desaparecidas, a trav\u00e9s de la reeducaci\u00f3n de los hombres victimarios\nporque se trata de un problema estructural de soluci\u00f3n a largo plazo.<\/p>\n\n\n\n<p class=\"wp-block-paragraph\">Al publicar sus l\u00edneas generales, el Instituto\nNacional de las Mujeres, responsable del programa y de la pol\u00edtica de g\u00e9nero en\nla rep\u00fablica, explica que entre enero de 2015 y julio de 2019, fueron\nasesinadas 3 mil 174 mujeres, 66 mujeres al mes, poco m\u00e1s de dos diarias, con\nlos datos oficiales. Es decir, no hay cifra confiable, INMUJERES no tiene\nclaras las cifras.<\/p>\n\n\n\n<p class=\"wp-block-paragraph\">Lo que se recogi\u00f3 de las mujeres consultadas como\nasunto de alta prioridad fue \u201cla enorme y acuciante necesidad de trabajo\nremunerado, empleo formal y sostenible, lo que se contradice con el decremento\nprevisto en los recursos del Ramo 10 \u201cEconom\u00eda\u201d, en 27.9 por ciento, recursos\npara Programa de Microcr\u00e9ditos para el Bienestar, donde como dice INMUJERES, la\npoblaci\u00f3n femenina podr\u00eda tener recursos propios, acceso a la salud, a pensi\u00f3n\nal final de su vida y autonom\u00eda. Ahora promueve una campa\u00f1a publicitaria sobre\nesta demanda.<\/p>\n\n\n\n<p class=\"wp-block-paragraph\">Alineado el PROIGUALDAD al Plan Nacional de\nDesarrollo (PND) declara atender primero a las pobres, con mayor exclusi\u00f3n\nsocial y con menos oportunidades, pero al construirse en una consulta dirigida\ndurante cuatro meses en Foros programados con los gobiernos de los estados,\ntambi\u00e9n se nutri\u00f3 de las voces de mujeres, entre funcionarias, pol\u00edticas y\nespecialistas, as\u00ed como mujeres diversas y de or\u00edgenes plurales. <\/p>\n\n\n\n<p class=\"wp-block-paragraph\">Esas mujeres en los foros pidieron al gobierno de\nAndr\u00e9s Manuel L\u00f3pez Obrador cese a la violencia contra ellas porque viven con\nmiedo cotidiano; trabajo productivo, buen salario y estabilidad laboral; menos\ncargas familiares y cero cuidados gratis; seguridad en las calles; acceso a la\nsalud, guarder\u00edas infantiles y aborto seguro y gratuito.<\/p>\n\n\n\n<p class=\"wp-block-paragraph\">Demandas, dice INMUJERES que fueron la base para\nconstruir el PROIGUALDAD. No obstante, al hacer el diagn\u00f3stico se definieron seis\nejes prioritarios, estrategias y acciones puntuales que a\u00fan se elaboran y\nnegocian con las 43 dependencias del gobierno; los seis ejes fueron presentados\ncomo un acuerdo por la igualdad que firm\u00f3 el Presidente de la Rep\u00fablica el\npasado 21 de noviembre en Palacio Nacional. Sin embargo, no existen todav\u00eda ni\nacciones precisas, ni metas, ni definici\u00f3n de responsabilidades para cada\ndependencia, como se estableci\u00f3 en los anteriores programas.<\/p>\n\n\n\n<p class=\"wp-block-paragraph\">El INMUJERES expresa claramente donde se dirigir\u00e1 la\nestrategia para atender la obligaci\u00f3n legal del gobierno de la Rep\u00fablica &nbsp;para desarrollar una pol\u00edtica de g\u00e9nero;\nsostiene que ha tomado las demandas expresadas en 32 Foros de Consulta en todo\nM\u00e9xico para armar el Programa Nacional de Igualdad 2019-2024 -a\u00fan en proceso-,\npublicadas por el Instituto en un folleto denominado <em>De las Voces de las\nMujeres hasta el Proigualdad<\/em>, de 40 p\u00e1ginas y escrito en un tono coloquial,\nprofundamente emotivo, optimista y cuyo an\u00e1lisis de la situaci\u00f3n actual se basa\nen los estudios, estad\u00edsticas y an\u00e1lisis de fuentes oficiales hasta julio de\n2019.<\/p>\n\n\n\n<p class=\"wp-block-paragraph\">En este folleto se anuncia como ya programado un\nSistema Nacional de Cuidados que busca descargar a las mujeres de los trabajos\nno pagados, como el cuidado de infantes, personas mayores, discapacitadas,\nenfermas o simplemente el trabajo dom\u00e9stico que en m\u00e1s de 20 a\u00f1os se ha\nmantenido igual para las mujeres y entre los hombres s\u00f3lo creci\u00f3 siete por\nciento.<\/p>\n\n\n\n<p class=\"wp-block-paragraph\"><strong>Prop\u00f3sitos en cinco a\u00f1os todo habr\u00e1 cambiado<\/strong><\/p>\n\n\n\n<p class=\"wp-block-paragraph\">El documento parte de los prop\u00f3sitos centrales de la\n4T, todo en tono de prop\u00f3sitos muy generales, dice textualmente en la p\u00e1gina 35\nque a partir de la puesta en marcha del PROIGUALDAD, el gobierno de M\u00e9xico <strong><em>busca<\/em><\/strong> revertir los factores de\ndesigualdad, atender las necesidades y demandas m\u00e1s apremiantes externadas por\nlas mujeres que participaron en los Foros de consulta y generar las condiciones\npara avanzar en la igualdad sustantiva entre las mujeres y los hombres,\nrespondiendo al principio -AMLO- no dejar a nadie atr\u00e1s y no dejar a nadie\nfuera.<\/p>\n\n\n\n<p class=\"wp-block-paragraph\">Y asegura a partir del 2024 las mujeres tendr\u00e1n\nautonom\u00eda, reconocimiento, redistribuci\u00f3n el trabajo dom\u00e9stico con condiciones para\nacceder a sus derechos fundamentales de salud, educaci\u00f3n, menos violencia de\ng\u00e9nero y para las v\u00edctimas directas e indirectas, acceso a atenci\u00f3n integral a\nla justicia.<\/p>\n\n\n\n<p class=\"wp-block-paragraph\">El informe de los foros y pre\u00e1mbulo de lo que ser\u00e1\nel PROIGUALDAD, con un retraso de 12 meses, reconoce como uno de los obst\u00e1culos\nm\u00e1s importantes para cambiar la vida de las mujeres, a la transformaci\u00f3n cultural\n-nunca dice cultura machista- por tratarse de algo \u201ccomplejo\u201d, sin embargo, el\nprop\u00f3sito es lograr la reconstrucci\u00f3n del sentido de naci\u00f3n y de poder\ncolectivo, donde hombres y mujeres sean transformados. <\/p>\n\n\n\n<p class=\"wp-block-paragraph\"><strong>Demanda principal empleo y salario: PEF reduce y elimina<\/strong><\/p>\n\n\n\n<p class=\"wp-block-paragraph\">La base ideol\u00f3gica y pol\u00edtica para elaborar el PROIGUALDAD\nidentifica algunos obst\u00e1culos fundamentales:<\/p>\n\n\n\n<p class=\"wp-block-paragraph\">No acceso de las mujeres al mercado productivos;\nfalta de servicios financiaros, cero opciones para el desarrollo; inseguridad\necon\u00f3mica, con una brecha tremenda en la econom\u00eda: el 53 por ciento de las\nmujeres s\u00f3lo tienen salario m\u00ednimo; mientras que el 70 por ciento de los hombres\nganan m\u00e1s de cinco salarios m\u00ednimos: las mujeres rurales tardar\u00e1n mucho tiempo\nen salir de su condici\u00f3n como sostenedoras principales del desarrollo de sus\ncomunidades.<\/p>\n\n\n\n<p class=\"wp-block-paragraph\">A pesar de ello, el decremento previsto en los\nrecursos del Ramo 10 \u201cEconom\u00eda\u201d, para el cual se estima en 2020 un monto\ninferior en 652.3 millones de pesos (mdp) al aprobado en 2019, se afecta el\nPrograma de Microcr\u00e9ditos para el Bienestar el que tendr\u00e1 la mayor reducci\u00f3n,\npues mientras que en 2019 su presupuesto ascendi\u00f3 a dos mil 426.6 mdp, para\n2020 se estima un monto de un mil 925.9 mdp, lo que implicar\u00eda una reducci\u00f3n de\n500.7 mdp.<\/p>\n\n\n\n<p class=\"wp-block-paragraph\">Cabe mencionar que, en el Ramo 10 \u201cEconom\u00eda\u201d se\nobserva no solo una reducci\u00f3n de recursos, sino tambi\u00e9n una reducci\u00f3n en el\nn\u00famero de programas, todav\u00eda en el PEF 2019 se consideraron recursos para los\nprogramas Fondo Nacional Emprendedor y Programa Nacional de Financiamiento al\nMicroempresario (PRONAFIM), para los cuales en 2020 ya no se prev\u00e9n\nerogaciones, pese a su importancia para el empoderamiento econ\u00f3mico de las\nmujeres.<\/p>\n\n\n\n<p class=\"wp-block-paragraph\">Al respecto, conviene recordar que en la inclusi\u00f3n\ninicial de este Transversal en el PEF se destinaban m\u00e1s recursos en programas\nespec\u00edficos para el desarrollo econ\u00f3mico de la mujer, tanto del medio rural\ncomo urbano.<\/p>\n\n\n\n<p class=\"wp-block-paragraph\">Otro obst\u00e1culo para enfrentar la discriminaci\u00f3n, es\nel hecho de que las mujeres no tienen tiempo libre, trabajan 46.9 horas a la\nsemana en tareas dom\u00e9sticas, mientras los hombres s\u00f3lo 15.7 por ciento.<\/p>\n\n\n\n<p class=\"wp-block-paragraph\">Las mujeres trabajadoras no tienen guarder\u00edas.\nDestaca el documento que el 79.9 por ciento de las mujeres ocupadas no tienen\nguarder\u00eda para sus hijos e hijas, pero eso es m\u00e1s grave para el 96.4 por ciento\nde las mujeres del campo; para el 93.9 por ciento de las mujeres que trabajan\nen servicios personales y 87.9 por ciento de quienes viven del comercio.<\/p>\n\n\n\n<p class=\"wp-block-paragraph\">Contradictoriamente el PEF 2019, mantuvo la\nreducci\u00f3n de m\u00e1s del 50 por ciento para estancias infantiles.<\/p>\n\n\n\n<p class=\"wp-block-paragraph\">En salud los obst\u00e1culos se multiplican, dice INMUJERES,\nque se necesita atenci\u00f3n inmediata al c\u00e1ncer de mama que es la primera causa de\nmuerte en las mujeres de todas las edades, que afecta a 14.8 millones de\nenfermas. Contradictoriamente fueron cerrados estos programas, tonto en la\nCiudad de M\u00e9xico como en los centros de salud federales.<\/p>\n\n\n\n<p class=\"wp-block-paragraph\">Preocupa INMUJERES que haya subido el consumo de\ndrogas entre mujeres\/ni\u00f1as de 12 a 17 a\u00f1os, hasta en 205 por ciento. <\/p>\n\n\n\n<p class=\"wp-block-paragraph\"><strong>La violencia<\/strong><\/p>\n\n\n\n<p class=\"wp-block-paragraph\">INMUJERES sostiene que el PROIGUALDAD pensar\u00e1 m\u00e1s en\nlas pobres y marginadas, no obstante, al se\u00f1alar el tema de la violencia habla\nde 15 categor\u00edas de mujeres, no puede excluir: pobres, ind\u00edgenas,\nafromexicanas, migrantes, adolescentes, j\u00f3venes, ni\u00f1as, discapacitadas, trans,\nmayores, recluidas, trabajadoras sexuales, amas de casa, lesbianas, campesinas,\nluchadoras sociales, periodistas. Finalmente, todas.<\/p>\n\n\n\n<p class=\"wp-block-paragraph\">El PROIGUALDAD trabajar\u00e1 para eliminar c\u00f3mo la\nviolencia es consentida por la sociedad, y buscar\u00e1 la sanci\u00f3n social, judicial,\nfalencias en los servicios de atenci\u00f3n, procesos de reeducaci\u00f3n y buscar\u00e1\nestrategias para atender con urgencia a las v\u00edctimas de violencia, considerando\nque la igualdad ser\u00e1 inalcanzable, si las condiciones estructurales contin\u00faan\nfavoreciendo la violencia de g\u00e9nero.<\/p>\n\n\n\n<p class=\"wp-block-paragraph\">En s\u00edntesis, harta literatura, pocas acciones\nprecisas y opacidad en programas y recursos.<\/p>\n\n\n\n<p class=\"wp-block-paragraph\">&nbsp;SEM\/sl\/sj<\/p>\n","protected":false},"excerpt":{"rendered":"<p>Lineamientos muy generales, considera prioritario favorecer el aborto legal en todo el pa\u00eds<\/p>\n","protected":false},"author":3,"featured_media":14840,"comment_status":"open","ping_status":"open","sticky":false,"template":"","format":"standard","meta":{"_monsterinsights_skip_tracking":false,"footnotes":""},"categories":[690,51],"tags":[],"class_list":["post-14839","post","type-post","status-publish","format-standard","has-post-thumbnail","category-690","category-ejecutivo"],"_links":{"self":[{"href":"https:\/\/redsemlac.com\/semmexico\/wp-json\/wp\/v2\/posts\/14839","targetHints":{"allow":["GET"]}}],"collection":[{"href":"https:\/\/redsemlac.com\/semmexico\/wp-json\/wp\/v2\/posts"}],"about":[{"href":"https:\/\/redsemlac.com\/semmexico\/wp-json\/wp\/v2\/types\/post"}],"author":[{"embeddable":true,"href":"https:\/\/redsemlac.com\/semmexico\/wp-json\/wp\/v2\/users\/3"}],"replies":[{"embeddable":true,"href":"https:\/\/redsemlac.com\/semmexico\/wp-json\/wp\/v2\/comments?post=14839"}],"version-history":[{"count":0,"href":"https:\/\/redsemlac.com\/semmexico\/wp-json\/wp\/v2\/posts\/14839\/revisions"}],"wp:featuredmedia":[{"embeddable":true,"href":"https:\/\/redsemlac.com\/semmexico\/wp-json\/wp\/v2\/media\/14840"}],"wp:attachment":[{"href":"https:\/\/redsemlac.com\/semmexico\/wp-json\/wp\/v2\/media?parent=14839"}],"wp:term":[{"taxonomy":"category","embeddable":true,"href":"https:\/\/redsemlac.com\/semmexico\/wp-json\/wp\/v2\/categories?post=14839"},{"taxonomy":"post_tag","embeddable":true,"href":"https:\/\/redsemlac.com\/semmexico\/wp-json\/wp\/v2\/tags?post=14839"}],"curies":[{"name":"wp","href":"https:\/\/api.w.org\/{rel}","templated":true}]}}