{"id":14835,"date":"2019-12-09T18:30:52","date_gmt":"2019-12-09T18:30:52","guid":{"rendered":"https:\/\/redsemlac.com\/semmexico\/?p=14835"},"modified":"2023-07-21T15:15:28","modified_gmt":"2023-07-21T20:15:28","slug":"de-la-paz-en-el-hogar-a-la-paz-en-el-mundo","status":"publish","type":"post","link":"https:\/\/redsemlac.com\/semmexico\/de-la-paz-en-el-hogar-a-la-paz-en-el-mundo\/","title":{"rendered":"De la paz en el hogar a la paz en el mundo"},"content":{"rendered":"\n<p class=\"wp-block-paragraph\"><strong>* Desigualdades y control, trasfondo\nde la violencia machista<\/strong><\/p>\n\n\n\n<p class=\"wp-block-paragraph\"><strong>* Aseguremos la educaci\u00f3n de todos y\ntodas<\/strong><\/p>\n\n\n\n<p class=\"wp-block-paragraph\"><strong>* 15 d\u00eda de Acci\u00f3n: No m\u00e1s violencia<\/strong><\/p>\n\n\n\n<p class=\"wp-block-paragraph\"><strong>Dixie Edith\u00a0<\/strong><\/p>\n\n\n\n<p class=\"wp-block-paragraph\">SemM\u00e9xico\/SEMlac,\n9 diciembre 2019.- Am\u00e9rica Latina y el Caribe es la regi\u00f3n m\u00e1s desigual del\nmundo y, en ese panorama, la violencia machista es la expresi\u00f3n m\u00e1s extrema de\nla desigualdad entre mujeres y hombres. Tambi\u00e9n es la regi\u00f3n m\u00e1s violenta del\nmundo y, adem\u00e1s, la m\u00e1s violenta con las mujeres. A juicio de la psic\u00f3loga\nYohanka Vald\u00e9s, especialista del Centro Oscar Arnulfo Romero (OAR), las\ndesigualdades de poder entre mujeres y hombres por razones de g\u00e9nero se\nencuentran en la base de esta problem\u00e1tica social y han marcado,\nhist\u00f3ricamente, posiciones de privilegios para ellos y de subordinaci\u00f3n y\nsumisi\u00f3n para ellas.<\/p>\n\n\n\n<p class=\"wp-block-paragraph\"><strong>\u00bfCu\u00e1les identificar\u00eda como las\nprincipales desigualdades que est\u00e1n en la base de las violencias contra las\nmujeres y las ni\u00f1as?<\/strong><\/p>\n\n\n\n<div class=\"wp-block-image\"><figure class=\"alignleft\"><img loading=\"lazy\" decoding=\"async\" width=\"200\" height=\"298\" src=\"https:\/\/redsemlac.com\/semmexico\/wp-content\/uploads\/2019\/12\/yohanka-valde\u0301s.gif\" alt=\"\" class=\"wp-image-14836\"\/><figcaption> <em>Psic\u00f3loga, Yohanka Vald\u00e9s<\/em> <\/figcaption><\/figure><\/div>\n\n\n\n<p class=\"wp-block-paragraph\">La violencia machista supera la concepci\u00f3n binaria de la realidad, colocando otros rostros en las conocidas categor\u00edas de v\u00edctimas y victimarios. As\u00ed, son m\u00faltiples las formas que se utilizan para excluir a quienes no se ajustan a las normas del mandato heterosexual: todos los cuerpos que desaf\u00edan el orden impuesto son susceptibles de sufrir mecanismos de control. Reconociendo esta diversidad, es importante resaltar que son las mujeres y las ni\u00f1as las m\u00e1s afectadas por la violencia machista, con profundas ra\u00edces en la cultura patriarcal que se reproduce desde -y mediante- imaginarios y normas sociales.<\/p>\n\n\n\n<p class=\"wp-block-paragraph\">En resumen, se trata de la expresi\u00f3n m\u00e1s aguda de las desigualdades de g\u00e9nero y constituye una violaci\u00f3n de los derechos humanos. Esta realidad compleja conecta con otras desigualdades que cotidianamente viven las mujeres por su color de la piel, escolaridad, territorio en que residen, clase social, edad, entre otras. Por tanto, analizarla requiere reconocer las distintas condiciones en las que cada mujer vive, as\u00ed como visibilizar las discriminaciones que suman por ser negras, rurales, j\u00f3venes, migrantes, lesbianas, transg\u00e9nero, con limitados recursos econ\u00f3micos, etc\u00e9tera.<\/p>\n\n\n\n<p class=\"wp-block-paragraph\">La impunidad social en torno a este tema no es solamente la causa de la violencia machista, sino tambi\u00e9n su resultado. Desde el femicidio, la violencia sexual, el acoso callejero y la vulneraci\u00f3n de sus derechos econ\u00f3micos, se pone en marcha un sistema que remite al lugar que ocupan hombres y mujeres en nuestras sociedades actuales.<\/p>\n\n\n\n<p class=\"wp-block-paragraph\"><strong>\u00bfC\u00f3mo se manifiesta el fen\u00f3meno en\nCuba? \u00bfTienes rasgos particulares?<br>\n<br>\n<\/strong>Es\nimportante reconocer que es una problem\u00e1tica presente. Nombrar un problema es\nel primer paso para abordarlo. En los \u00faltimos a\u00f1os se ha avanzado en\ndiagnosticar, clasificar sus formas de expresi\u00f3n y su alcance, pero se requiere\nmayor profundizaci\u00f3n. No son pocas las personas que siguen viendo la violencia\ncontra las mujeres como un asunto \u201cajeno\u201d, o, incluso, solo presente en otros\npa\u00edses. Pero lo cierto es que cada vez m\u00e1s la investigaci\u00f3n social, los medios\nde comunicaci\u00f3n y, m\u00e1s recientemente, las redes sociales dan cuenta de estas\nviolencias y colocan la atenci\u00f3n en los da\u00f1os que ocasionan y en los derechos\nque vulneran.<\/p>\n\n\n\n<p class=\"wp-block-paragraph\">En Cuba existe violencia f\u00edsica, psicol\u00f3gica, econ\u00f3mica y sexual. Por muchos a\u00f1os, la f\u00edsica estuvo identificada entre las de menor alcance y, al mismo tiempo, era la que se reconoc\u00eda por ser la m\u00e1s visible: golpes, agresiones f\u00edsicas en una escalada que puede llegar hasta el asesinato. Por su parte, la psicol\u00f3gica, tambi\u00e9n nombrada emocional, suele ser m\u00e1s documentada, pero menos visible en la cotidianeidad, llegando incluso a ser naturalizada. Es as\u00ed que humillaciones, gritos, insultos, descalificaciones, silencios prolongados y acoso (en sus distintos \u00e1mbitos de expresi\u00f3n) suelen pasar inadvertidos. M\u00e1s recientemente, se ha colocado en el debate la violencia obst\u00e9trica y cobra mayor presencia la econ\u00f3mica. En todo este panorama, \u00bfqu\u00e9 resulta com\u00fan?: son las mujeres las principales v\u00edctimas, la que llevan sus huellas y cargan sus m\u00faltiples costos.<\/p>\n\n\n\n<p class=\"wp-block-paragraph\">En este r\u00e1pido mapeo, es clave reconocer la dimensi\u00f3n de los espacios; \u00bfd\u00f3nde ocurren estas violencias? Esta interrogante supone confrontar mitos e imaginarios muy instalados en la sociedad cubana. Y es que, como mismo no es posible hablar de un perfil de mujer v\u00edctima, tampoco las violencias que las afectan se inscriben en un solo espacio. Suceden con mucha frecuencia en sus hogares (a manos de personas cercanas y familiares), en los centros escolares, laborales y de recreaci\u00f3n, calles, instituciones p\u00fablicas, comunidades, en los medios de transporte, etc\u00e9tera. Reconocer esto es importante para visibilizar su alcance y plantear rutas diferenciadas para prevenirla y atenderla.<\/p>\n\n\n\n<p class=\"wp-block-paragraph\"><strong>\u00bfC\u00f3mo establecer rutas para la\nprevenci\u00f3n y la atenci\u00f3n? \u00bfCu\u00e1les son los desaf\u00edos m\u00e1s importantes?<\/strong><\/p>\n\n\n\n<p class=\"wp-block-paragraph\">En los \u00faltimos a\u00f1os han sido muchos los esfuerzos liderados por distintas organizaciones para prevenir la violencia contra las mujeres en Cuba. Desde campa\u00f1as de bien p\u00fablico como Evoluciona, hasta la puesta en marcha de programas de sensibilizaci\u00f3n que promuevan su reconocimiento y de acciones de capacitaci\u00f3n que profundizan en el an\u00e1lisis de sus causas, consecuencias y principales actores. A esta l\u00ednea tambi\u00e9n ha aportado la formulaci\u00f3n de pol\u00edticas o estrategias institucionales por la igualdad de g\u00e9nero y las alianzas con personas de distintos sectores (artistas e influenciadores clave) y para posicionar esta agenda en el debate p\u00fablico. Igualmente, ayuda la aparici\u00f3n de series y programas tem\u00e1ticos en la televisi\u00f3n nacional.<\/p>\n\n\n\n<p class=\"wp-block-paragraph\">Lo cierto es que se ha explorado en m\u00faltiples v\u00edas, todas valiosas, pero todav\u00eda con el desaf\u00edo permanente de construir agendas conjuntas que aseguren mayores impactos y sostenibilidad de los cambios.<\/p>\n\n\n\n<p class=\"wp-block-paragraph\">En el caso de la atenci\u00f3n, los avances son muy discretos si bien se cuenta con experiencias puntuales que abarcan la orientaci\u00f3n, el acompa\u00f1amiento psicosocial y la reparaci\u00f3n en general. La Consejer\u00eda para la atenci\u00f3n a mujeres v\u00edctimas de OAR es un referente importante en este sentido. M\u00e1s recientemente, se cuenta con un espacio similar en el municipio Santiago de Cuba y se espera que otros territorios integren esta iniciativa. Algunos centros de salud han explorado este camino en distintas provincias del pa\u00eds y estar\u00eda muy bien sistematizar las experiencias. <\/p>\n\n\n\n<p class=\"wp-block-paragraph\">No\nobstante, la complejidad que caracteriza a esta violencia y la diversas formas\nen que se expresa requieren de una atenci\u00f3n integral que articule saberes y\nherramientas de distintas disciplinas para asegurar una reparaci\u00f3n de las\nmujeres v\u00edctimas \u2013y sus familias- y tambi\u00e9n el seguimiento a los hombres que\nejercen las violencias. Sabemos que, en estos casos, no se trata de atender un\ns\u00edntoma, sino de atender un problema estructural, cuyas causas son profundas.\nTambi\u00e9n se requieren cambios legislativos para contribuir a sancionar este\nfen\u00f3meno de manera m\u00e1s eficaz.<\/p>\n\n\n\n<p class=\"wp-block-paragraph\"> Ambas rutas, prevenci\u00f3n y atenci\u00f3n social, necesitan fortalecer capacidades de especialistas, actores nacionales y locales, activistas, periodistas y profesionales del \u00e1mbito de la comunicaci\u00f3n social. Igualmente, urge inversi\u00f3n p\u00fablica y mejor articulaci\u00f3n entre organizaciones e instituciones responsables para avanzar en el largo camino que supone su eliminaci\u00f3n.<\/p>\n\n\n\n<p class=\"wp-block-paragraph\">SEM-SEMlac\/de<\/p>\n","protected":false},"excerpt":{"rendered":"<p>Aseguremos la educaci\u00f3n de todos y todas<\/p>\n","protected":false},"author":3,"featured_media":14837,"comment_status":"open","ping_status":"open","sticky":false,"template":"","format":"standard","meta":{"_monsterinsights_skip_tracking":false,"footnotes":""},"categories":[690,53],"tags":[],"class_list":["post-14835","post","type-post","status-publish","format-standard","has-post-thumbnail","category-690","category-internacional"],"_links":{"self":[{"href":"https:\/\/redsemlac.com\/semmexico\/wp-json\/wp\/v2\/posts\/14835","targetHints":{"allow":["GET"]}}],"collection":[{"href":"https:\/\/redsemlac.com\/semmexico\/wp-json\/wp\/v2\/posts"}],"about":[{"href":"https:\/\/redsemlac.com\/semmexico\/wp-json\/wp\/v2\/types\/post"}],"author":[{"embeddable":true,"href":"https:\/\/redsemlac.com\/semmexico\/wp-json\/wp\/v2\/users\/3"}],"replies":[{"embeddable":true,"href":"https:\/\/redsemlac.com\/semmexico\/wp-json\/wp\/v2\/comments?post=14835"}],"version-history":[{"count":0,"href":"https:\/\/redsemlac.com\/semmexico\/wp-json\/wp\/v2\/posts\/14835\/revisions"}],"wp:featuredmedia":[{"embeddable":true,"href":"https:\/\/redsemlac.com\/semmexico\/wp-json\/wp\/v2\/media\/14837"}],"wp:attachment":[{"href":"https:\/\/redsemlac.com\/semmexico\/wp-json\/wp\/v2\/media?parent=14835"}],"wp:term":[{"taxonomy":"category","embeddable":true,"href":"https:\/\/redsemlac.com\/semmexico\/wp-json\/wp\/v2\/categories?post=14835"},{"taxonomy":"post_tag","embeddable":true,"href":"https:\/\/redsemlac.com\/semmexico\/wp-json\/wp\/v2\/tags?post=14835"}],"curies":[{"name":"wp","href":"https:\/\/api.w.org\/{rel}","templated":true}]}}