{"id":14832,"date":"2019-12-09T18:22:07","date_gmt":"2019-12-09T18:22:07","guid":{"rendered":"https:\/\/redsemlac.com\/semmexico\/?p=14832"},"modified":"2023-07-21T15:15:28","modified_gmt":"2023-07-21T20:15:28","slug":"fin-a-la-impunidad-a-la-violencia-contra-las-mujeres","status":"publish","type":"post","link":"https:\/\/redsemlac.com\/semmexico\/fin-a-la-impunidad-a-la-violencia-contra-las-mujeres\/","title":{"rendered":"Fin a la impunidad a la violencia contra las mujeres"},"content":{"rendered":"\n<p class=\"wp-block-paragraph\"><strong>* Instituciones, acad\u00e9micas, activistas exigen justicia y cumplimiento\nde ley<\/strong><\/p>\n\n\n\n<p class=\"wp-block-paragraph\"><strong>* El Observatorio de Participaci\u00f3n Pol\u00edtica de las Mujeres firma un\ncompromiso<\/strong><\/p>\n\n\n\n<p class=\"wp-block-paragraph\"><strong>* 16 d\u00edas de activismo contra la violencia de g\u00e9nero<\/strong><\/p>\n\n\n\n<p class=\"wp-block-paragraph\"><strong>Argelia Guevara<\/strong><\/p>\n\n\n\n<p class=\"wp-block-paragraph\">SemM\u00e9xico, Cd. de M\u00e9xico, 9 diciembre 2019.- Inusitadamente\nen documento oficial integrantes del Observatorio de Participaci\u00f3n Pol\u00edtica de\nlas Mujeres en M\u00e9xico (OPPMM) exigen fin a la impunidad de cara a la violencia\ncontra las mujeres y que se investigue y sancione a quienes son responsables de\nlas agresiones a mujeres en todos los espacios de la vida p\u00fablica y privada,\nespecialmente a los actos de violencia pol\u00edtica.<\/p>\n\n\n\n<p class=\"wp-block-paragraph\">Piden erradicar los prejuicios sexistas, la\nmisoginia y los estereotipos que obstaculizan toda participaci\u00f3n p\u00fablica -sea\nesta social, pol\u00edtica o comunitaria- de las ni\u00f1as y mujeres, mediante\ncomunicaci\u00f3n asertiva y compromiso de los medios de comunicaci\u00f3n como\ngeneradores de la opini\u00f3n p\u00fablica.<\/p>\n\n\n\n<p class=\"wp-block-paragraph\">Demandan ir m\u00e1s all\u00e1 de las estrategias punitivas y\na los partidos pol\u00edticos reparto equitativo de recursos para las candidaturas\nfemeninas; anuncian que dar\u00e1n seguimiento a la puesta en marcha de la\ntipificaci\u00f3n de la violencia pol\u00edtica y dicen que no permitir\u00e1n un paso atr\u00e1s.<\/p>\n\n\n\n<p class=\"wp-block-paragraph\">Los y las integrantes del Observatorio firmaron un\ncompromiso de lucha com\u00fan, exigiendo un <strong>#AltoALaViolenciaPol\u00edtica<\/strong>,\nen contra de las mujeres, acci\u00f3n a todas las agencias involucradas para que se\ntraduzcan en resultados positivos para prevenir, atender, sancionar y erradicar\nla violencia contra las mujeres.<\/p>\n\n\n\n<p class=\"wp-block-paragraph\">Se explican como un Grupo de Trabajo s\u00f3lido que,\ndesde su creaci\u00f3n en 2014, mantiene y refrenda un compromiso por el impulso,\npleno ejercicio y fortalecimiento de los derechos de ciudadan\u00eda de las mujeres.<\/p>\n\n\n\n<p class=\"wp-block-paragraph\">El posicionamiento para exigir fin a la impunidad es\nun acuerdo firmado durante su D\u00e9cima Cuarta Sesi\u00f3n, y sostienen como\nfundamental redoblar acciones concretas para coadyuvar a la eliminaci\u00f3n de la\nviolencia pol\u00edtica contra las mujeres.<\/p>\n\n\n\n<p class=\"wp-block-paragraph\">Es inusitada esta declaraci\u00f3n porque el OPPMM naci\u00f3\ncomo una iniciativa oficial en donde participan Instituciones, organizaciones\nde la sociedad civil, especialistas, representantes de partidos pol\u00edticos y de\nla academia. El compromiso se hace en el marco de los 16 D\u00edas de Activismo\nContra la Violencia de G\u00e9nero.<\/p>\n\n\n\n<p class=\"wp-block-paragraph\">El OPPMM est\u00e1 integrado por el Instituto Nacional de\nlas Mujeres INMUJERES, el Instituto Nacional Electoral INE y el Tribunal\nElectoral del Poder Judicial de la Federaci\u00f3n TEPJF, e integrado por instituciones\ndel Gobierno Federal, partidos pol\u00edticos, organizaciones de la sociedad civil,\norganismos internacionales y academia.<\/p>\n\n\n\n<p class=\"wp-block-paragraph\">En esa sesi\u00f3n de trabajo exigen justicia en contra\nde cualquier dicho y acto que atente contra la integridad y los derechos humanos\nde las mujeres. <\/p>\n\n\n\n<p class=\"wp-block-paragraph\">Expresan el compromiso de actuar desde cada uno de\nsus espacios, exigen congruencia a los partidos pol\u00edticos, trabajo real\ninterinstitucional, buena y clara comunicaci\u00f3n y compromiso de los medios de\ncomunicaci\u00f3n masiva.<\/p>\n\n\n\n<p class=\"wp-block-paragraph\">Mantener sus espacios de actuaci\u00f3n, plurales e\nincluyentes, por ello \u201calzamos la voz para exigir el fin de la impunidad,\ndenunciando para que se investigue y se sancione a quienes son responsables de\nlas agresiones a mujeres en todos los espacios de la vida p\u00fablica y privada\u201d.<\/p>\n\n\n\n<p class=\"wp-block-paragraph\">En 8 puntos exige reconsiderar acciones puntuales\nfrente a la violencia contra las mujeres:<\/p>\n\n\n\n<p class=\"wp-block-paragraph\">1. Fortalecer las rutas de actuaci\u00f3n\ninterinstitucionales para la atenci\u00f3n de la violencia pol\u00edtica contra las\nmujeres en raz\u00f3n de g\u00e9nero, que se traduzca en resultados positivos para\nprevenir, atender, sancionar y erradicarla.<\/p>\n\n\n\n<p class=\"wp-block-paragraph\">2. Poner \u00e9nfasis en la prevenci\u00f3n de la violencia\npol\u00edtica en raz\u00f3n de g\u00e9nero a trav\u00e9s de acciones de comunicaci\u00f3n y\nsensibilizaci\u00f3n dirigidas tanto a la opini\u00f3n p\u00fablica como a los partidos\npol\u00edticos con el fin de erradicar los prejuicios sexistas, la misoginia y los\nestereotipos que obstaculizan toda participaci\u00f3n p\u00fablica -sea esta social,\npol\u00edtica o comunitaria- de las ni\u00f1as y mujeres.<\/p>\n\n\n\n<p class=\"wp-block-paragraph\">3. Impulsar la tipificaci\u00f3n adecuada de la violencia\npol\u00edtica contra las mujeres en raz\u00f3n de g\u00e9nero que permita sanciones efectivas\nque inhiban, por una parte, estas conductas y, por otra, procuren la reparaci\u00f3n\ndel da\u00f1o a las v\u00edctimas y garant\u00edas de no repetici\u00f3n; incluyendo responsabilidades\ndirectas para los partidos pol\u00edticos.<\/p>\n\n\n\n<p class=\"wp-block-paragraph\">4. Desarrollar estrategias innovadoras de atenci\u00f3n\nde la violencia pol\u00edtica que, m\u00e1s all\u00e1 de la perspectiva punitiva, permitan una\nvisi\u00f3n integral de la problem\u00e1tica, sus causas y consecuencias sociales, as\u00ed\ncomo, su impacto en las v\u00edctimas, en la calidad de la democracia y en la\nsociedad en su conjunto.<\/p>\n\n\n\n<p class=\"wp-block-paragraph\">5. Implementar estrategias de comunicaci\u00f3n para que\nlas instituciones, junto con la sociedad civil, realicen campa\u00f1as en contra de\nla violencia pol\u00edtica en raz\u00f3n de g\u00e9nero; as\u00ed como, instar a los medios de\ncomunicaci\u00f3n para que los contenidos editoriales tengan perspectiva de g\u00e9nero y\nse encuentren libres de sexismo, discriminaci\u00f3n y violencia hacia las mujeres.<\/p>\n\n\n\n<p class=\"wp-block-paragraph\">6. Instar a los partidos pol\u00edticos a que, honrando\nlas nuevas disposiciones legales en materia de paridad, distribuyan a de manera\nigualitaria, entre mujeres y hombres, los recursos de las precampa\u00f1as y\ncampa\u00f1as e impulsen el aumento del recurso etiquetado para la promoci\u00f3n,\ncapacitaci\u00f3n y desarrollo del liderazgo de las mujeres.<\/p>\n\n\n\n<p class=\"wp-block-paragraph\">7. Crear un \u201cMecanismo de Monitoreo a nivel Nacional\nde los Casos de Violencia Pol\u00edtica hacia las Mujeres en Raz\u00f3n de G\u00e9nero\u201d, a fin\nde que las instituciones que atienden la materia dispongan de una base de datos\nque permita conocer la situaci\u00f3n de violaci\u00f3n de los derechos pol\u00edticos de las\nmujeres en cada estado. Adem\u00e1s, impulsar espacios de an\u00e1lisis\nmultidisciplinarios que permitan tener informaci\u00f3n sobre las instituciones\np\u00fablicas o privadas; as\u00ed como, los perfiles de quienes ejercen violencia\npol\u00edtica en raz\u00f3n de g\u00e9nero, para tomar decisiones basadas en evidencia y\ndise\u00f1ar pol\u00edticas p\u00fablicas que atiendan el problema.<\/p>\n\n\n\n<p class=\"wp-block-paragraph\">8. Promover, junto con los partidos pol\u00edticos,\nacciones y pol\u00edticas integrales de seguridad y paz para las mujeres al interior\nde sus institutos electorales, con la finalidad de que se conviertan en\nverdaderos actores de cambio para el efectivo ejercicio de derechos pol\u00edticos\nelectorales de todas.<\/p>\n\n\n\n<p class=\"wp-block-paragraph\">Finalmente, declaran que &nbsp;tras la reciente aprobaci\u00f3n en la C\u00e1mara de\nDiputadas y Diputados de la iniciativa de reforma a la Ley General en Materia\nde Delitos Electorales, que sanciona a quien por razones de g\u00e9nero menoscabe o\nanule el reconocimiento de los derechos pol\u00edtico electorales de las mujeres, se\nha dado un gran paso para garantizar el pleno ejercicio de nuestra ciudadan\u00eda,\npero es indispensable que este esfuerzo se consolide y que a la par tambi\u00e9n se\nconceptualice la violencia pol\u00edtica en raz\u00f3n de g\u00e9nero; por ello, daremos un\npuntual seguimiento y no permitiremos que haya marcha atr\u00e1s.<\/p>\n\n\n\n<p class=\"wp-block-paragraph\">Tambi\u00e9n reconocen a todas las personas que, de\nmanera incansable, est\u00e1n luchando para que la igualdad sustantiva sea una\nrealidad, para que la violencia de g\u00e9nero y las personas que la ejerzan, asuman\nlas consecuencias de sus acciones y las autoridades apliquen las leyes y las\npenas correspondientes. Y agregan: as\u00ed lograremos que todos los d\u00edas las\nmujeres, en cualquiera de sus \u00e1mbitos de vida, se sientan seguras de caminar\npor las calles, de participar en la vida p\u00fablica y pol\u00edtica y de tomar\ndecisiones de manera libre, sin temor y sin ning\u00fan tipo de violencia de g\u00e9nero\nen su contra.<\/p>\n\n\n\n<p class=\"wp-block-paragraph\"><strong>#As\u00edS\u00edSinViolencia<\/strong><\/p>\n\n\n\n<p class=\"wp-block-paragraph\"><strong>#AltoALaViolenciaPol\u00edtica<\/strong><\/p>\n\n\n\n<p class=\"wp-block-paragraph\"><strong>#NoEsElCosto<\/strong><\/p>\n\n\n\n<p class=\"wp-block-paragraph\">SEM\/ag\/sj<\/p>\n","protected":false},"excerpt":{"rendered":"<p>El Observatorio de Participaci\u00f3n Pol\u00edtica de las Mujeres firma un compromiso<\/p>\n","protected":false},"author":3,"featured_media":14833,"comment_status":"open","ping_status":"open","sticky":false,"template":"","format":"standard","meta":{"_monsterinsights_skip_tracking":false,"footnotes":""},"categories":[690,54],"tags":[],"class_list":["post-14832","post","type-post","status-publish","format-standard","has-post-thumbnail","category-690","category-mujeres"],"_links":{"self":[{"href":"https:\/\/redsemlac.com\/semmexico\/wp-json\/wp\/v2\/posts\/14832","targetHints":{"allow":["GET"]}}],"collection":[{"href":"https:\/\/redsemlac.com\/semmexico\/wp-json\/wp\/v2\/posts"}],"about":[{"href":"https:\/\/redsemlac.com\/semmexico\/wp-json\/wp\/v2\/types\/post"}],"author":[{"embeddable":true,"href":"https:\/\/redsemlac.com\/semmexico\/wp-json\/wp\/v2\/users\/3"}],"replies":[{"embeddable":true,"href":"https:\/\/redsemlac.com\/semmexico\/wp-json\/wp\/v2\/comments?post=14832"}],"version-history":[{"count":0,"href":"https:\/\/redsemlac.com\/semmexico\/wp-json\/wp\/v2\/posts\/14832\/revisions"}],"wp:featuredmedia":[{"embeddable":true,"href":"https:\/\/redsemlac.com\/semmexico\/wp-json\/wp\/v2\/media\/14833"}],"wp:attachment":[{"href":"https:\/\/redsemlac.com\/semmexico\/wp-json\/wp\/v2\/media?parent=14832"}],"wp:term":[{"taxonomy":"category","embeddable":true,"href":"https:\/\/redsemlac.com\/semmexico\/wp-json\/wp\/v2\/categories?post=14832"},{"taxonomy":"post_tag","embeddable":true,"href":"https:\/\/redsemlac.com\/semmexico\/wp-json\/wp\/v2\/tags?post=14832"}],"curies":[{"name":"wp","href":"https:\/\/api.w.org\/{rel}","templated":true}]}}