{"id":14826,"date":"2019-12-09T18:01:20","date_gmt":"2019-12-09T18:01:20","guid":{"rendered":"https:\/\/redsemlac.com\/semmexico\/?p=14826"},"modified":"2023-07-21T15:15:28","modified_gmt":"2023-07-21T20:15:28","slug":"erradicar-la-violencia-contra-las-mujeres-meta-y-objetivo-marcela-lagarde","status":"publish","type":"post","link":"https:\/\/redsemlac.com\/semmexico\/erradicar-la-violencia-contra-las-mujeres-meta-y-objetivo-marcela-lagarde\/","title":{"rendered":"Erradicar la violencia contra las mujeres, meta y objetivo: Marcela Lagarde"},"content":{"rendered":"\n<p class=\"wp-block-paragraph\"><strong>* Cr\u00edtica al gobierno que disminuye recursos a los\nrefugios como si fuera de derecha<\/strong><\/p>\n\n\n\n<p class=\"wp-block-paragraph\"><strong>&nbsp;* Habl\u00f3 a la Primera\ngeneraci\u00f3n del Diplomado de Pol\u00edtica Feminista<\/strong><\/p>\n\n\n\n<p class=\"wp-block-paragraph\"><strong>Elda Montiel<\/strong><\/p>\n\n\n\n<p class=\"wp-block-paragraph\">SemM\u00e9xico, Cd. de M\u00e9xico, 9\ndiciembre 2019.- Erradicar la violencia contra las mujeres es una meta, un\nobjetivo de la Ley General de Acceso de las Mujeres a una Vida Libre de Violencia\ny de las Alertas de G\u00e9nero, afirm\u00f3 Marcela Lagarde y de los R\u00edos quien dej\u00f3 en claro\nque no es lo mismo trabajar para erradicar esa violencia que simplemente para\ndisminuirla, en una cr\u00edtica al comportamiento de las autoridades.<\/p>\n\n\n\n<p class=\"wp-block-paragraph\">La feminista, antrop\u00f3loga, ex\nlegisladora, acad\u00e9mica, art\u00edfice de la palabra feminicidio en la academia e impulsora\nde la Ley de Acceso se opuso a negociar los presupuestos para eliminar la\nviolencia de g\u00e9nero, como es el caso del presupuesto para Los Refugios, cosa\nque se explicar\u00eda para un gobierno de derecha, pero no para un gobierno con\nmayor\u00eda de izquierdas.<\/p>\n\n\n\n<p class=\"wp-block-paragraph\">Dijo no entender que se lastime\nde esa manera un trabajo de erradicaci\u00f3n de la violencia, ya que los refugios\nque dan la atenci\u00f3n inmediata a mujeres en riesgo de perder la vida a ni\u00f1as,\nni\u00f1os y familia, son indispensables.<\/p>\n\n\n\n<p class=\"wp-block-paragraph\">Al analizar los efectos de la\nLey que ya tiene m\u00e1s de 12 a\u00f1os, propuso crear un solo consejo para que el\nfuncionariado trabaje por la igualdad y la erradicaci\u00f3n de la violencia a un\ntiempo.<\/p>\n\n\n\n<p class=\"wp-block-paragraph\">En larga intervenci\u00f3n ante un\ngrupo de mujeres que terminaron un diplomado, llam\u00f3 a las feministas a\nconseguir la desaparici\u00f3n de la violencia, a empoderarse para lograrlo. Les dej\u00f3\nen claro que de eso se trata, de quitar de ra\u00edz, eliminar, erradicar la\nviolencia contra las mujeres y reconoci\u00f3 que \u201ces una palabra que tiene mucha\nfuerza\u201d.<\/p>\n\n\n\n<div class=\"wp-block-image\"><figure class=\"alignright is-resized\"><img loading=\"lazy\" decoding=\"async\" src=\"https:\/\/redsemlac.com\/semmexico\/wp-content\/uploads\/2019\/12\/marcela-1-576x1024.jpeg\" alt=\"\" class=\"wp-image-14827\" width=\"300\" height=\"533\"\/><\/figure><\/div>\n\n\n\n<p class=\"wp-block-paragraph\">Propuso articular las leyes\ncomo la Ley de Igualdad entre Mujeres y Hombres, porque no puede ser que\nexistan un consejo nacional para cada Ley, consejos integrados por los\ntitulares de las 43 dependencias del gobierno, que dicen tienen mucho trabajo y\nnunca van y mandan representantes y entonces \u00bfQui\u00e9n toma decisiones?<\/p>\n\n\n\n<p class=\"wp-block-paragraph\">Reiter\u00f3, como lo hace en sus\npresentaciones que las feministas estamos presentes cada vez m\u00e1s, haciendo visible\nla violencia de g\u00e9nero, por lo urgi\u00f3 a las militantes a establecer una agenda de\nacciones, entre otras cosas para lograr que los recursos sean para todas,\ntanto, como los derechos a la libertad de tr\u00e1nsito, de trabajo, de pensamiento.\n<\/p>\n\n\n\n<p class=\"wp-block-paragraph\">\u201cNo podemos conformarnos con que s\u00f3lo sean para unas\ncuantas\u201d y puso como ejemplo el derecho a decidir \u201cs\u00f3lo en la Ciudad de M\u00e9xico\ny Oaxaca.<\/p>\n\n\n\n<p class=\"wp-block-paragraph\">Marcela Lagarde, amadrin\u00f3 a m\u00e1s\nde cien mujeres que constituyen la Primera Generaci\u00f3n de un diplomado que lleva\nsu nombre, \u201cDiplomado de Formaci\u00f3n Pol\u00edtica\nFeminista\u201d, primera acci\u00f3n de la Escuela de Formaci\u00f3n Pol\u00edtica Feminista\nHermila Galindo Acosta, del grupo Hermilas Feministas, realizado en colaboraci\u00f3n\ncon el Sindicato de Telefonistas de la Rep\u00fablica Mexicana, la Universidad\nAut\u00f3noma Metropolitana Xochimilco y la Campa\u00f1a Trabajo Digno Mujeres.<\/p>\n\n\n\n<p class=\"wp-block-paragraph\">Hablando a las feministas, Lagarde\ny de los R\u00edos destac\u00f3 que no estamos cambiando cualquier cosa, estamos cambiado\nel modo de vida de las personas, como antrop\u00f3loga, dijo que el modo de vida\nconstituye a las personas. Luego afirm\u00f3 que hay mucha oposici\u00f3n, incluso de\nquienes estamos de acuerdo porque nos resistimos al cambio<\/p>\n\n\n\n<p class=\"wp-block-paragraph\">Tambi\u00e9n se refiri\u00f3 al orgullo\nque significa para las feministas el por establecer cimientos para una nueva\ngobernanza democr\u00e1tica para las mujeres, aun cuando est\u00e1n siendo violentadas,\npero tambi\u00e9n para las mujeres que no viven violencias, al referirse a los\nalcances de la Ley General de Acceso a las Mujeres a una Vida Libre de\nViolencia.<\/p>\n\n\n\n<p class=\"wp-block-paragraph\">Impulsora de la Ley, cuando fue\ndiputada federal (2003-2006), se\u00f1al\u00f3 que este fue un logro de los movimientos\nfeministas, pero como los periodos legislativos son finitos, se\u00f1al\u00f3 que ya no\npudo seguir y las generaciones que la precedieron han hecho lo que han podido. &nbsp;<\/p>\n\n\n\n<p class=\"wp-block-paragraph\">Destac\u00f3 que, no obstante, las\nresistencias institucionales hoy como nunca antes ha habido tanto despliegue a\nfavor de una Ley transformadora de la realidad por todo lo que ha generado, las\nAlertas de Violencia de G\u00e9nero contra las Mujeres, los Centros de Justicia, los\nrefugios. &nbsp;<\/p>\n\n\n\n<p class=\"wp-block-paragraph\">Cuando hicimos la Ley federal\nincluimos que ten\u00eda que haber un presupuesto, \u00e9stos no se tienen que estar\nnegociando, por lo que se dijo muy sorprendida cuando se pretendi\u00f3 quitar el\nrecurso a los refugios. <\/p>\n\n\n\n<p class=\"wp-block-paragraph\">Expres\u00f3 que lo esperar\u00eda de un\ngobierno de derecha, pero no de un gobierno mayoritariamente de izquierda, de\nun gobierno democr\u00e1tico que lastime de esa manera un trabajo de erradicaci\u00f3n de\nla violencia, a trav\u00e9s de la atenci\u00f3n inmediata de la violencia que pone en\nriesgo la vida de mujeres, ni\u00f1as, ni\u00f1os y familia, eso es lo que son los\nrefugios un espacio para salvar la vida, un espacio para que no haya\nfeminicidios. <\/p>\n\n\n\n<p class=\"wp-block-paragraph\">A las feministas del diplomado\nles pidi\u00f3 que se empoderen que \u201cno se achicopalen\u201d que el esfuerzo vale la pena\ny est\u00e1 empezando a mostrar resultados.&nbsp;&nbsp; <\/p>\n\n\n\n<p class=\"wp-block-paragraph\">\u201cHe vivido las \u00faltimas d\u00e9cadas de mi vida dedicadas\na esto, por esas ni\u00f1as, esas j\u00f3venes, esas mujeres mayores, porque la opresi\u00f3n\nexiste, tanto como la explotaci\u00f3n econ\u00f3mica, sexual, eso es lo que queremos\nterminar. Por lo que las mujeres tenemos que hacer un triple esfuerzo al vivir\nen una sociedad mis\u00f3gina, tenemos que caminar juntas.&nbsp; <\/p>\n\n\n\n<p class=\"wp-block-paragraph\"><strong>Hijas de la Convenci\u00f3n Do Par\u00e1 <\/strong><\/p>\n\n\n\n<p class=\"wp-block-paragraph\">Enseguida dio su clase antropol\u00f3gica.\n\u201cSomos hijas de la Convenci\u00f3n Bel\u00e9n Do Para, que se estableci\u00f3 espec\u00edficamente\npara erradicar la violencia en 1994 que es la Convenci\u00f3n Interamericana para\nPrevenir, Sancionar y Erradicar la Violencia contra la Mujer. <\/p>\n\n\n\n<p class=\"wp-block-paragraph\">Primero fue la CEDAW, la Convenci\u00f3n sobre la Eliminaci\u00f3n de\nTodas las Formas de Discriminaci\u00f3n contra la Mujer , el tratado internacional\nde las Naciones Unidas firmado en 1979, que reconoce expresamente la\ndiscriminaci\u00f3n de la mujer por el hecho de serlo&nbsp; para eliminar la violencia, despu\u00e9s quedo\nclaro al cuerpo de&nbsp; funcionalidad apoyar\nesta pr\u00e1ctica de las feminista por erradicar, pensar medidas a&nbsp; corto y a largo plazo, como&nbsp; est\u00e1n pensadas en la Ley de Acceso para\ngenerar cambios institucionales<\/p>\n\n\n\n<p class=\"wp-block-paragraph\">Acerca de los movimientos feministas\nen M\u00e9xico, dijo, siempre ha habido, a veces languidecen por uno o dos a\u00f1os,\npero luego reverdecen, reorganiz\u00e1ndonos como fue el hecho para trabajar por los\nderechos reproductivos de las mujeres. La generaci\u00f3n a la que pertenezco luch\u00f3\npor la por el derecho a la Interrupci\u00f3n Legal del Embarazo (ILE), feministas,\ndiputadas y diputados, finalmente despu\u00e9s de 40 a\u00f1os se logr\u00f3 el derecho a la\ninterrupci\u00f3n del embarazo a las 12 semanas de gestaci\u00f3n. Ahora nos toca\nimpulsar los derechos humanos de las mujeres. <\/p>\n\n\n\n<p class=\"wp-block-paragraph\"><strong>La historia nos ense\u00f1a a identificar\nqu\u00e9 queremos y qu\u00e9 no queremos <\/strong><\/p>\n\n\n\n<p class=\"wp-block-paragraph\">En mi generaci\u00f3n fuimos\nautodidactas, no tuvimos maestras directas, nuestras maestras estaban en los\nlibros y estaban en la calle; conocer de las acciones que tuvieron que tomar en\nla historia, por eso es importante la historia, requerimos de esa historia para\npoder identificar qu\u00e9 queremos y que no queremos. <\/p>\n\n\n\n<p class=\"wp-block-paragraph\">Record\u00f3 a generaciones\nsignificadas por mujeres excepcionales como la pintora Mar\u00eda Izquierdo, Frida\nKahlo y Rosario Castellanos. <\/p>\n\n\n\n<p class=\"wp-block-paragraph\">Frida Kahlo formo parte del\nmovimiento feminista de los a\u00f1os 50 que buscaban el voto para poder participar\ncomo ciudadanas. La conocimos por su obra art\u00edstica pero casi nadie nos la\npresent\u00f3 como comunista y feminista. Form\u00f3 parte de un gran frente nacional de 50\nmil mujeres y tuvieron gran incidencia en el presidente L\u00e1zaro C\u00e1rdenas quien\ncomo Ejecutivo present\u00f3 una iniciativa para otorgar el voto a las mujeres y fue\nderrotado con argumentos tan retr\u00f3grados, como el de que las mujeres si votaban\nser\u00edan mandadas por los curas, como si las mujeres fu\u00e9ramos marionetas. Esta\nsituaci\u00f3n no fue exclusiva de nuestro pa\u00eds, igual suced\u00eda en otros pa\u00edses como\nen Italia.&nbsp; <\/p>\n\n\n\n<p class=\"wp-block-paragraph\">Otra distinguida feminista fue\nRosario Castellanos, la introductora del pensamiento de Simone de Beauvoir en\nM\u00e9xico, el mejor an\u00e1lisis de \u201cEl segundo sexo\u201d que he le\u00eddo es el de\nCastellanos. Fue la primera mujer mexicana que en un escrito relat\u00f3 que tuvo un\naborto.<\/p>\n\n\n\n<p class=\"wp-block-paragraph\">Lagarde recomend\u00f3 leer los tres\ntomos sumarios de la obra de Rosario Castellanos, escritos de una mujer muy\nligada al partido en el poder, con textos con los que nos podemos identificar\ntodas las mujeres, era una feminista progresista. Escribi\u00f3 un gran poema acerca\ndel 2 de octubre y luego se fue de embajadora a Israel donde muri\u00f3\naccidentalmente. <\/p>\n\n\n\n<p class=\"wp-block-paragraph\">Como un regalo a las reci\u00e9n\negresadas del diplomado les habl\u00f3 sobre la sororidad. Les dijo que a trav\u00e9s del\ntiempo se ha gestado en el feminismo una dimensi\u00f3n de la pol\u00edtica que busca la\nconfluencia y la sinton\u00eda entre las mujeres. Se trata de la sororidad, la\nalianza feminista entre las mujeres para cambiar la vida y el mundo con un\nsentido justo y libertario.<\/p>\n\n\n\n<p class=\"wp-block-paragraph\">La sororidad la pens\u00e9 desde hace 40 a\u00f1os, dijo, y\nles recomend\u00f3 a las presentes, dejar de pasar la voz patriarcal cuando decimos\na nuestras hijas o hijos \u201cvoy a hablar con tu pap\u00e1 para que te d\u00e9 permiso de\nsalir\u201d. &nbsp;<\/p>\n\n\n\n<p class=\"wp-block-paragraph\"><strong>La mujer de alas desplegadas, sello de sororidad<\/strong><\/p>\n\n\n\n<p class=\"wp-block-paragraph\">Explic\u00f3 que el prendedor que lleva puesto es una\nmujer de plata, art Nouveau, que encontr\u00f3 hace a\u00f1os en el mercado de pulgas de\nPar\u00eds y se convirti\u00f3 en el s\u00edmbolo de los Talleres Casandra y luego del primer\ndiplomado feminista que creo con la Fundaci\u00f3n Guatemala.<\/p>\n\n\n\n<p class=\"wp-block-paragraph\">Sus amigas de la vida lo convirtieron en s\u00edmbolo de\nsororidad. Al levantar sus brazos la mujer extiende sus faldas. La mujer\nlevanta sus faldas y evoca para Lagarde a la mujer de alas desplegadas de\nAlejandra Kolontay. Tambi\u00e9n recomend\u00f3 leer los textos de esta rusa comunista y\nfeminista, quien estuvo en M\u00e9xico en los a\u00f1os 20, Alejandra Kolontay. <\/p>\n\n\n\n<p class=\"wp-block-paragraph\">Por ser feministas hemos podido\nenfrentar avatares de la vida con creatividad. Hemos aprendido a vivir a favor\nde nosotras mismas y de la vida. Por la vida y la libertad de las mujeres,\nremat\u00f3.<\/p>\n\n\n\n<p class=\"wp-block-paragraph\">SEM\/em\/sl<\/p>\n","protected":false},"excerpt":{"rendered":"<p> Cr\u00edtica al gobierno que disminuye recursos a los refugios como si fuera de derecha<\/p>\n","protected":false},"author":3,"featured_media":14828,"comment_status":"open","ping_status":"open","sticky":false,"template":"","format":"standard","meta":{"_monsterinsights_skip_tracking":false,"footnotes":""},"categories":[690,54],"tags":[],"class_list":["post-14826","post","type-post","status-publish","format-standard","has-post-thumbnail","category-690","category-mujeres"],"_links":{"self":[{"href":"https:\/\/redsemlac.com\/semmexico\/wp-json\/wp\/v2\/posts\/14826","targetHints":{"allow":["GET"]}}],"collection":[{"href":"https:\/\/redsemlac.com\/semmexico\/wp-json\/wp\/v2\/posts"}],"about":[{"href":"https:\/\/redsemlac.com\/semmexico\/wp-json\/wp\/v2\/types\/post"}],"author":[{"embeddable":true,"href":"https:\/\/redsemlac.com\/semmexico\/wp-json\/wp\/v2\/users\/3"}],"replies":[{"embeddable":true,"href":"https:\/\/redsemlac.com\/semmexico\/wp-json\/wp\/v2\/comments?post=14826"}],"version-history":[{"count":0,"href":"https:\/\/redsemlac.com\/semmexico\/wp-json\/wp\/v2\/posts\/14826\/revisions"}],"wp:featuredmedia":[{"embeddable":true,"href":"https:\/\/redsemlac.com\/semmexico\/wp-json\/wp\/v2\/media\/14828"}],"wp:attachment":[{"href":"https:\/\/redsemlac.com\/semmexico\/wp-json\/wp\/v2\/media?parent=14826"}],"wp:term":[{"taxonomy":"category","embeddable":true,"href":"https:\/\/redsemlac.com\/semmexico\/wp-json\/wp\/v2\/categories?post=14826"},{"taxonomy":"post_tag","embeddable":true,"href":"https:\/\/redsemlac.com\/semmexico\/wp-json\/wp\/v2\/tags?post=14826"}],"curies":[{"name":"wp","href":"https:\/\/api.w.org\/{rel}","templated":true}]}}