{"id":14823,"date":"2019-12-09T17:56:34","date_gmt":"2019-12-09T17:56:34","guid":{"rendered":"https:\/\/redsemlac.com\/semmexico\/?p=14823"},"modified":"2023-07-21T15:15:28","modified_gmt":"2023-07-21T20:15:28","slug":"opinion-249","status":"publish","type":"post","link":"https:\/\/redsemlac.com\/semmexico\/opinion-249\/","title":{"rendered":"R\u00e1faga"},"content":{"rendered":"\n<h2 class=\"wp-block-heading\">\u00c1lvaro Carrillo, Mar\u00eda Callas y Alex Lora, en un 2 de diciembre<\/h2>\n\n\n\n<p class=\"wp-block-paragraph\"><strong>* Tres personajes del mundo art\u00edstico universal<\/strong><\/p>\n\n\n\n<p class=\"wp-block-paragraph\"><strong>Jorge Herrera Valenzuela<\/strong><\/p>\n\n\n\n<p class=\"wp-block-paragraph\">SemM\u00e9xico, 9 diciembre 2019.- Decid\u00ed principiar este\nmes de fiestas navide\u00f1as y de la despedida del 2019 con un comentario en torno\na tres personajes del mundo art\u00edstico universal. Esto con el fin de alejarnos\nun poco de los sinsabores que nos deja la creciente inseguridad, la artera\nmatanza de una familia de mormones, un enfrentamiento entre civiles y militares\nen tierra coahuilense y las cotidianas noticias de hallazgos de restos humanos\naqu\u00ed, all\u00e1 y acull\u00e1. <\/p>\n\n\n\n<p class=\"wp-block-paragraph\">No podr\u00e9 mantener la torpe posici\u00f3n del no ver y no\nir, cuando los sucesos sangrientos son el contenido de las noticias\nradiof\u00f3nicas y televisivas, tampoco mantendr\u00e9 la l\u00ednea de \u201cme hago de la vista\ngorda\u201d, sin embargo, demos un descanso de esas noticias. &nbsp;Por ello y revisando las efem\u00e9rides que re\u00fane\nmi dilecto amigo y colega Francisco Fonseca Notario, encontr\u00e9 que el 2 de\ndiciembre, de diferentes a\u00f1os, nacieron el compositor e int\u00e9rprete \u00c1lvaro\nCarrillo, la m\u00e1xima cantante de \u00f3pera en el siglo pasado Mar\u00eda Callas y el\nreconocido cantautor m\u00fasico Alex Lora. <\/p>\n\n\n\n<p class=\"wp-block-paragraph\"><strong>Agr\u00f3nomo rom\u00e1ntico compositor<\/strong><\/p>\n\n\n\n<p class=\"wp-block-paragraph\">En los a\u00f1os sesenta, fuerte \u00e9poca del romanticismo\nmusical, los tr\u00edos estaban en su esplendor y lo mismo ocurr\u00eda con los\ncantautores, as\u00ed como los int\u00e9rpretes. Cuco S\u00e1nchez, Pepe Jara, Marco Antonio\nMu\u00f1iz en diferentes estilos eran, entre otros, los que m\u00e1s sonaban en la radio\ny actuaban en los centros nocturnos. Pues a ese grupo a\u00f1ado el nombre del\noaxaque\u00f1o \u00c1lvaro Carrillo quien nos dej\u00f3 canciones como \u201cSabor a M\u00ed\u201d, \u201cEl\nAndariego\u201d, \u201cAmor M\u00edo\u201d, \u201cLuz de Luna\u201d, \u201cLa Mentira\u201d y s\u00famele usted hasta llegar\na unas 300 composiciones.<\/p>\n\n\n\n<p class=\"wp-block-paragraph\">\u00c1lvaro, naci\u00f3 en la rancher\u00eda de El Aguacatillo, en\nSan Juan Cacahuatepec, en la Costa Chica de Oaxaca, el 2 de diciembre de 1921 y\nalternaba sus estudios para titularse como ingeniero agr\u00f3nomo con vida\nart\u00edstica. Hombre sencillo, conversador, era un bohemio de primera y recuerdo la\namistad que comparti\u00f3 con su paisano y colega de profesi\u00f3n Norberto Aguirre\nPalancares, pol\u00edtico que fue jefe del Departamento Agrario en el sexenio de\nD\u00edaz Ordaz.<\/p>\n\n\n\n<p class=\"wp-block-paragraph\">Las composiciones de \u00c1lvaro Carrillo en poco tiempo\ncobraron sello internacional e inclusive en Jap\u00f3n fueron ampliamente difundidas\ny lo mismo en Europa. Por supuesto el impacto de sus melod\u00edas tambi\u00e9n se dej\u00f3\nsentir en todo M\u00e9xico. En Guerrero cultiv\u00f3 muchas amistades y precisamente del\nquerido profesor Caritino Maldonado era uno de sus amigos y lo invit\u00f3 a su toma\nde posesi\u00f3n como gobernador, era abril de 1969. Muere al regresar de ese\nevento.<\/p>\n\n\n\n<p class=\"wp-block-paragraph\">Junto con su esposa Ana Mar\u00eda Inchaust\u00e9gui Guzm\u00e1n y\nlos dos hijos de ambos, \u00c1lvaro retornaba de Chilpancingo a la Ciudad de M\u00e9xico.\nCerca de donde se ubica el H. Colegio Militar, en la autopista\nCuernavaca-M\u00e9xico, el conductor de una camioneta perdi\u00f3 el control y se meti\u00f3\nen sentido contrario, estrell\u00e1ndose contra el veh\u00edculo en que viajaba la\nfamilia Carrillo. Murieron el chofer, \u00c1lvaro y su esposa. Los menores \u00c1lvaro y\nMario sufrieron lesiones leves. Perd\u00edamos a uno de los \u00faltimos rom\u00e1nticos de la\ncanci\u00f3n. <\/p>\n\n\n\n<p class=\"wp-block-paragraph\"><strong>Onassis y Mar\u00eda Callas<\/strong><\/p>\n\n\n\n<p class=\"wp-block-paragraph\">Estaba por cumplir 54 a\u00f1os de edad cuando un infarto\nal miocardio le cort\u00f3 la existencia a \u201cLa Divina\u201d, la m\u00e1xima cantante de \u00f3pera\ndel Siglo XX: Mar\u00eda Callas que en su pasaporte el nombre era Mar\u00eda Anna Cecilia\nSophia Kalogeropoulos Dimistriadis, aunque naci\u00f3 el 2 de diciembre de 1923 en\nManhattan, adopt\u00f3 la nacionalidad griega de sus progenitores que, en calidad de\ninmigrantes, hab\u00edan llegado a Nueva York. Sus restos fueron inhumados en el\nCementerio de Pere Lachaise, en Par\u00eds.<\/p>\n\n\n\n<p class=\"wp-block-paragraph\">Al separarse sus pap\u00e1s, Mar\u00eda y uno de sus hermanos\njunto con su madre partieron para Grecia. La que ser\u00eda famosa cantante ten\u00eda 14\na\u00f1os de edad y el apellido Callas \u2013que mantuvo art\u00edsticamente- se origin\u00f3\nporque su padre ten\u00eda problemas para que pronunciaran el griego. Para 1942\nMar\u00eda estaba preparada para actuar y debut\u00f3 en Atenas y en 1954 retornar\u00eda a\nsuelo norteamericano para presentarse, por primera vez, en Chicago y dos a\u00f1os\nm\u00e1s tarde lo har\u00eda exitosamente en el Metropolitan Opera House de Nueva York. <\/p>\n\n\n\n<p class=\"wp-block-paragraph\">En su vida privada tuvo dos grandes amores. A los 26\na\u00f1os de edad se cas\u00f3 con el rico industrial y amante de la opera Giovanni\nBattista Meneghini. El matrimonio dur\u00f3 diez a\u00f1os. Durante un viaje en el yate\nde Arist\u00f3teles Onassis, todav\u00eda casada, Mar\u00eda Callas se prenda del naviero\ngriego y forman pareja hasta 1968 cuando \u201cAristo\u201d la deja para contraer\nmatrimonio con la no menos famosa Jacqueline Bouvier, la viuda del presidente\nJohn F. Kennedy, <\/p>\n\n\n\n<p class=\"wp-block-paragraph\">Mar\u00eda jam\u00e1s recuper\u00f3 la tranquilidad. Calific\u00f3 de\n\u201ctraidor\u201d a Onassis por abandonarla, manifestando que Jackie hab\u00eda logrado lo\nque ella pretendi\u00f3 mucho tiempo, ser esposa del griego. Se sinti\u00f3 sola,\ndeprimida y vivi\u00f3 en un departamento en Par\u00eds, donde muri\u00f3.<\/p>\n\n\n\n<p class=\"wp-block-paragraph\"><strong>Alex Lora, Chela y su hija<\/strong><\/p>\n\n\n\n<p class=\"wp-block-paragraph\">La tercera personalidad del ambiente art\u00edstico y que\nnaci\u00f3 un 2 de diciembre, es Alex Lora, hoy ya de 67 a\u00f1os de edad y con fama\ninternacional. Este cantautor y m\u00fasico es originario de la capital del Estado\nde Puebla y en su acta del Registro Civil se lee: Jos\u00e9 Alejandro Lora Serna, al\nque conocemos muy bien y se define como \u201cLora, sus liras y sus rolas\u201d que se\nconjunta con su adorada esposa Chela y su no menos querida hija Celia. Ellos\nson el famoso \u201cTri\u201d del ambiente musical mexicano.<\/p>\n\n\n\n<p class=\"wp-block-paragraph\">El hombre siempre ha sido espectacular no solamente\npor sus composiciones y la interpretaci\u00f3n de ellas, sino por la infinidad de\nocurrencias que sus fans le festejan con mucha euforia. Su grito muy cl\u00e1sico:\n\u201c\u00a1Mamaaa\u00e1 prende la tele que estoy saliendo!\u201d Tiene una composici\u00f3n dedicada a\nlas personas minusv\u00e1lidas, titulada \u201cLas piedras radiantes\u201d, en 1994 y a\nfinales del 98 compuso \u201cTodo me sale mal\u201d y en el 2001 nos entreg\u00f3 \u201cTriste\nCanci\u00f3n\u201d que interpret\u00f3 Miguel R\u00edos y las Estrellas del Rock Latino.<\/p>\n\n\n\n<p class=\"wp-block-paragraph\">Inicialmente con otros dos compa\u00f1eros integr\u00f3 Three\nSouls in My Mind que interpretaban canciones en ingl\u00e9s, de la autor\u00eda de Alex,\nporque era del \u201clenguaje en rock\u201d y en 1984 se desintegr\u00f3 la sociedad y nuestro\npersonaje fund\u00f3 su internacional \u201cTri\u201d, con el cual celebr\u00f3 sus primeros 30\na\u00f1os de artista en el Auditorio Nacional con sus miles de fan\u00e1ticos y para sus\n40 de estar en el medio, fue a Los \u00c1ngeles, California, donde devel\u00f3 una\nestatua con su figura. <\/p>\n\n\n\n<p class=\"wp-block-paragraph\">Mucho hay que escribir en torno a Alvaro Carrillo, a\nMar\u00eda Callas y a Alex Lora, cuyas carreras profesionales siguen y seguir\u00e1n\nvigentes. Son tres personajes que alcanzan no la inmortalidad sino el recuerdo\npermanente de los amantes de la m\u00fasica.&nbsp; <\/p>\n\n\n\n<p class=\"wp-block-paragraph\">jherrerav@live.com.mx<\/p>\n","protected":false},"excerpt":{"rendered":"<p>\u00c1lvaro Carrillo, Mar\u00eda Callas y Alex Lora, en un 2 de diciembre<\/p>\n","protected":false},"author":3,"featured_media":14824,"comment_status":"open","ping_status":"open","sticky":false,"template":"","format":"standard","meta":{"_monsterinsights_skip_tracking":false,"footnotes":""},"categories":[690,94,107],"tags":[],"class_list":["post-14823","post","type-post","status-publish","format-standard","has-post-thumbnail","category-690","category-jorge-herrera-valenzuela","category-rafaga"],"_links":{"self":[{"href":"https:\/\/redsemlac.com\/semmexico\/wp-json\/wp\/v2\/posts\/14823","targetHints":{"allow":["GET"]}}],"collection":[{"href":"https:\/\/redsemlac.com\/semmexico\/wp-json\/wp\/v2\/posts"}],"about":[{"href":"https:\/\/redsemlac.com\/semmexico\/wp-json\/wp\/v2\/types\/post"}],"author":[{"embeddable":true,"href":"https:\/\/redsemlac.com\/semmexico\/wp-json\/wp\/v2\/users\/3"}],"replies":[{"embeddable":true,"href":"https:\/\/redsemlac.com\/semmexico\/wp-json\/wp\/v2\/comments?post=14823"}],"version-history":[{"count":0,"href":"https:\/\/redsemlac.com\/semmexico\/wp-json\/wp\/v2\/posts\/14823\/revisions"}],"wp:featuredmedia":[{"embeddable":true,"href":"https:\/\/redsemlac.com\/semmexico\/wp-json\/wp\/v2\/media\/14824"}],"wp:attachment":[{"href":"https:\/\/redsemlac.com\/semmexico\/wp-json\/wp\/v2\/media?parent=14823"}],"wp:term":[{"taxonomy":"category","embeddable":true,"href":"https:\/\/redsemlac.com\/semmexico\/wp-json\/wp\/v2\/categories?post=14823"},{"taxonomy":"post_tag","embeddable":true,"href":"https:\/\/redsemlac.com\/semmexico\/wp-json\/wp\/v2\/tags?post=14823"}],"curies":[{"name":"wp","href":"https:\/\/api.w.org\/{rel}","templated":true}]}}