{"id":14805,"date":"2019-12-08T23:41:07","date_gmt":"2019-12-08T23:41:07","guid":{"rendered":"https:\/\/redsemlac.com\/semmexico\/?p=14805"},"modified":"2023-07-21T15:15:28","modified_gmt":"2023-07-21T20:15:28","slug":"impulsa-ricardo-monreal-cambios-a-ley-organica-del-poder-judicial-de-la-federacion","status":"publish","type":"post","link":"https:\/\/redsemlac.com\/semmexico\/impulsa-ricardo-monreal-cambios-a-ley-organica-del-poder-judicial-de-la-federacion\/","title":{"rendered":"Proponen protecci\u00f3n a v\u00edctimas de violencia de g\u00e9nero en procesos judiciales"},"content":{"rendered":"\n<ul class=\"wp-block-list\"><li><strong>Para expedir un protocolo de perspectiva de g\u00e9nero aplicable en\nlos procesos.<\/strong><\/li><li><strong>Pide sancionar a quienes incurran en responsabilidad penal o\nadministrativa<\/strong><\/li><\/ul>\n\n\n\n<p class=\"wp-block-paragraph\"><strong>Argelia Guevara<\/strong><\/p>\n\n\n\n<p class=\"wp-block-paragraph\">SemM\u00e9xico. Ciudad de M\u00e9xico. 08 de diciembre 2019.- Urge establecer\nmedidas de protecci\u00f3n a v\u00edctimas de violencia de g\u00e9nero durante los procesos\njudiciales. Ello obliga a modificar la Ley Org\u00e1nica del Poder Judicial de la Federaci\u00f3n\nanunci\u00f3 el coordinador del Grupo Parlamentario de Morena, senador Ricardo\nMonreal \u00c1vila.<\/p>\n\n\n\n<p class=\"wp-block-paragraph\">Propone que jueces y magistrados observen la perspectiva de g\u00e9nero\ncomo principio rector de todas sus actuaciones y decisiones al considerar como\ninaplazable redoblar esfuerzos para procurar el conocimiento, ejercicio y\ndefensa de los derechos de las mujeres en materia penal y robustecer el\nfuncionamiento del aparato de justicia con una perspectiva de g\u00e9nero.<\/p>\n\n\n\n<p class=\"wp-block-paragraph\">Cuando se trate de casos que involucren cualquier modalidad de violencia\ncontra las mujeres, esos funcionarios deber\u00e1n actuar con total diligencia para\ndisponer de herramientas de&nbsp;&nbsp; protecci\u00f3n\na las v\u00edctimas, garantizando&nbsp;su vida, su dignidad e integridad f\u00edsica.<\/p>\n\n\n\n<p class=\"wp-block-paragraph\">En caso de omitir dicho mandato legal, el funcionario judicial\nincurrir\u00e1 en la responsabilidad penal y administrativa que demarca la\nlegislaci\u00f3n conducente, se\u00f1ala la propuesta.<\/p>\n\n\n\n<p class=\"wp-block-paragraph\">El Consejo de la Judicatura Federal deber\u00e1 fomentar el estudio,\nconocimiento y observancia del derecho de las mujeres a una vida libre de\nviolencia. Igualmente deber\u00e1 expedir un Protocolo con perspectiva de g\u00e9nero\naplicable a todo el Poder Judicial de la Federaci\u00f3n.<\/p>\n\n\n\n<p class=\"wp-block-paragraph\">La iniciativa del senador Monreal \u00c1vila se\u00f1ala que, a pesar de los\nesfuerzos, persiste desigualdad en el acceso a la justicia entre hombres y\nmujeres, debido a la discriminaci\u00f3n y los prejuicios; incide la falta de\nrecursos y la desconfianza en el aparato jurisdiccional.<\/p>\n\n\n\n<p class=\"wp-block-paragraph\">Con la propuesta se busca disminuir el \u00edndice de asesinatos de mujeres\nen raz\u00f3n de g\u00e9nero, tanto como hacer frente a la violencia feminicida, un grave\nflagelo que afecta tanto a nuestra naci\u00f3n.<\/p>\n\n\n\n<p class=\"wp-block-paragraph\">Busca igualmente fomentar una mayor sensibilidad del aparato judicial\ny el establecimiento de medidas preventivas y no solo sancionatorias.<\/p>\n\n\n\n<p class=\"wp-block-paragraph\">El legislador refiere que de acuerdo a la Encuesta Nacional sobre la\nDin\u00e1mica de las Relaciones en los Hogares (ENDIREH) 2016, el 46 por ciento de\nlas mujeres no denuncian agresiones f\u00edsicas o sexuales porque las no las\nidentifican; ocho por ciento no denuncian por miedo a las consecuencias; ocho\npor ciento por verg\u00fcenza y cuatro por ciento por la desconfianza en el\ngobierno.<\/p>\n\n\n\n<p class=\"wp-block-paragraph\">En el documento se establece que el INEGI ha constatado que al menos\nel 88.4 por ciento de las mujeres que han sufrido alg\u00fan tipo de agresi\u00f3n, no\npresent\u00f3 la denuncia ni solicit\u00f3 apoyo. Estas agresiones, que pueden iniciar\ncon un grito en la mesa de la casa, en algunas ocasiones puede terminar en\nasesinato, resalta.<\/p>\n\n\n\n<p class=\"wp-block-paragraph\">La iniciativa destaca que en M\u00e9xico se ha presentado un incremento\nexponencial de la violencia contra las mujeres, menciona cifras diversas. La\nENDIREH encontr\u00f3 &nbsp;&nbsp;que en el pa\u00eds al\nmenos seis de cada 9 mujeres han enfrentado violencia alguna vez en su vida;\neste a\u00f1o ONU Mujeres inform\u00f3 de 10 asesinatos diarios, dos a\u00f1os atr\u00e1s eran 8.<\/p>\n\n\n\n<p class=\"wp-block-paragraph\">El 41,3 por ciento ha sido v\u00edctima de violencia sexual y, en su forma\nm\u00e1s extrema, nueve mujeres son asesinadas al d\u00eda.<\/p>\n\n\n\n<p class=\"wp-block-paragraph\">Por ello, es inaplazable redoblar esfuerzos para procurar el\nconocimiento, ejercicio y defensa de los derechos de las mujeres en materia\npenal y robustecer el funcionamiento del aparato de justicia en favor de ellas,\nque, en los \u00faltimos tiempos, ha resultado tan lastimado a causa de diversos\nactos de violencia, subraya el documento.<\/p>\n\n\n\n<p class=\"wp-block-paragraph\">SEM\/AG<\/p>\n\n\n\n<p class=\"wp-block-paragraph\"><\/p>\n\n\n","protected":false},"excerpt":{"rendered":"<p>Para expedir un protocolo de perspectiva de g\u00e9nero aplicable en los procesos.<\/p>\n","protected":false},"author":3,"featured_media":14807,"comment_status":"open","ping_status":"open","sticky":false,"template":"","format":"standard","meta":{"_monsterinsights_skip_tracking":false,"footnotes":""},"categories":[690,50],"tags":[],"class_list":["post-14805","post","type-post","status-publish","format-standard","has-post-thumbnail","category-690","category-congreso"],"_links":{"self":[{"href":"https:\/\/redsemlac.com\/semmexico\/wp-json\/wp\/v2\/posts\/14805","targetHints":{"allow":["GET"]}}],"collection":[{"href":"https:\/\/redsemlac.com\/semmexico\/wp-json\/wp\/v2\/posts"}],"about":[{"href":"https:\/\/redsemlac.com\/semmexico\/wp-json\/wp\/v2\/types\/post"}],"author":[{"embeddable":true,"href":"https:\/\/redsemlac.com\/semmexico\/wp-json\/wp\/v2\/users\/3"}],"replies":[{"embeddable":true,"href":"https:\/\/redsemlac.com\/semmexico\/wp-json\/wp\/v2\/comments?post=14805"}],"version-history":[{"count":0,"href":"https:\/\/redsemlac.com\/semmexico\/wp-json\/wp\/v2\/posts\/14805\/revisions"}],"wp:featuredmedia":[{"embeddable":true,"href":"https:\/\/redsemlac.com\/semmexico\/wp-json\/wp\/v2\/media\/14807"}],"wp:attachment":[{"href":"https:\/\/redsemlac.com\/semmexico\/wp-json\/wp\/v2\/media?parent=14805"}],"wp:term":[{"taxonomy":"category","embeddable":true,"href":"https:\/\/redsemlac.com\/semmexico\/wp-json\/wp\/v2\/categories?post=14805"},{"taxonomy":"post_tag","embeddable":true,"href":"https:\/\/redsemlac.com\/semmexico\/wp-json\/wp\/v2\/tags?post=14805"}],"curies":[{"name":"wp","href":"https:\/\/api.w.org\/{rel}","templated":true}]}}