{"id":14802,"date":"2019-12-08T23:19:07","date_gmt":"2019-12-08T23:19:07","guid":{"rendered":"https:\/\/redsemlac.com\/semmexico\/?p=14802"},"modified":"2023-07-21T15:15:28","modified_gmt":"2023-07-21T20:15:28","slug":"aracely-quispe-primera-mujer-latina-en-comandar-tres-misiones-en-la-nasa","status":"publish","type":"post","link":"https:\/\/redsemlac.com\/semmexico\/aracely-quispe-primera-mujer-latina-en-comandar-tres-misiones-en-la-nasa\/","title":{"rendered":"Aracely Quispe, primera mujer latina en comandar tres misiones en la Nasa"},"content":{"rendered":"\n<ul class=\"wp-block-list\"><li> La ingeniera astron\u00e1utica peruana as\u00ed marc\u00f3 la historia de los latinos. <\/li><\/ul>\n\n\n\n<p class=\"wp-block-paragraph\"><strong>Sindy Valbuena Larrota<\/strong><\/p>\n\n\n\n<p class=\"wp-block-paragraph\">SemM\u00e9xico\/RCN.  08 de diciembre 2019.- Aracely Quispe Neira es una ingeniera astron\u00e1utica peruana\u00a0que ha sido destacada en el \u00e1mbito cient\u00edfico como\u00a0la primera latina en comandar tres exitosas misiones de la Nasa.\u00a0Adem\u00e1s, dicha agencia espacial de Estados Unidos, la reconoce\u00a0como una \u201cprofesional que realiza una labor incre\u00edble inspirando a los j\u00f3venes en perseguir carreras Stem (Ciencia, tecnolog\u00eda, artes y matem\u00e1ticas en ingl\u00e9s)\u00bb.<\/p>\n\n\n\n<p class=\"wp-block-paragraph\">Este logro, entre otros, lo ha conseguido gracias a un trabajo que ha hecho desde muy peque\u00f1a con el apoyo de su familia. As\u00ed lo explic\u00f3 en una entrevista para RCN Radio.&nbsp;<\/p>\n\n\n\n<p class=\"wp-block-paragraph\">\u00abHe tenido la oportunidad de tener apoyo de mi familia, he sido proactiva, me gusta estudiar, vengo de padres separados pero siempre he tenido el apoyo\u00bb,\u00a0asegur\u00f3 Aracely.\u00a0<\/p>\n\n\n\n<p class=\"wp-block-paragraph\">Igualmente, indic\u00f3 que\u00a0el orgullo m\u00e1s grande que tiene es el de ser latina y mujer.\u00a0<\/p>\n\n\n\n<p class=\"wp-block-paragraph\">\u00abMe siento afortunada y muy orgullosa de ser latina, de ser mujer y de haber tenido la oportunidad de avanzar. No ha sido una tarea f\u00e1cil, todo empez\u00f3 por las limitaciones de carecer de recursos econ\u00f3micos y el segundo aspecto, es por ser mujer porque todav\u00eda existen estos paradigmas y estereotipos\u00bb, indic\u00f3.\u00a0<\/p>\n\n\n\n<p class=\"wp-block-paragraph\">Sin embargo, destac\u00f3 que en el exterior y especialmente en la Nasa hay una buena imagen de los colombianos y de los latinos,&nbsp;pues los ingenieros son respetados por su tenacidad en el trabajo.&nbsp;<\/p>\n\n\n\n<p class=\"wp-block-paragraph\">\u00abSe habla muy bien de los colombianos, de los que est\u00e1n empezando carreras espaciales, hay&nbsp; mucho respeto y apreciaci\u00f3n de este trabajo\u00bb, recalc\u00f3.<\/p>\n\n\n\n<p class=\"wp-block-paragraph\">Como resultado de sus estudios, Aracely ha logrado convertirse en la primera mujer latina en comandar tres\u00a0exitosas misiones: la primera es la Misi\u00f3n de medici\u00f3n a las lluvias tropicales (Trmm),\u00a0la segunda es\u00a0el Orbitador de Reconocimiento Lunar (LRO) y actualmente est\u00e1 en\u00a0la referente al Telescopio Espacial James Webb (Jwst)\u00a0que se lanzar\u00e1 pr\u00f3ximamente al espacio en 2021.<\/p>\n\n\n\n<p class=\"wp-block-paragraph\">Aracely es actualmente expositora oficial por la Agencia Espacial Nasa y el Departamento de Estado de los Estados Unidos, donde ha sido reconocida por su labor tanto en la agencia espacial como tambi\u00e9n en el \u00e1mbito social, pues ha liderado proyectos que apoyan a los j\u00f3venes que quieren hacer carreras cient\u00edficas.&nbsp;<\/p>\n\n\n\n<p class=\"wp-block-paragraph\">\u00abHemos realizado varios proyectos para llevar no solo el mensaje a la juventud y tambi\u00e9n para hablar de mi trabajo; me seleccionaron como persona biling\u00fce para llevar el mensaje a los hispanos en Estados Unidos\u00bb, explic\u00f3.&nbsp;<\/p>\n\n\n\n<p class=\"wp-block-paragraph\">Recientemente,\u00a0estuvo en Per\u00fa para llevar el mensaje de \u00e1nimo a los j\u00f3venes para que estudien y luchen por sus sue\u00f1os.\u00a0All\u00ed en los eventos que se realizaron en universidades y colegios, el cupo se llen\u00f3\u00a0ya que en su pa\u00eds la admiran por los logros que han permitido exaltar el nombre de su pa\u00eds\u00a0en la ciencia.\u00a0<\/p>\n\n\n\n<p class=\"wp-block-paragraph\">Una de las investigaciones ha sido la exploraci\u00f3n sobre\u00a0la desglaciaci\u00f3n de los nevados andinos del Per\u00fa\u00a0mediante im\u00e1genes satelitales de alta resoluci\u00f3n, un estudio que ha ayudado a concientizar al mundo en el tema de la desglaciaci\u00f3n y de sus impactos con el calentamiento global.<\/p>\n\n\n\n<p class=\"wp-block-paragraph\">\u00abSaludo a toda Colombia y les digo a estas mujeres y ni\u00f1as luchadoras que as\u00ed como yo, cada d\u00eda&nbsp;aunque no sea f\u00e1cil, estoy todav\u00eda luchando; estoy haciendo mi doctorado y me grad\u00fao el otro a\u00f1o. Si es posible los sue\u00f1os, hay que tener mucha perseverancia y optimismo\u00bb, fue el mensaje de Aracely a los ni\u00f1os y j\u00f3venes colombianos.&nbsp;<\/p>\n\n\n\n<p class=\"wp-block-paragraph\">Esta ingeniera peruana estar\u00e1 en Colombia en el &#8216;Foro Revoluci\u00f3n en la Era Digital &#8211; La\u00a0transformaci\u00f3n del futuro es 5G&#8217;, el cual fue organizado por\u00a0TigoUne, con el apoyo de Cintel y la Pontificia Universidad Javeriana.<\/p>\n\n\n\n<p class=\"wp-block-paragraph\">SEM-RCN<\/p>\n","protected":false},"excerpt":{"rendered":"<p>La ingeniera astron\u00e1utica peruana as\u00ed marc\u00f3 la historia de los latinos.<\/p>\n","protected":false},"author":3,"featured_media":14803,"comment_status":"open","ping_status":"open","sticky":false,"template":"","format":"standard","meta":{"_monsterinsights_skip_tracking":false,"footnotes":""},"categories":[690,56],"tags":[],"class_list":["post-14802","post","type-post","status-publish","format-standard","has-post-thumbnail","category-690","category-redes"],"_links":{"self":[{"href":"https:\/\/redsemlac.com\/semmexico\/wp-json\/wp\/v2\/posts\/14802","targetHints":{"allow":["GET"]}}],"collection":[{"href":"https:\/\/redsemlac.com\/semmexico\/wp-json\/wp\/v2\/posts"}],"about":[{"href":"https:\/\/redsemlac.com\/semmexico\/wp-json\/wp\/v2\/types\/post"}],"author":[{"embeddable":true,"href":"https:\/\/redsemlac.com\/semmexico\/wp-json\/wp\/v2\/users\/3"}],"replies":[{"embeddable":true,"href":"https:\/\/redsemlac.com\/semmexico\/wp-json\/wp\/v2\/comments?post=14802"}],"version-history":[{"count":0,"href":"https:\/\/redsemlac.com\/semmexico\/wp-json\/wp\/v2\/posts\/14802\/revisions"}],"wp:featuredmedia":[{"embeddable":true,"href":"https:\/\/redsemlac.com\/semmexico\/wp-json\/wp\/v2\/media\/14803"}],"wp:attachment":[{"href":"https:\/\/redsemlac.com\/semmexico\/wp-json\/wp\/v2\/media?parent=14802"}],"wp:term":[{"taxonomy":"category","embeddable":true,"href":"https:\/\/redsemlac.com\/semmexico\/wp-json\/wp\/v2\/categories?post=14802"},{"taxonomy":"post_tag","embeddable":true,"href":"https:\/\/redsemlac.com\/semmexico\/wp-json\/wp\/v2\/tags?post=14802"}],"curies":[{"name":"wp","href":"https:\/\/api.w.org\/{rel}","templated":true}]}}