{"id":14793,"date":"2019-12-06T18:22:57","date_gmt":"2019-12-06T18:22:57","guid":{"rendered":"https:\/\/redsemlac.com\/semmexico\/?p=14793"},"modified":"2023-07-21T15:15:28","modified_gmt":"2023-07-21T20:15:28","slug":"patricia-mercado-promueve-foro-igualdad-salarial-entre-mujeres-y-hombres","status":"publish","type":"post","link":"https:\/\/redsemlac.com\/semmexico\/patricia-mercado-promueve-foro-igualdad-salarial-entre-mujeres-y-hombres\/","title":{"rendered":"Patricia Mercado promueve Foro Igualdad Salarial entre Mujeres y Hombres"},"content":{"rendered":"\n<ul class=\"wp-block-list\"><li><strong>Desigualdades laborales son actos de discriminaci\u00f3n individuales y colectivos<\/strong><\/li><\/ul>\n\n\n\n<p class=\"wp-block-paragraph\"><strong>Elda Montiel<\/strong><\/p>\n\n\n\n<p class=\"wp-block-paragraph\">SemM\u00e9xico. Cd. de M\u00e9xico. 6 de diciembre de 2019.- Legisladoras de las diferentes fracciones parlamentarias dieron a conocer la \u201cDeclaraci\u00f3n de la Coalici\u00f3n por la igualdad salarial en M\u00e9xico\u201d con el objetivo de romper la brecha salarial de g\u00e9nero, como resultado del Foro \u201cHacia la igualdad salarial entre mujeres y hombres\u201d, impulsada por la senadora Patricia Mercado.&nbsp;&nbsp;<\/p>\n\n\n\n<p class=\"wp-block-paragraph\">En la Declaraci\u00f3n se reconoce que las&nbsp;desigualdades, constituyen actos de discriminaci\u00f3n, individuales y colectivos, que se interponen en el camino hacia la igualdad sustantiva e impiden materializar los derechos humanos que M\u00e9xico ha reconocido en su orden jur\u00eddico.<\/p>\n\n\n\n<p class=\"wp-block-paragraph\">As\u00ed como el desaf\u00edo que representa la brecha salarial de g\u00e9nero, y las manifestaciones de desigualdad entre hombres y mujeres en el \u00e1mbito laboral, como son el reparto desigual de las tareas del hogar, la insuficiencia de instrumentos para hacer compatible el trabajo con el embarazo, la maternidad y el cuidado de personas, las posibilidades de ascenso, y de continuaci\u00f3n de carreras profesionales, entre otras.<\/p>\n\n\n\n<p class=\"wp-block-paragraph\">Tanto la legisladora Patricia Mercado como las senadoras y diputadas se pronunciaron por adoptar la igualdad de remuneraci\u00f3n por trabajo de igual valor como un componente del trabajo digno y decente, que implica tambi\u00e9n el disfrute de prestaciones y servicios de seguridad social, asistencia y cuidados.<\/p>\n\n\n\n<p class=\"wp-block-paragraph\">As\u00ed&nbsp;como la importancia de fomentar la corresponsabilidad de hombres y mujeres en el reparto de tareas de cuidado y del hogar y de todos los sectores en el&nbsp;\u00e1mbito&nbsp;laboral.<\/p>\n\n\n\n<p class=\"wp-block-paragraph\">En la Declaraci\u00f3n se propone la incorporaci\u00f3n transversal de los convenios y recomendaciones de la Organizaci\u00f3n Internacional del Trabajo (OIT) en la legislaci\u00f3n y en las pol\u00edticas p\u00fablicas, as\u00ed como las mejores pr\u00e1cticas en la materia a nivel internacional.<\/p>\n\n\n\n<p class=\"wp-block-paragraph\">En materia legislativa proponen aprobar las iniciativas a nivel federal y estatal que contribuyan a avanzar en la igualdad de remuneraci\u00f3n y de oportunidades con una visi\u00f3n de g\u00e9nero.<\/p>\n\n\n\n<p class=\"wp-block-paragraph\">La Declaraci\u00f3n argumenta que la igualdad sustantiva es prioritaria en la construcci\u00f3n de una sociedad democr\u00e1tica, por lo cual se compromete a impulsar la continuaci\u00f3n progresiva de la legislaci\u00f3n y las pol\u00edticas sobre los derechos de las personas trabajadoras del hogar.<\/p>\n\n\n\n<p class=\"wp-block-paragraph\">As\u00ed como impulsar el dialogo entre las autoridades, sectores empresarial y sindical, las Organizaciones de la Sociedad Civil, y la academia para promover acciones dirigidas tanto a la conciliaci\u00f3n entre trabajo y familia, como el acceso de las mujeres a cargos directivos, y a la ampliaci\u00f3n de servicios de seguridad social, asistencia y de cuidado.&nbsp;&nbsp;<\/p>\n\n\n\n<p class=\"wp-block-paragraph\">Destaca que, es importante la vigilancia en el desarrollo de las pol\u00edticas p\u00fablicas en materia de inserci\u00f3n laboral, contrataci\u00f3n colectiva, justicia laboral, promoci\u00f3n del empleo, formaci\u00f3n, seguridad social, cuidado y asistencia, as\u00ed como en los programas sociales dedicados a las mujeres y las familias.<\/p>\n\n\n\n<p class=\"wp-block-paragraph\">Reconoce la importancia de reunir datos estad\u00edsticos, informaci\u00f3n y estudios en esta materia en espec\u00edfico, a fin de contar con elementos que den cuenta de las dimensiones de la desigualdad entre mujeres y hombres.<\/p>\n\n\n\n<p class=\"wp-block-paragraph\">La Declaraci\u00f3n fue firmada por las senadoras Patricia Mercado, Martha Luc\u00eda Micher, Vanessa Rubio, Nancy De la Sierra, Ver\u00f3nica Delgadillo, Indira Kempis, Alejandra Lagunes, Kenia L\u00f3pez Rabad\u00e1n y las diputadas federales Annia Sarah\u00ed G\u00f3mez, Irma Ter\u00e1n y Lorena Villavicencio.<\/p>\n\n\n\n<p class=\"wp-block-paragraph\">El Foro fue organizado en coordinaci\u00f3n con la Secretar\u00eda de Relaciones Exteriores, la Organizaci\u00f3n Internacional del Trabajo y ONU-Mujeres.<\/p>\n\n\n\n<p class=\"wp-block-paragraph\">El foro se llev\u00f3 a cabo en la sede de la Secretaria de Relaciones Exteriores (SRE) con la presencia del titular, Marcelo Ebrard, y el secretario de Hacienda y Cr\u00e9dito P\u00fablico, Arturo Herrera, as\u00ed como Nadine Gasman, titular del Inmujeres; Gerardina Gonz\u00e1lez, directora de la oficina de la Organizaci\u00f3n Internacional del Trabajo (OIT) para M\u00e9xico y Cuba; Roberto Mart\u00ednez, director de la OCDE para M\u00e9xico.<\/p>\n\n\n\n<p class=\"wp-block-paragraph\">As\u00ed como Martha Delgado, subsecretaria de Asuntos Multilaterales y DD.HH. de la SER y&nbsp;&nbsp;la diputada Laura Rojas, presidenta de la C\u00e1mara de Diputados.<\/p>\n\n\n\n<p class=\"wp-block-paragraph\">As\u00ed como las senadoras Martha Luc\u00eda Micher, presidenta de la Comisi\u00f3n de Igualdad en el Senado, y Wendy Brice\u00f1o, presidenta de la Comisi\u00f3n de Igualdad en la C\u00e1mara de Diputados.<\/p>\n\n\n\n<p class=\"wp-block-paragraph\">En esta oportunidad, la OIT present\u00f3 el Informe Mundial de Salarios 2018\/2019, que incluye un diagn\u00f3stico sobre la desigualdad salarial entre mujeres y hombres, la cual se ubica en 15% en M\u00e9xico en el terreno del empleo formal, pero sube hasta 45% cuando se considera el trabajo informal.<\/p>\n\n\n\n<p class=\"wp-block-paragraph\">Como parte de las actividades de trabajo hacia la igualdad salarial, la OIT imparte en la sede del Senado de la Rep\u00fablica, el \u201cTaller sobre conceptos clave y herramientas sobre la igualdad de remuneraci\u00f3n entre hombres y mujeres\u201d.<\/p>\n\n\n","protected":false},"excerpt":{"rendered":"<p>Desigualdades laborales son actos de discriminaci\u00f3n individuales y colectivos<\/p>\n","protected":false},"author":3,"featured_media":14794,"comment_status":"open","ping_status":"open","sticky":false,"template":"","format":"standard","meta":{"_monsterinsights_skip_tracking":false,"footnotes":""},"categories":[690,50],"tags":[],"class_list":["post-14793","post","type-post","status-publish","format-standard","has-post-thumbnail","category-690","category-congreso"],"_links":{"self":[{"href":"https:\/\/redsemlac.com\/semmexico\/wp-json\/wp\/v2\/posts\/14793","targetHints":{"allow":["GET"]}}],"collection":[{"href":"https:\/\/redsemlac.com\/semmexico\/wp-json\/wp\/v2\/posts"}],"about":[{"href":"https:\/\/redsemlac.com\/semmexico\/wp-json\/wp\/v2\/types\/post"}],"author":[{"embeddable":true,"href":"https:\/\/redsemlac.com\/semmexico\/wp-json\/wp\/v2\/users\/3"}],"replies":[{"embeddable":true,"href":"https:\/\/redsemlac.com\/semmexico\/wp-json\/wp\/v2\/comments?post=14793"}],"version-history":[{"count":0,"href":"https:\/\/redsemlac.com\/semmexico\/wp-json\/wp\/v2\/posts\/14793\/revisions"}],"wp:featuredmedia":[{"embeddable":true,"href":"https:\/\/redsemlac.com\/semmexico\/wp-json\/wp\/v2\/media\/14794"}],"wp:attachment":[{"href":"https:\/\/redsemlac.com\/semmexico\/wp-json\/wp\/v2\/media?parent=14793"}],"wp:term":[{"taxonomy":"category","embeddable":true,"href":"https:\/\/redsemlac.com\/semmexico\/wp-json\/wp\/v2\/categories?post=14793"},{"taxonomy":"post_tag","embeddable":true,"href":"https:\/\/redsemlac.com\/semmexico\/wp-json\/wp\/v2\/tags?post=14793"}],"curies":[{"name":"wp","href":"https:\/\/api.w.org\/{rel}","templated":true}]}}